{"id":298162,"date":"2025-12-20T16:19:10","date_gmt":"2025-12-20T16:19:10","guid":{"rendered":"https:\/\/www.europesays.com\/es\/298162\/"},"modified":"2025-12-20T16:19:10","modified_gmt":"2025-12-20T16:19:10","slug":"san-jose-era-el-chico-que-me-gustaba-y-resulto-ser-un-primo-lejano","status":"publish","type":"post","link":"https:\/\/www.europesays.com\/es\/298162\/","title":{"rendered":"\u201cSan Jos\u00e9 era el chico que me gustaba y result\u00f3 ser un primo lejano\u201d"},"content":{"rendered":"<p>A medida que se acerca la <b>Navidad<\/b>, llegan las <b>funciones <\/b>navide\u00f1as en los <b>colegios<\/b>, y Pablo Motos ha arrancado la \u00faltima tertulia de actualidad de El Hormiguero del a\u00f1o ense\u00f1ando una tierna foto en la que aparece una peque\u00f1a Tamara Falc\u00f3.<\/p>\n<p>Est\u00e1 disfrazada de la <b>Virgen Mar\u00eda<\/b>, y tiene en sus brazos la <b>figura de Jes\u00fas<\/b>. Parece una verdadera estampa de Navidad, y los compa\u00f1eros se sorprenden al ver a Tamara tan peque\u00f1a.<\/p>\n<p>La tertuliana comenta que, para una funci\u00f3n escolar, se disfraz\u00f3 de la <b>Virgen Mar\u00eda<\/b>, un acto que tuvo mucho <b>salseo <\/b>por lo que a\u00f1adi\u00f3 m\u00e1s adelante: <b>\u201cSan Jos\u00e9 era el chico que me gustaba\u201d<\/b>, ha confesado.<\/p>\n<p>Los comentarios de asombro sobrevolaron la mesa de El Hormiguero. <b>\u201cComo eras la Virgen, no te pod\u00edas enrollar con \u00e9l\u201d<\/b>, se\u00f1ala <b>Barrancas<\/b>, provocando las risas de Tamara.<\/p>\n<p>Aunque la an\u00e9cdota no se qued\u00f3 ah\u00ed, pues la tertuliana a\u00f1adi\u00f3 que algo m\u00e1s le un\u00eda a ese chico:<b> \u201cResult\u00f3 ser un primo lejano\u201d<\/b>, ha comentado <b>Tamara Falc\u00f3<\/b>, logrando que el resto de la mesa se sorprendiese a\u00fan m\u00e1s con esta historia. <b>\u00a1Haz clic en el v\u00eddeo y no te pierdas nada! <\/b><\/p>\n","protected":false},"excerpt":{"rendered":"A medida que se acerca la Navidad, llegan las funciones navide\u00f1as en los colegios, y Pablo Motos ha&hellip;\n","protected":false},"author":2,"featured_media":298163,"comment_status":"","ping_status":"","sticky":false,"template":"","format":"standard","meta":{"footnotes":""},"categories":[171],"tags":[146,147,25,24,23,214],"class_list":{"0":"post-298162","1":"post","2":"type-post","3":"status-publish","4":"format-standard","5":"has-post-thumbnail","7":"category-tv","8":"tag-entertainment","9":"tag-entretenimiento","10":"tag-es","11":"tag-espana","12":"tag-spain","13":"tag-tv"},"share_on_mastodon":{"url":"https:\/\/pubeurope.com\/@es\/115752807173220943","error":""},"_links":{"self":[{"href":"https:\/\/www.europesays.com\/es\/wp-json\/wp\/v2\/posts\/298162","targetHints":{"allow":["GET"]}}],"collection":[{"href":"https:\/\/www.europesays.com\/es\/wp-json\/wp\/v2\/posts"}],"about":[{"href":"https:\/\/www.europesays.com\/es\/wp-json\/wp\/v2\/types\/post"}],"author":[{"embeddable":true,"href":"https:\/\/www.europesays.com\/es\/wp-json\/wp\/v2\/users\/2"}],"replies":[{"embeddable":true,"href":"https:\/\/www.europesays.com\/es\/wp-json\/wp\/v2\/comments?post=298162"}],"version-history":[{"count":0,"href":"https:\/\/www.europesays.com\/es\/wp-json\/wp\/v2\/posts\/298162\/revisions"}],"wp:featuredmedia":[{"embeddable":true,"href":"https:\/\/www.europesays.com\/es\/wp-json\/wp\/v2\/media\/298163"}],"wp:attachment":[{"href":"https:\/\/www.europesays.com\/es\/wp-json\/wp\/v2\/media?parent=298162"}],"wp:term":[{"taxonomy":"category","embeddable":true,"href":"https:\/\/www.europesays.com\/es\/wp-json\/wp\/v2\/categories?post=298162"},{"taxonomy":"post_tag","embeddable":true,"href":"https:\/\/www.europesays.com\/es\/wp-json\/wp\/v2\/tags?post=298162"}],"curies":[{"name":"wp","href":"https:\/\/api.w.org\/{rel}","templated":true}]}}