{"id":298164,"date":"2025-12-20T16:20:13","date_gmt":"2025-12-20T16:20:13","guid":{"rendered":"https:\/\/www.europesays.com\/es\/298164\/"},"modified":"2025-12-20T16:20:13","modified_gmt":"2025-12-20T16:20:13","slug":"hofner-la-fabrica-detras-del-mitico-bajo-de-paul-mccartney-se-declaro-en-quiebra","status":"publish","type":"post","link":"https:\/\/www.europesays.com\/es\/298164\/","title":{"rendered":"H\u00f6fner, la f\u00e1brica detr\u00e1s del m\u00edtico bajo de Paul McCartney, se declar\u00f3 en quiebra"},"content":{"rendered":"<p>Esta semana, <strong>Paul McCartney<\/strong> <strong>expres\u00f3 su dolor por el cierre de<\/strong> <strong>H\u00f6fner<\/strong>, la m\u00edtica f\u00e1brica alemana de instrumentos que dio vida al ic\u00f3nico bajo viol\u00edn 500\/1, inseparable de la imagen y el sonido del ex Beatle desde los primeros a\u00f1os de la banda de Liverpool. <strong>El v\u00ednculo entre McCartney y H\u00f6fner se remonta a 1961, cuando con apenas 18 a\u00f1os compr\u00f3 su primer bajo en Hamburgo por 30 libras<\/strong>. <\/p>\n<p>Ese instrumento se convertir\u00eda en su herramienta principal durante toda la etapa de The Beatles y en una de las siluetas m\u00e1s reconocibles de la historia del rock. El bajo <a href=\"https:\/\/indiehoy.com\/noticias\/campana-para-encontrar-primer-bajo-paul-mccartney\/\" target=\"_blank\" rel=\"noreferrer noopener nofollow\">fue robado en 1972<\/a> y, m\u00e1s de medio siglo despu\u00e9s, <a href=\"https:\/\/indiehoy.com\/noticias\/encuentran-el-bajo-perdido-de-paul-mccartney\/\" target=\"_blank\" rel=\"noreferrer noopener nofollow\">regres\u00f3 a manos de su due\u00f1o original<\/a> tras ser hallado en un \u00e1tico.<\/p>\n<p>Seg\u00fan inform\u00f3 <a href=\"https:\/\/guitar.com\/news\/industry-news\/hofner-files-for-bankruptcy\/\" target=\"_blank\" rel=\"noreferrer noopener nofollow\">Guitar.com<\/a>, <strong>H\u00f6fner present\u00f3 la quiebra y qued\u00f3 bajo una \u201cadministraci\u00f3n provisional por insolvencia\u201d<\/strong>. Fundada en 1887 por <strong>Karl H\u00f6fner<\/strong>, la compa\u00f1\u00eda atraves\u00f3 distintas etapas y propietarios a lo largo de su extensa trayectoria, incluyendo su venta al grupo Boosey &amp; Hawkes en 1994. Pese a su peso hist\u00f3rico en la industria, la firma no logr\u00f3 sostener su actividad en el contexto actual.<\/p>\n<blockquote class=\"instagram-media\" data-instgrm-captioned=\"\" data-instgrm-permalink=\"https:\/\/www.instagram.com\/p\/DSaV6jIiuLd\/?utm_source=ig_embed&amp;utm_campaign=loading\" data-instgrm-version=\"14\" style=\" background:#FFF; border:0; border-radius:3px; box-shadow:0 0 1px 0 rgba(0,0,0,0.5),0 1px 10px 0 rgba(0,0,0,0.15); margin: 1px; max-width:540px; min-width:326px; padding:0; width:99.375%; width:-webkit-calc(100% - 2px); width:calc(100% - 2px);\"\/>\n<p>A trav\u00e9s de su cuenta de Instagram, McCartney le dedic\u00f3 un emotivo mensaje de despedida a la marca:<\/p>\n<blockquote class=\"wp-block-quote is-layout-flow wp-block-quote-is-layout-flow\">\n<p>\u00abEs muy triste ver que H\u00f6fner cierre. Han fabricado instrumentos durante m\u00e1s de 100 a\u00f1os, y compr\u00e9 mi primer bajo H\u00f6fner en los sesenta. Lo he amado desde entonces. Es un instrumento maravilloso para tocar: liviano, y que me anima a tocar con libertad. Tambi\u00e9n ofrece agradables variaciones de tono que disfruto mucho. Mis condolencias a todos en H\u00f6fner y gracias por toda su ayuda a lo largo de los a\u00f1os\u201d.<\/p>\n<\/blockquote>\n<p>Hace algunos meses, <a href=\"https:\/\/variety.com\/2025\/film\/global\/paul-mccartney-stolen-guitar-documentary-superman-bbc-1236506795\/\" target=\"_blank\" rel=\"noreferrer noopener nofollow\">Variety <\/a>adelant\u00f3 que el instrumento perdido y recuperado de McCartney ser\u00e1 el eje de un documental dirigido por Arthur Cary, el cual explorar\u00e1 no solo la odisea del bajo, sino tambi\u00e9n su impacto cultural y simb\u00f3lico en la historia de la m\u00fasica popular.<\/p>\n<p>\t<script async src=\"\/\/www.instagram.com\/embed.js\"><\/script><\/p>\n","protected":false},"excerpt":{"rendered":"Esta semana, Paul McCartney expres\u00f3 su dolor por el cierre de H\u00f6fner, la m\u00edtica f\u00e1brica alemana de instrumentos&hellip;\n","protected":false},"author":2,"featured_media":298165,"comment_status":"","ping_status":"","sticky":false,"template":"","format":"standard","meta":{"footnotes":""},"categories":[170],"tags":[146,147,25,24,184,185,9030,23],"class_list":{"0":"post-298164","1":"post","2":"type-post","3":"status-publish","4":"format-standard","5":"has-post-thumbnail","7":"category-musica","8":"tag-entertainment","9":"tag-entretenimiento","10":"tag-es","11":"tag-espana","12":"tag-music","13":"tag-musica","14":"tag-paul-mccartney","15":"tag-spain"},"share_on_mastodon":{"url":"https:\/\/pubeurope.com\/@es\/115752811366123276","error":""},"_links":{"self":[{"href":"https:\/\/www.europesays.com\/es\/wp-json\/wp\/v2\/posts\/298164","targetHints":{"allow":["GET"]}}],"collection":[{"href":"https:\/\/www.europesays.com\/es\/wp-json\/wp\/v2\/posts"}],"about":[{"href":"https:\/\/www.europesays.com\/es\/wp-json\/wp\/v2\/types\/post"}],"author":[{"embeddable":true,"href":"https:\/\/www.europesays.com\/es\/wp-json\/wp\/v2\/users\/2"}],"replies":[{"embeddable":true,"href":"https:\/\/www.europesays.com\/es\/wp-json\/wp\/v2\/comments?post=298164"}],"version-history":[{"count":0,"href":"https:\/\/www.europesays.com\/es\/wp-json\/wp\/v2\/posts\/298164\/revisions"}],"wp:featuredmedia":[{"embeddable":true,"href":"https:\/\/www.europesays.com\/es\/wp-json\/wp\/v2\/media\/298165"}],"wp:attachment":[{"href":"https:\/\/www.europesays.com\/es\/wp-json\/wp\/v2\/media?parent=298164"}],"wp:term":[{"taxonomy":"category","embeddable":true,"href":"https:\/\/www.europesays.com\/es\/wp-json\/wp\/v2\/categories?post=298164"},{"taxonomy":"post_tag","embeddable":true,"href":"https:\/\/www.europesays.com\/es\/wp-json\/wp\/v2\/tags?post=298164"}],"curies":[{"name":"wp","href":"https:\/\/api.w.org\/{rel}","templated":true}]}}