{"id":298168,"date":"2025-12-20T16:22:10","date_gmt":"2025-12-20T16:22:10","guid":{"rendered":"https:\/\/www.europesays.com\/es\/298168\/"},"modified":"2025-12-20T16:22:10","modified_gmt":"2025-12-20T16:22:10","slug":"flick-descarta-a-pedri-para-el-villarreal","status":"publish","type":"post","link":"https:\/\/www.europesays.com\/es\/298168\/","title":{"rendered":"Flick descarta a Pedri para el Villarreal"},"content":{"rendered":"<p>                        \u00abNo estar\u00e1. No estoy contento con esto. Est\u00e1 lesionado\u00bb, admiti\u00f3 el entrenador azulgrana, que espera contar con \u00e9l para el derbi ante el Espanyol del pr\u00f3ximo 3 de enero\n<\/p>\n<p>                <img decoding=\"async\" class=\"nolazy\" alt=\"Confirmado: Flick descarta a Pedri para el Villarreal\" src=\"https:\/\/www.europesays.com\/es\/wp-content\/uploads\/2025\/12\/69469b036963c.jpeg\" heigth=\"465\" width=\"948\"\/><\/p>\n<p>\n                     Video\n                <\/p>\n<p>                <img loading=\"lazy\" decoding=\"async\" width=\"60\" height=\"60\" alt=\"Confirmado: Flick descarta a Pedri para el Villarreal\" title=\"\" src=\"\/files\/image_60_60\/uploads\/2025\/03\/05\/67c88d5b270cc.png\" class=\"lazy\"\/><\/p>\n<p>\n                        Actualizado a  20\/12\/2025 14:54 CET\n                    <\/p>\n<p data-gtm-element-container=\"modulo-texto-link\" class=\"paragraph\"><strong>Hansi Flick<\/strong> confirm\u00f3 la noticia avanzada por MD: <strong>Pedri <\/strong>no estar\u00e1 ante el <strong>Villarreal<\/strong>. \u00abNo estar\u00e1. No estoy contento con esto. Est\u00e1 lesionado\u00bb, inici\u00f3 explicando Flick en la rueda de prensa de este s\u00e1bado previa al duelo ante el conjunto castellonense.\u00a0<\/p>\n<p data-gtm-element-container=\"modulo-texto-link\" class=\"paragraph\">\u00abCreo que estar\u00e1 listo para el Espanyol. Tiene problemas en los isquios, pero el riesgo es muy alto. Podr\u00eda jugar, pero el riesgo es alto\u00bb, se\u00f1al\u00f3 el entrenador azulgrana, que tambi\u00e9n dej\u00f3 claro que no quiere correr ning\u00fan riesgo con \u00e9l. \u00abLo tenemos que cuidar y que haga tratamiento. No podemos tomar riesgos. Es lo mejor ahora. Lo necesitamos para los pr\u00f3ximos partidos contra el Espanyol y la Supercopa. Tenemos que adaptarnos porque tenemos mucha calidad en el equipo\u00bb, detall\u00f3 el alem\u00e1n.\u00a0<\/p>\n<p>    Lee tambi\u00e9n<\/p>\n<p data-gtm-element-container=\"modulo-texto-link\" class=\"paragraph\">Pese a la importancia del duelo ante el <strong>Villarreal <\/strong>-un triunfo azulgrana le dar\u00eda el campeonato de invierno-, la pol\u00edtica de <strong>Hansi Flick<\/strong> es correr riesgo cero de lesiones con todos los jugadores, y m\u00e1s con un futbolista como Pedri, que es pieza capital en el esquema del equipo del t\u00e9cnico alem\u00e1n.\u00a0\u00a0<\/p>\n<p>\n        Mostrar comentarios\n    <\/p>\n<p>{\u00aballowComment\u00bb:\u00bballowed\u00bb,\u00bbarticleId\u00bb:\u00bbarticle-1002590005&#8243;,\u00bburl\u00bb:\u00bbhttps:\\\/\\\/www.mundodeportivo.com\\\/futbol\\\/fc-barcelona\\\/20251220\\\/1002590005\\\/pesimismo-pedri-villarreal-piensa-espanyol.html\u00bb,\u00bblivefyre-url\u00bb:\u00bbarticle-1002590005&#8243;}<\/p>\n<p>Cargando siguiente contenido&#8230;\n                <\/p>\n","protected":false},"excerpt":{"rendered":"\u00abNo estar\u00e1. No estoy contento con esto. Est\u00e1 lesionado\u00bb, admiti\u00f3 el entrenador azulgrana, que espera contar con \u00e9l&hellip;\n","protected":false},"author":2,"featured_media":298169,"comment_status":"","ping_status":"","sticky":false,"template":"","format":"standard","meta":{"footnotes":""},"categories":[93],"tags":[168,25,24,23,167],"class_list":{"0":"post-298168","1":"post","2":"type-post","3":"status-publish","4":"format-standard","5":"has-post-thumbnail","7":"category-deportes","8":"tag-deportes","9":"tag-es","10":"tag-espana","11":"tag-spain","12":"tag-sports"},"share_on_mastodon":{"url":"","error":""},"_links":{"self":[{"href":"https:\/\/www.europesays.com\/es\/wp-json\/wp\/v2\/posts\/298168","targetHints":{"allow":["GET"]}}],"collection":[{"href":"https:\/\/www.europesays.com\/es\/wp-json\/wp\/v2\/posts"}],"about":[{"href":"https:\/\/www.europesays.com\/es\/wp-json\/wp\/v2\/types\/post"}],"author":[{"embeddable":true,"href":"https:\/\/www.europesays.com\/es\/wp-json\/wp\/v2\/users\/2"}],"replies":[{"embeddable":true,"href":"https:\/\/www.europesays.com\/es\/wp-json\/wp\/v2\/comments?post=298168"}],"version-history":[{"count":0,"href":"https:\/\/www.europesays.com\/es\/wp-json\/wp\/v2\/posts\/298168\/revisions"}],"wp:featuredmedia":[{"embeddable":true,"href":"https:\/\/www.europesays.com\/es\/wp-json\/wp\/v2\/media\/298169"}],"wp:attachment":[{"href":"https:\/\/www.europesays.com\/es\/wp-json\/wp\/v2\/media?parent=298168"}],"wp:term":[{"taxonomy":"category","embeddable":true,"href":"https:\/\/www.europesays.com\/es\/wp-json\/wp\/v2\/categories?post=298168"},{"taxonomy":"post_tag","embeddable":true,"href":"https:\/\/www.europesays.com\/es\/wp-json\/wp\/v2\/tags?post=298168"}],"curies":[{"name":"wp","href":"https:\/\/api.w.org\/{rel}","templated":true}]}}