{"id":298172,"date":"2025-12-20T16:24:29","date_gmt":"2025-12-20T16:24:29","guid":{"rendered":"https:\/\/www.europesays.com\/es\/298172\/"},"modified":"2025-12-20T16:24:29","modified_gmt":"2025-12-20T16:24:29","slug":"alcala-norte-anuncia-un-concierto-en-movistar-arena-2","status":"publish","type":"post","link":"https:\/\/www.europesays.com\/es\/298172\/","title":{"rendered":"Alcal\u00e1 Norte anuncia un concierto en Movistar Arena"},"content":{"rendered":"<p class=\"has-text-align-left has-medium-font-size\"><strong><strong><strong>pablopablo, Tinariwen y Lewis OfMan compartir\u00e1n su personal visi\u00f3n sonora en los nuevos conciertos del programa Art &amp; Music patrocinado por Kutxabank<\/strong><\/strong><\/strong><\/p>\n<p>El Museo Guggenheim Bilbao anuncia la nueva edici\u00f3n primaveral de su ciclo Art &amp; Music, una propuesta que combina m\u00fasica en directo, arquitectura y arte contempor\u00e1neo en un formato exclusivo en el Atrio del museo. Con el patrocinio de Kutxabank y la programaci\u00f3n musical de Last Tour, el ciclo reafirma su vocaci\u00f3n de conectar disciplinas y emociones a trav\u00e9s de experiencias irrepetibles.<\/p>\n<p><strong>pablopablo <\/strong>ser\u00e1 el primero en actuar, el s\u00e1bado 14 de marzo. El artista madrile\u00f1o se ha consolidado como una de las voces m\u00e1s personales del nuevo pop espa\u00f1ol, gracias a su propuesta elegante y emocional. Le seguir\u00e1 la leyenda viva del desert blues<strong> Tinariwen<\/strong>, el s\u00e1bado 11 de abril. Cerrar\u00e1 el ciclo el s\u00e1bado 9 de mayo<strong> Lewis OfMan<\/strong>, referente del pop electr\u00f3nico franc\u00e9s, con un sonido hedonista y melanc\u00f3lico que lo ha convertido en uno de los nombres m\u00e1s destacados de su generaci\u00f3n.<\/p>\n<p>El programa Art &amp; Music permite a los asistentes a los conciertos visitar las exposiciones en petit comit\u00e9 desde las 20:30h, antes de que comiencen las actuaciones a las 22:00h, y hacer uso del servicio de bar que el Museo habilita en el mismo Atrio con bebidas y pintxos (consumiciones no incluidas en el precio de la entrada).<\/p>\n<p>En el caso de pablopablo el precio de la entrada es de 27\u20ac para los Amigos del Museo y de 30\u20ac para el p\u00fablico general, mientras que para los conciertos de Tinariwen y de Lewis OfMan el precio es de 31,5\u20ac para los Amigos del Museo y de 35\u20ac para el p\u00fablico general. Las entradas se reservan en el apartado de actividades de la web del Museo:<\/p>\n<p><a href=\"https:\/\/www.guggenheim-bilbao.eus\/actividades\/art-music\" rel=\"nofollow noopener\" target=\"_blank\">https:\/\/www.guggenheim-bilbao.eus\/actividades\/art-music<\/a><\/p>\n<p><a href=\"http:\/\/www.lasttour.org\" rel=\"nofollow noopener\" target=\"_blank\">www.lasttour.org<\/a><\/p>\n<p>La venta general es el 19 de diciembre.<\/p>\n","protected":false},"excerpt":{"rendered":"pablopablo, Tinariwen y Lewis OfMan compartir\u00e1n su personal visi\u00f3n sonora en los nuevos conciertos del programa Art &amp;&hellip;\n","protected":false},"author":2,"featured_media":298173,"comment_status":"","ping_status":"","sticky":false,"template":"","format":"standard","meta":{"footnotes":""},"categories":[91],"tags":[146,147,25,24,23],"class_list":{"0":"post-298172","1":"post","2":"type-post","3":"status-publish","4":"format-standard","5":"has-post-thumbnail","7":"category-entretenimiento","8":"tag-entertainment","9":"tag-entretenimiento","10":"tag-es","11":"tag-espana","12":"tag-spain"},"share_on_mastodon":{"url":"https:\/\/pubeurope.com\/@es\/115752826813004232","error":""},"_links":{"self":[{"href":"https:\/\/www.europesays.com\/es\/wp-json\/wp\/v2\/posts\/298172","targetHints":{"allow":["GET"]}}],"collection":[{"href":"https:\/\/www.europesays.com\/es\/wp-json\/wp\/v2\/posts"}],"about":[{"href":"https:\/\/www.europesays.com\/es\/wp-json\/wp\/v2\/types\/post"}],"author":[{"embeddable":true,"href":"https:\/\/www.europesays.com\/es\/wp-json\/wp\/v2\/users\/2"}],"replies":[{"embeddable":true,"href":"https:\/\/www.europesays.com\/es\/wp-json\/wp\/v2\/comments?post=298172"}],"version-history":[{"count":0,"href":"https:\/\/www.europesays.com\/es\/wp-json\/wp\/v2\/posts\/298172\/revisions"}],"wp:featuredmedia":[{"embeddable":true,"href":"https:\/\/www.europesays.com\/es\/wp-json\/wp\/v2\/media\/298173"}],"wp:attachment":[{"href":"https:\/\/www.europesays.com\/es\/wp-json\/wp\/v2\/media?parent=298172"}],"wp:term":[{"taxonomy":"category","embeddable":true,"href":"https:\/\/www.europesays.com\/es\/wp-json\/wp\/v2\/categories?post=298172"},{"taxonomy":"post_tag","embeddable":true,"href":"https:\/\/www.europesays.com\/es\/wp-json\/wp\/v2\/tags?post=298172"}],"curies":[{"name":"wp","href":"https:\/\/api.w.org\/{rel}","templated":true}]}}