{"id":298176,"date":"2025-12-20T16:26:09","date_gmt":"2025-12-20T16:26:09","guid":{"rendered":"https:\/\/www.europesays.com\/es\/298176\/"},"modified":"2025-12-20T16:26:09","modified_gmt":"2025-12-20T16:26:09","slug":"campana-navidad-abanca-un-homenaje-a-los-anuncios-clasicos","status":"publish","type":"post","link":"https:\/\/www.europesays.com\/es\/298176\/","title":{"rendered":"Campa\u00f1a Navidad ABANCA: un homenaje a los anuncios cl\u00e1sicos"},"content":{"rendered":"<p>Este a\u00f1o, en ABANCA nos hemos propuesto algo muy especial: <strong>queremos acompa\u00f1arte en tus recuerdos de siempre.<\/strong> Seguramente t\u00fa tambi\u00e9n guardas en la memoria el bar de Antonio, la sonrisa de Fofito o esas burbujas doradas que anunciaban que la Navidad ya estaba aqu\u00ed.<\/p>\n<p>Esas historias forman parte de nuestra vida, igual que nosotros queremos formar parte de la tuya. Por eso, este diciembre <strong>hemos decidido \u201ccolarnos\u201d entre los cl\u00e1sicos para decirte, simplemente: gracias.<\/strong><\/p>\n<p>Descubre el spot de Navidad de ABANCA<\/p>\n<p>Si a\u00fan no has visto nuestra felicitaci\u00f3n o quieres volver a emocionarte con ella, <a href=\"https:\/\/www.abanca.com\/es\/felicitacion-navidad\/\" rel=\"nofollow noopener\" target=\"_blank\"><strong>puedes ver el v\u00eddeo completo en nuestra web.<\/strong><\/a><\/p>\n<p>T\u00fa eres el verdadero protagonista<\/p>\n<p>Aunque no salgas en la pantalla, est\u00e1s en cada fotograma. En ABANCA <strong>pensamos en ti cada vez que das un paso importante<\/strong>, ya sea encontrar un nuevo hogar, lanzar ese proyecto que tanto te ilusiona o, sencillamente, seguir avanzando d\u00eda a d\u00eda.<\/p>\n<p>Estaremos presentes estos d\u00edas en tus programas favoritos y en nuestras redes sociales, pero lo m\u00e1s importante para las m\u00e1s de 8.000 personas que formamos ABANCA es estar cerca de ti.<\/p>\n<p>Nuestra primera gran campa\u00f1a de Navidad es un homenaje a las historias reales que ocurren en cada casa y a los sue\u00f1os que se cumplen. <strong>Porque nuestra raz\u00f3n de ser es ayudarte a que tu vida, y la de los tuyos, vaya a mejor.<\/strong><\/p>\n<p><strong>Gracias por dejarnos ser parte de tu vida y de tu Navidad. \u00a1Felices Fiestas!<\/strong><\/p>\n","protected":false},"excerpt":{"rendered":"Este a\u00f1o, en ABANCA nos hemos propuesto algo muy especial: queremos acompa\u00f1arte en tus recuerdos de siempre. Seguramente&hellip;\n","protected":false},"author":2,"featured_media":298177,"comment_status":"","ping_status":"","sticky":false,"template":"","format":"standard","meta":{"footnotes":""},"categories":[80],"tags":[82,95,94,25,24,23],"class_list":{"0":"post-298176","1":"post","2":"type-post","3":"status-publish","4":"format-standard","5":"has-post-thumbnail","7":"category-economia","8":"tag-business","9":"tag-economia","10":"tag-economy","11":"tag-es","12":"tag-espana","13":"tag-spain"},"share_on_mastodon":{"url":"https:\/\/pubeurope.com\/@es\/115752834419564874","error":""},"_links":{"self":[{"href":"https:\/\/www.europesays.com\/es\/wp-json\/wp\/v2\/posts\/298176","targetHints":{"allow":["GET"]}}],"collection":[{"href":"https:\/\/www.europesays.com\/es\/wp-json\/wp\/v2\/posts"}],"about":[{"href":"https:\/\/www.europesays.com\/es\/wp-json\/wp\/v2\/types\/post"}],"author":[{"embeddable":true,"href":"https:\/\/www.europesays.com\/es\/wp-json\/wp\/v2\/users\/2"}],"replies":[{"embeddable":true,"href":"https:\/\/www.europesays.com\/es\/wp-json\/wp\/v2\/comments?post=298176"}],"version-history":[{"count":0,"href":"https:\/\/www.europesays.com\/es\/wp-json\/wp\/v2\/posts\/298176\/revisions"}],"wp:featuredmedia":[{"embeddable":true,"href":"https:\/\/www.europesays.com\/es\/wp-json\/wp\/v2\/media\/298177"}],"wp:attachment":[{"href":"https:\/\/www.europesays.com\/es\/wp-json\/wp\/v2\/media?parent=298176"}],"wp:term":[{"taxonomy":"category","embeddable":true,"href":"https:\/\/www.europesays.com\/es\/wp-json\/wp\/v2\/categories?post=298176"},{"taxonomy":"post_tag","embeddable":true,"href":"https:\/\/www.europesays.com\/es\/wp-json\/wp\/v2\/tags?post=298176"}],"curies":[{"name":"wp","href":"https:\/\/api.w.org\/{rel}","templated":true}]}}