{"id":298180,"date":"2025-12-20T16:28:14","date_gmt":"2025-12-20T16:28:14","guid":{"rendered":"https:\/\/www.europesays.com\/es\/298180\/"},"modified":"2025-12-20T16:28:14","modified_gmt":"2025-12-20T16:28:14","slug":"el-alcalde-de-almusafes-afirma-que-no-dimitira-y-denuncia-indefension-ante-la-queja-por-acoso","status":"publish","type":"post","link":"https:\/\/www.europesays.com\/es\/298180\/","title":{"rendered":"El alcalde de Almusafes afirma que no dimitir\u00e1 y denuncia \u00abindefensi\u00f3n\u00bb ante la queja por acoso"},"content":{"rendered":"<p>El alcalde Almussafes (<a href=\"https:\/\/theobjective.com\/etiqueta\/valencia\/\" rel=\"nofollow noopener\" target=\"_blank\">Valencia<\/a>), <strong>Toni Gonz\u00e1lez<\/strong>, ha aseverado que continuar\u00e1 trabajando \u00abcon m\u00e1s dedicaci\u00f3n que nunca\u00bb como primer edil, \u00abpese a las circunstancias que me han llevado a apartarme del grupo municipal socialistas temporalmente y hasta que se aclare la situaci\u00f3n\u00bb. \u00abMi compromiso con los vecinos es firme\u00bb, ha proclamado.<\/p>\n<p>En estos t\u00e9rminos se ha manifestado Gonz\u00e1lez, en una carta abierta publicada en su perfil de la red social Instagram. Cabe recordar que Gonz\u00e1lez anunci\u00f3 su abandono a todos sus cargos org\u00e1nicos y solicit\u00f3 su suspensi\u00f3n de la militancia del <a href=\"https:\/\/theobjective.com\/etiqueta\/psoe\/\" rel=\"nofollow noopener\" target=\"_blank\">PSOE<\/a> el pasado 13 de diciembre, justo un d\u00eda despu\u00e9s de que el PSOE comenzara a investigarlo por una <strong>denuncia por acoso sexual y laboral<\/strong>, adelantada por eldiario.es y confirmada a Europa Press por fuentes socialistas, que fue presentada por una mujer identificada con nombres y apellidos, tanto en el canal interno de Antiacoso del PSOE como en el Departamento de Cumplimiento de Normativa. La citada informaci\u00f3n se\u00f1ala que los hechos se habr\u00edan producido en el Ayuntamiento de Almussafes. Por su parte, Gonz\u00e1lez neg\u00f3 los hechos.<\/p>\n<p>En palabras del primer edil, la \u00abresponsabilidad\u00bb que tiene con todos los vecinos del municipio \u00absiempre ha sido prioridad\u00bb, al tiempo que ha a\u00f1adido que, \u00abprecisamente, gracias a la buena gesti\u00f3n\u00bb del consistorio, este mes de diciembre \u00abse ha logrado alcanzar <strong>una deuda cero y un saneamiento completo<\/strong> de las cuentas municipales\u00bb.<\/p>\n<p>Tambi\u00e9n ha hecho hincapi\u00e9 en que la denuncia contra su persona<strong> \u00abno se ha interpuesto v\u00eda judicial, sino que ha sido presentada ante el \u00f3rgano de control del Partido Socialista\u00bb <\/strong>y ha lamentado que no ha recibido informaci\u00f3n al respecto. \u00abMe enter\u00e9 de esta situaci\u00f3n a trav\u00e9s de los medios de comunicaci\u00f3n, lo que me dej\u00f3 en una posici\u00f3n de indefensi\u00f3n absoluta. Estoy convencido de que se trata de una denuncia infundada y, por tanto, me dedicar\u00e9 en exclusiva a mi labor como alcalde, sin necesidad de compatibilizar mi responsabilidad al frente del ejecutivo local con otras funciones org\u00e1nicas dentro del partido\u00bb, ha subrayado.<\/p>\n<p>Toni Gonz\u00e1lez, adem\u00e1s, ha prometido \u00abtrabajar sin descanso\u00bb para los vecinos de Almussafes y ha agregado: \u00abLa confianza depositada en m\u00ed en las urnas es mi mayor fuerza y, por ello, me esfuerzo cada d\u00eda por ser el alcalde que merece este pueblo\u00bb. As\u00ed, Gonz\u00e1lez ha concluido su escrito agradeciendo \u00abde todo coraz\u00f3n\u00bb las \u00abnumerosas muestras de apoyo y cari\u00f1o\u00bb recibidas en los \u00faltimos d\u00edas. \u00abMi familias, los concejales, los militantes y toda la ciudadan\u00eda en general me han mostrado su solidaridad y su confianza, lo que me da la fuerza y la motivaci\u00f3n para continuar entreg\u00e1ndome al 100% por Almussafes\u00bb, ha zanjado.<\/p>\n","protected":false},"excerpt":{"rendered":"El alcalde Almussafes (Valencia), Toni Gonz\u00e1lez, ha aseverado que continuar\u00e1 trabajando \u00abcon m\u00e1s dedicaci\u00f3n que nunca\u00bb como primer&hellip;\n","protected":false},"author":2,"featured_media":298181,"comment_status":"","ping_status":"","sticky":false,"template":"","format":"standard","meta":{"footnotes":""},"categories":[8],"tags":[19530,20529,17,18,25,24,13,14,11,19,20,9,10,15,16,1699,23,12,21,22,235],"class_list":{"0":"post-298180","1":"post","2":"type-post","3":"status-publish","4":"format-standard","5":"has-post-thumbnail","7":"category-espana","8":"tag-acoso","9":"tag-alcaldes","10":"tag-breaking-news","11":"tag-breakingnews","12":"tag-es","13":"tag-espana","14":"tag-featured-news","15":"tag-featurednews","16":"tag-headlines","17":"tag-latest-news","18":"tag-latestnews","19":"tag-news","20":"tag-noticias","21":"tag-noticias-destacadas","22":"tag-noticiasdestacadas","23":"tag-psoe","24":"tag-spain","25":"tag-titulares","26":"tag-ultimas-noticias","27":"tag-ultimasnoticias","28":"tag-valencia"},"share_on_mastodon":{"url":"https:\/\/pubeurope.com\/@es\/115752842434591597","error":""},"_links":{"self":[{"href":"https:\/\/www.europesays.com\/es\/wp-json\/wp\/v2\/posts\/298180","targetHints":{"allow":["GET"]}}],"collection":[{"href":"https:\/\/www.europesays.com\/es\/wp-json\/wp\/v2\/posts"}],"about":[{"href":"https:\/\/www.europesays.com\/es\/wp-json\/wp\/v2\/types\/post"}],"author":[{"embeddable":true,"href":"https:\/\/www.europesays.com\/es\/wp-json\/wp\/v2\/users\/2"}],"replies":[{"embeddable":true,"href":"https:\/\/www.europesays.com\/es\/wp-json\/wp\/v2\/comments?post=298180"}],"version-history":[{"count":0,"href":"https:\/\/www.europesays.com\/es\/wp-json\/wp\/v2\/posts\/298180\/revisions"}],"wp:featuredmedia":[{"embeddable":true,"href":"https:\/\/www.europesays.com\/es\/wp-json\/wp\/v2\/media\/298181"}],"wp:attachment":[{"href":"https:\/\/www.europesays.com\/es\/wp-json\/wp\/v2\/media?parent=298180"}],"wp:term":[{"taxonomy":"category","embeddable":true,"href":"https:\/\/www.europesays.com\/es\/wp-json\/wp\/v2\/categories?post=298180"},{"taxonomy":"post_tag","embeddable":true,"href":"https:\/\/www.europesays.com\/es\/wp-json\/wp\/v2\/tags?post=298180"}],"curies":[{"name":"wp","href":"https:\/\/api.w.org\/{rel}","templated":true}]}}