{"id":298182,"date":"2025-12-20T16:29:11","date_gmt":"2025-12-20T16:29:11","guid":{"rendered":"https:\/\/www.europesays.com\/es\/298182\/"},"modified":"2025-12-20T16:29:11","modified_gmt":"2025-12-20T16:29:11","slug":"cuando-le-ponen-un-microfono-mi-staff-y-yo-lo-hablamos","status":"publish","type":"post","link":"https:\/\/www.europesays.com\/es\/298182\/","title":{"rendered":"\u201cCuando le ponen un micr\u00f3fono&#8230; Mi staff y yo lo hablamos\u00bb"},"content":{"rendered":"<p data-mrf-recirculation=\"Links P\u00e1rrafos\" class=\"ue-c-article__paragraph paragraph ue-c-article--first-letter-highlighted\">J<strong>ose Bordal\u00e1s<\/strong> comparec\u00eda en sala de prensa en la previa del duelo frente al <strong>Real Betis<\/strong> y en ella habl\u00f3 de las palabras de <strong>\u00c1ngel Torres<\/strong>, que afirm\u00f3 que <a href=\"https:\/\/www.marca.com\/futbol\/getafe\/2025\/12\/19\/angel-torres-fichajes-tuvieramos-25-jugadores-pedirian-26.html\" target=\"_blank\" rel=\"nofollow noopener\">el alicantino no sab\u00eda \u201chablar ingl\u00e9s\u201d<\/a> en referencia al posible inter\u00e9s del <strong>Crystal Palace.<\/strong><\/p>\n<p data-mrf-recirculation=\"Links P\u00e1rrafos\" class=\"ue-c-article__paragraph paragraph\"><strong>Tras la eliminaci\u00f3n copera:<\/strong> \u201cHan sido dos d\u00edas de trabajo intenso, de di\u00e1logo, de hablar mucho, analizar las cosas que no se han hecho bien y centrarnos en la competici\u00f3n, con ilusi\u00f3n. Tenemos la oportunidad frente a un grand\u00edsimo equipo de la talla del Betis\u201d.<\/p>\n<p data-mrf-recirculation=\"Links P\u00e1rrafos\" class=\"ue-c-article__paragraph paragraph\"><strong>Reforzar la plantilla:<\/strong> \u201cTanto la direcci\u00f3n deportiva como yo estamos alineados. Cuando hablamos a nivel interno analizamos y sabemos las necesidades del equipo, porque estamos en un momento muy importante del campeonato. Tenemos ocho o nueve huecos en el vestuario entre fichas libres y lesionados\u201d.<\/p>\n<blockquote class=\"ue-c-article__blockquote\">\n<p>Tenemos ocho o nueve huecos en el vestuario entre fichas libres y lesionados<\/p>\n<p>Bordal\u00e1s<\/p><\/blockquote>\n<p data-mrf-recirculation=\"Links P\u00e1rrafos\" class=\"ue-c-article__paragraph paragraph\"><strong>Posiciones a reforzar:<\/strong> \u201cNo voy a desvelar p\u00fablicamente porque hay cosas que hay que hablar internamente. Lo m\u00e1s importante es que sabemos las necesidades, va a depender de las posibilidades econ\u00f3micas que tenga el club, que tampoco entro a valorar\u201d.<\/p>\n<p data-mrf-recirculation=\"Links P\u00e1rrafos\" class=\"ue-c-article__paragraph paragraph\"><strong>Valoraci\u00f3n de mitad de temporada:<\/strong> \u201cEs pronto para hacer an\u00e1lisis, estamos centrados en LaLiga porque es de mucha exigencia. Ma\u00f1ana tenemos un partido importante y dif\u00edcil, que es un equipo que ha crecido mucho en los \u00faltimos a\u00f1os a nivel estructural, de plantilla y de todo. Ahora podemos hablar de que el Betis tiene, en mi opini\u00f3n, una de las mejores plantillas de los \u00faltimos veinte a\u00f1os. El equipo est\u00e1 con ilusi\u00f3n, lo afrontamos con ganas\u201d.<\/p>\n<blockquote class=\"ue-c-article__blockquote\">\n<p>Ahora podemos hablar de que el Betis tiene, en mi opini\u00f3n, una de las mejores plantillas de los \u00faltimos veinte a\u00f1os<\/p>\n<p>Bordal\u00e1s<\/p><\/blockquote>\n<p data-mrf-recirculation=\"Links P\u00e1rrafos\" class=\"ue-c-article__paragraph paragraph\"><strong>Vestuario:<\/strong> \u201cEl vestuario, ya lo dije cuando acab\u00f3, estaba dolido. El f\u00fatbol contin\u00faa, no podemos vivir del pasado, estamos centrados en LaLiga, va a ser una competici\u00f3n exigente. Cada partido te exige estar al l\u00edmite. Estamos en unas circunstancias que no sirven de excusa, pero es una realidad. Nos tenemos que reinventar cada fin de semana, es la realidad y tenemos que adaptarnos\u201d.<\/p>\n<blockquote class=\"ue-c-article__blockquote\">\n<p>Nos tenemos que reinventar cada fin de semana, es la realidad y tenemos que adaptarnos<\/p>\n<p>Bordal\u00e1s<\/p><\/blockquote>\n<p data-mrf-recirculation=\"Links P\u00e1rrafos\" class=\"ue-c-article__paragraph paragraph\"><strong>Pellegrini:<\/strong> \u201cCuando solicita refuerzos se los dan, jugadores que considera que no tienen nivel los cambia por otros, el club est\u00e1 haciendo un esfuerzo enorme. Le tengo el m\u00e1ximo respeto\u201d.<\/p>\n<blockquote class=\"ue-c-article__blockquote\">\n<p>Cuando [Pellegrini] solicita refuerzos se los dan<\/p>\n<p>Bordal\u00e1s<\/p><\/blockquote>\n<p data-mrf-recirculation=\"Links P\u00e1rrafos\" class=\"ue-c-article__paragraph paragraph\"><strong>Bajas:<\/strong> \u201cSe han lesionado recientemente, est\u00e1n en ese periodo de inicio de readaptaci\u00f3n, es muy pronto para poder pensar en ellos, al igual que Davinchi. No podemos dar fecha de su vuelta. Hay que pensar en lo que tenemos disponibles y reinventarnos, readaptarnos\u201d.<\/p>\n<p data-mrf-recirculation=\"Links P\u00e1rrafos\" class=\"ue-c-article__paragraph paragraph\"><strong>Palabras de \u00c1ngel Torres:<\/strong> \u201cCuando le ponen un micr\u00f3fono\u2026 El m\u00edster traslada a todo el mundo que hablamos ingl\u00e9s, tanto mi staff como yo, en plan jocoso, que quede claro\u201d.<\/p>\n","protected":false},"excerpt":{"rendered":"Jose Bordal\u00e1s comparec\u00eda en sala de prensa en la previa del duelo frente al Real Betis y en&hellip;\n","protected":false},"author":2,"featured_media":298183,"comment_status":"","ping_status":"","sticky":false,"template":"","format":"standard","meta":{"footnotes":""},"categories":[5],"tags":[17,18,25,24,13,14,11,19,20,9,10,15,16,23,12,21,22],"class_list":{"0":"post-298182","1":"post","2":"type-post","3":"status-publish","4":"format-standard","5":"has-post-thumbnail","7":"category-titulares","8":"tag-breaking-news","9":"tag-breakingnews","10":"tag-es","11":"tag-espana","12":"tag-featured-news","13":"tag-featurednews","14":"tag-headlines","15":"tag-latest-news","16":"tag-latestnews","17":"tag-news","18":"tag-noticias","19":"tag-noticias-destacadas","20":"tag-noticiasdestacadas","21":"tag-spain","22":"tag-titulares","23":"tag-ultimas-noticias","24":"tag-ultimasnoticias"},"share_on_mastodon":{"url":"https:\/\/pubeurope.com\/@es\/115752846170509997","error":""},"_links":{"self":[{"href":"https:\/\/www.europesays.com\/es\/wp-json\/wp\/v2\/posts\/298182","targetHints":{"allow":["GET"]}}],"collection":[{"href":"https:\/\/www.europesays.com\/es\/wp-json\/wp\/v2\/posts"}],"about":[{"href":"https:\/\/www.europesays.com\/es\/wp-json\/wp\/v2\/types\/post"}],"author":[{"embeddable":true,"href":"https:\/\/www.europesays.com\/es\/wp-json\/wp\/v2\/users\/2"}],"replies":[{"embeddable":true,"href":"https:\/\/www.europesays.com\/es\/wp-json\/wp\/v2\/comments?post=298182"}],"version-history":[{"count":0,"href":"https:\/\/www.europesays.com\/es\/wp-json\/wp\/v2\/posts\/298182\/revisions"}],"wp:featuredmedia":[{"embeddable":true,"href":"https:\/\/www.europesays.com\/es\/wp-json\/wp\/v2\/media\/298183"}],"wp:attachment":[{"href":"https:\/\/www.europesays.com\/es\/wp-json\/wp\/v2\/media?parent=298182"}],"wp:term":[{"taxonomy":"category","embeddable":true,"href":"https:\/\/www.europesays.com\/es\/wp-json\/wp\/v2\/categories?post=298182"},{"taxonomy":"post_tag","embeddable":true,"href":"https:\/\/www.europesays.com\/es\/wp-json\/wp\/v2\/tags?post=298182"}],"curies":[{"name":"wp","href":"https:\/\/api.w.org\/{rel}","templated":true}]}}