{"id":298186,"date":"2025-12-20T16:35:08","date_gmt":"2025-12-20T16:35:08","guid":{"rendered":"https:\/\/www.europesays.com\/es\/298186\/"},"modified":"2025-12-20T16:35:08","modified_gmt":"2025-12-20T16:35:08","slug":"el-neerlandes-impone-su-ley-en-amberes-el-primer-duelo-del-ano-con-van-aert","status":"publish","type":"post","link":"https:\/\/www.europesays.com\/es\/298186\/","title":{"rendered":"el neerland\u00e9s impone su ley en Amberes, el primer duelo del a\u00f1o con Van Aert"},"content":{"rendered":"<p>La Copa del Mundo de Ciclocross de Amberes ha confirmado que Mathieu van der Poel sigue un paso por delante de todos, incluso cuando enfrente aparece su eterno rival Wout van Aert. <strong>El primer cara a cara de la temporada entre ambos no decepcion\u00f3 en intensidad<\/strong>, pero s\u00ed dej\u00f3 claro muy pronto qui\u00e9n ten\u00eda el control absoluto de la carrera.<\/p>\n<p>Pese a que la organizaci\u00f3n hab\u00eda modificado la zona de salida para evitar tapones y ca\u00eddas, ese primer embudo volvi\u00f3 a ser uno de los puntos decisivos de la prueba. <strong>Hubo enganchones y toques que los grandes favoritos supieron esquivar, incluidos Van Aert y Van der Poel<\/strong>, que part\u00edan desde segunda y tercera fila. No tuvo la misma suerte Thibau Nys, l\u00edder de la general, que por un problema todav\u00eda por concretar pas\u00f3 de salir en primera fila a verse relegado hasta m\u00e1s all\u00e1 del puesto 15 nada m\u00e1s comenzar.<\/p>\n<p>Desde el primer giro qued\u00f3 claro que<strong> ni Van Aert ni Van der Poel hab\u00edan venido a especular.<\/strong> Ambos utilizaron la vuelta inicial para colocarse en cabeza y marcar territorio. En ese arranque tambi\u00e9n <strong>destac\u00f3 el papel del espa\u00f1ol Felipe Orts, muy s\u00f3lido y regular, rodando en torno top 10<\/strong> y a unos 20 segundos de la cabeza de carrera en uno de los circuitos m\u00e1s exigentes del calendario.<\/p>\n<p><img class=\" lazyload\" border=\"0\" alt=\"Nadie puede ganar a Mathieu van der Poel: el neerland\u00e9s impone su ley en Amberes, el primer duelo del a\u00f1o con Van Aert\" width=\"1080\" height=\"1080\"  data-\/><\/p>\n<p><strong>En la primera vuelta incluso fue Van Aert quien lleg\u00f3 a rodar por delante de Van der Poel<\/strong>, pero el neerland\u00e9s no tard\u00f3 en responder. Y<strong>a en la segunda vuelta tom\u00f3 el mando con autoridad<\/strong>, liderando la prueba por delante de sus compatriotas Tibor del Grosso y Joris Nieuwenhuis, mientras que a unos diez segundos se formaba un primer grupo perseguidor en el que resist\u00eda Van Aert.<\/p>\n<p>El inicio de la tercera vuelta marc\u00f3 el punto de inflexi\u00f3n definitivo. <strong>Mientras Van der Poel se encargaba de convertir la lucha por la victoria en un asunto pr\u00e1cticamente cerrado<\/strong>, march\u00e1ndose en solitario con 13 segundos de ventaja, Van Aert protagonizaba uno de los momentos m\u00e1s celebrados por el p\u00fablico local, recortando diferencias hasta situarse a apenas tres segundos del d\u00fao formado por Nieuwenhuis y Del Grosso.<\/p>\n<p><img class=\" lazyload\" border=\"0\" alt=\"Nadie puede ganar a Mathieu van der Poel: el neerland\u00e9s impone su ley en Amberes, el primer duelo del a\u00f1o con Van Aert\" width=\"1080\" height=\"1080\"  data-\/><\/p>\n<p>A partir de ah\u00ed, el campe\u00f3n del mundo opt\u00f3 por una gesti\u00f3n inteligente del esfuerzo. Con un calendario cargado de compromisos en los pr\u00f3ximos d\u00edas, Van der Poel aument\u00f3 su ventaja sin derrochar energ\u00eda. Por detr\u00e1s, <strong>Van Aert perdi\u00f3 algunos segundos y un par de posiciones tras un cambio de bicicleta<\/strong> que no parec\u00eda responder a ning\u00fan problema mec\u00e1nico, dejando un podio virtual completamente neerland\u00e9s.<\/p>\n<p>El guion volvi\u00f3 a agitarse antes de arrancar la quinta vuelta. El belga Laurens Sweeck aprovech\u00f3 un baj\u00f3n de Nieuwenhuis y Del Grosso para lanzar un potente ataque que le permiti\u00f3 colocarse segundo y, adem\u00e1s, recortar ligeramente la ventaja de Van der Poel, que segu\u00eda al frente con unos 35 segundos de margen. <strong>Van Aert tambi\u00e9n sac\u00f3 partido de ese movimiento y lleg\u00f3 a situarse tercero durante buena parte de la vuelta.<\/strong><\/p>\n<p>Pero Amberes no concede treguas. En esa misma quinta vuelta, mientras Van der Poel segu\u00eda avanzando sin errores, <strong>Van Aert sufri\u00f3 un pinchazo que lo releg\u00f3 hasta la novena posici\u00f3n<\/strong>. Al mismo tiempo, Sweeck se ve\u00eda obligado a defender su segunda plaza tras una salida de cadena en una de las zonas de arena m\u00e1s castigadoras del circuito.<\/p>\n<p>En medio de ese caos controlado, Felipe Orts segu\u00eda firmando una de sus actuaciones m\u00e1s completas del invierno, consolidado dentro del top 10 en la que, por nivel y nombres, estaba siendo la prueba m\u00e1s exigente de la temporada hasta la fecha.<\/p>\n<p>Si hace una semana en Namur Van der Poel tuvo que exprimirse hasta el final, en Amberes la sensaci\u00f3n fue muy distinta. <strong>El neerland\u00e9s domin\u00f3 desde la primera vuelta y convirti\u00f3 la carrera en un aut\u00e9ntico ejercicio de control<\/strong>. Eso s\u00ed, en la pen\u00faltima vuelta se vivi\u00f3 un peque\u00f1o sobresalto cuando escuch\u00f3 la campana de \u00faltimo giro con <strong>su ventaja reducida pr\u00e1cticamente a la mitad debido a un pichazo, pasando de unos 40 segundos a poco m\u00e1s de 20.<\/strong><\/p>\n<p><img class=\" lazyload\" border=\"0\" alt=\"Nadie puede ganar a Mathieu van der Poel: el neerland\u00e9s impone su ley en Amberes, el primer duelo del a\u00f1o con Van Aert\" width=\"1080\" height=\"1080\"  data-\/><\/p>\n<p>Nada que alterase el desenlace.<strong> Van der Poel gestion\u00f3 con frialdad los \u00faltimos metros para cruzar la meta en primera posici\u00f3n sin gastar un vatio de m\u00e1s<\/strong> y sumar su segunda victoria de la temporada, dejando claro que, al menos por ahora, sigue siendo el patr\u00f3n indiscutible del ciclocross mundial.<\/p>\n<p>El podio lo completaron los belgas\u00a0Laurens Sweeck y\u00a0Emiel Verstrynge. Van Aert finalmente fue s\u00e9ptimo y el espa\u00f1ol Felipe Orts termin\u00f3 entrando en la posici\u00f3n 12 tras una gran carrera.<\/p>\n<p>Pero es importante recordar que la emoci\u00f3n no termina aqu\u00ed este fin de semana, y <strong><a href=\"https:\/\/www.brujulabike.com\/van-der-poel-copa-del-mundo-ciclocross-koksijde-2025-horarios-favoritos-circuito-donde-ver\/\" rel=\"nofollow noopener\" target=\"_blank\">ma\u00f1ana mismo veremos competir de nuvo a Van der Poel competir en la Copa del Mundo de\u00a0Koksijde.<\/a><\/strong><\/p>\n<p>Top 15 final \u2013 Copa del Mundo CX de Amberes (\u00c9lite masculino)<\/p>\n<ol>&#13;<\/p>\n<li>Mathieu van der Poel (Alpecin-Deceuninck) \u2013 1:01:24<\/li>\n<p>&#13;<\/p>\n<li>Laurens Sweeck (Crelan\u2013Corendon) \u2013 1:01:48 (+24\u201d)<\/li>\n<p>&#13;<\/p>\n<li>Emiel Verstrynge (Crelan\u2013Corendon) \u2013 1:01:57 (+33\u201d)<\/li>\n<p>&#13;<\/p>\n<li>Pim Ronhaar (Baloise Glowi Lions) \u2013 1:01:59 (+35\u201d)<\/li>\n<p>&#13;<\/p>\n<li>Niels Vandeputte (Alpecin-Deceuninck Development Team) \u2013 1:02:00 (+36\u201d)<\/li>\n<p>&#13;<\/p>\n<li>Tibor del Grosso (Alpecin-Deceuninck) \u2013 1:02:03 (+39\u201d)<\/li>\n<p>&#13;<\/p>\n<li>Wout van Aert (Team Visma | Lease a Bike) \u2013 1:02:15 (+51\u201d)<\/li>\n<p>&#13;<\/p>\n<li>Michael Vanthourenhout (Pauwels Sauzen\u2013Altez) \u2013 1:02:43 (+1:19)<\/li>\n<p>&#13;<\/p>\n<li>Mees Hendrikx (Heizomat\u2013Cube) \u2013 1:02:54 (+1:30)<\/li>\n<p>&#13;<\/p>\n<li>Joran Wyseure (Crelan\u2013Corendon) \u2013 1:03:08 (+1:44)<\/li>\n<p>&#13;<\/p>\n<li>Toon Aerts (Deschacht\u2013Hens CX Team) \u2013 1:03:16 (+1:52)<\/li>\n<p>&#13;<\/p>\n<li>Felipe Orts (Ridley Racing Team) \u2013 1:03:18 (+1:54)<\/li>\n<p>&#13;<\/p>\n<li>Ryan Kamp \u2013 1:03:19 (+1:55)<\/li>\n<p>&#13;<\/p>\n<li>Witse Meeussen (Crelan\u2013Corendon) \u2013 1:03:19 (+1:55)<\/li>\n<p>&#13;<\/p>\n<li>Toon Vandebosch (Crelan\u2013Corendon) \u2013 1:03:30 (+2:06)<\/li>\n<p>&#13;\n<\/ol>\n","protected":false},"excerpt":{"rendered":"La Copa del Mundo de Ciclocross de Amberes ha confirmado que Mathieu van der Poel sigue un paso&hellip;\n","protected":false},"author":2,"featured_media":298187,"comment_status":"","ping_status":"","sticky":false,"template":"","format":"standard","meta":{"footnotes":""},"categories":[273],"tags":[313,312,168,25,24,23,167],"class_list":{"0":"post-298186","1":"post","2":"type-post","3":"status-publish","4":"format-standard","5":"has-post-thumbnail","7":"category-ciclismo","8":"tag-ciclismo","9":"tag-cycling","10":"tag-deportes","11":"tag-es","12":"tag-espana","13":"tag-spain","14":"tag-sports"},"share_on_mastodon":{"url":"https:\/\/pubeurope.com\/@es\/115752869822779998","error":""},"_links":{"self":[{"href":"https:\/\/www.europesays.com\/es\/wp-json\/wp\/v2\/posts\/298186","targetHints":{"allow":["GET"]}}],"collection":[{"href":"https:\/\/www.europesays.com\/es\/wp-json\/wp\/v2\/posts"}],"about":[{"href":"https:\/\/www.europesays.com\/es\/wp-json\/wp\/v2\/types\/post"}],"author":[{"embeddable":true,"href":"https:\/\/www.europesays.com\/es\/wp-json\/wp\/v2\/users\/2"}],"replies":[{"embeddable":true,"href":"https:\/\/www.europesays.com\/es\/wp-json\/wp\/v2\/comments?post=298186"}],"version-history":[{"count":0,"href":"https:\/\/www.europesays.com\/es\/wp-json\/wp\/v2\/posts\/298186\/revisions"}],"wp:featuredmedia":[{"embeddable":true,"href":"https:\/\/www.europesays.com\/es\/wp-json\/wp\/v2\/media\/298187"}],"wp:attachment":[{"href":"https:\/\/www.europesays.com\/es\/wp-json\/wp\/v2\/media?parent=298186"}],"wp:term":[{"taxonomy":"category","embeddable":true,"href":"https:\/\/www.europesays.com\/es\/wp-json\/wp\/v2\/categories?post=298186"},{"taxonomy":"post_tag","embeddable":true,"href":"https:\/\/www.europesays.com\/es\/wp-json\/wp\/v2\/tags?post=298186"}],"curies":[{"name":"wp","href":"https:\/\/api.w.org\/{rel}","templated":true}]}}