{"id":298188,"date":"2025-12-20T16:37:23","date_gmt":"2025-12-20T16:37:23","guid":{"rendered":"https:\/\/www.europesays.com\/es\/298188\/"},"modified":"2025-12-20T16:37:23","modified_gmt":"2025-12-20T16:37:23","slug":"un-partido-sin-red-y-con-la-obligacion-de-sacarlo-adelante","status":"publish","type":"post","link":"https:\/\/www.europesays.com\/es\/298188\/","title":{"rendered":"Un partido sin red y con la obligaci\u00f3n de sacarlo adelante"},"content":{"rendered":"<p><a class=\"v-mdl-ath__fig-a\" href=\"https:\/\/www.canarias7.es\/autor\/ignacio-sanchez-acedo-3384.html\" title=\"Ignacio S\u00e1nchez Acedo\" rel=\"nofollow noopener\" target=\"_blank\"><br \/>\n<img decoding=\"async\" class=\"v-mdl-ath__img\" src=\"https:\/\/www.europesays.com\/es\/wp-content\/uploads\/2025\/08\/autor-3384-foto-1.jpeg\" alt=\"Ignacio S\u00e1nchez Acedo\"\/><br \/>\n<\/a><\/p>\n<p class=\"v-mdl-ath__p v-mdl-ath__p--6\">\nViernes, 19 de diciembre 2025, 21:33<\/p>\n<p>| Actualizado 21:57h.<\/p>\n<p class=\"v-p\"><strong>Vuelve el Granca <\/strong>al punto de partida en la Liga Endesa<strong>, con sus urgencias clasificatorias (<\/strong>para la Copa del Rey 2026, que parece que va a ser que no, y para su autoestima), tras el tr\u00e1mite continental con el Benfica. La<a href=\"https:\/\/www.canarias7.es\/deportes\/cb-gran-canaria\/gran-canaria-pendiente-acb-conocer-nueva-fecha-20251214180311-nt.html\" target=\"_blank\" data-voc-vtm-id=\"in-text-traffic\" title=\" suspensi\u00f3n de la pasada jornada frente al Baskonia\" data-mrf-link=\"www.canarias7.es\" rel=\"nofollow noopener\"> suspensi\u00f3n de la pasada jornada frente al Baskonia<\/a>, imprevista e indeseada, <strong>dio m\u00e1s aire y margen en el prop\u00f3sito de una mejor preparaci\u00f3n f\u00edsica y, tambi\u00e9n en lo concerniente a la mentalidad<\/strong>. Evidente, el Granada no es el Baskonia. Y ah\u00ed fluct\u00faa la presi\u00f3n y la responsabilidad. Frente al conjunto vitoriano hab\u00eda much\u00edsimo que ganar. <strong>Pero ahora, con la visita del pen\u00faltimo, con el mismo balance 1-9 que el colista Burgos, todo se reduce a evitar el fiasco<\/strong> porque una derrota s\u00ed ser\u00eda lastimosa, lo que traslada a los chicos de Lakovic la obligatoriedad de sacar adelante la faena y sin excusas.<a href=\"https:\/\/www.canarias7.es\/deportes\/cb-gran-canaria\/lakovic-correr-milla-mirar-final-maraton-20251212121530-nt.html\" target=\"_blank\" data-voc-vtm-id=\"in-text-traffic\" title=\" Correr la milla sin mirar al final del marat\u00f3n,\" data-mrf-link=\"www.canarias7.es\" rel=\"nofollow noopener\"> Correr la milla sin mirar al final del marat\u00f3n,<\/a> que dijo el entrenador la semana pasada para ilustrar la velocidad justa que quiere en el equipo, porque de nada vale mirar al futuro si se descuida el presente. Un poco de eso ha venido pasando \u00faltimamente y as\u00ed le va al Granca.<\/p>\n<p class=\"v-p\"><strong>La vuelta de Jovan Kljajic a la que fue su casa le da al duelo cierto color <\/strong>porque, por mucho que Lakovic se esfuerce en disimularlo, no es el Granada uno de los adversarios pue m\u00e1s motiven para ambientar el Arena. Lo que conviene es centrar fuerzas en lo propio y en demostrarle a la afici\u00f3n que las promesas de mejorar y de agarrar regularidad al fin se plasman en hechos.<\/p>\n<p class=\"v-p\"><a href=\"https:\/\/www.canarias7.es\/deportes\/cb-gran-canaria\/brussino-recupera-galones-gran-canaria-champions-liga-20251217175534-nt.html\" target=\"_blank\" data-voc-vtm-id=\"in-text-traffic\" title=\"El momento emergente de Brussino, que ostenta la condici\u00f3n de jugador m\u00e1s valorado en las dos competiciones\" data-mrf-link=\"www.canarias7.es\" rel=\"nofollow noopener\">El momento emergente de Brussino, que ostenta la condici\u00f3n de jugador m\u00e1s valorado en las dos competiciones<\/a>, puede ser un asidero fiable para el resto. Ya se sabe lo que ofrece y da el argentino, que viene de hacer un gran partido contra el Benfica con 16 puntos y pretende mantener su promedio de 13 en la ACB. Ser\u00eda la mejor se\u00f1al que el bueno de Nico siga conectado y, <strong>con el necesario acompa\u00f1amiento de todos, tire del carro apelando a su indudable compromiso con la causa<\/strong>. La grada conoce a la perfecci\u00f3n lo que significa tenerle en la pista y con una inercia que va en beneficio del resto. \u00c9l sabe interpretar como pocos los momentos de necesidad como el actual y eso le suele propulsar. Aparecer cuando a otros les quema el bal\u00f3n en las manos. <\/p>\n<p>Reporta un error<\/p>\n","protected":false},"excerpt":{"rendered":"Viernes, 19 de diciembre 2025, 21:33 | Actualizado 21:57h. Vuelve el Granca al punto de partida en la&hellip;\n","protected":false},"author":2,"featured_media":298189,"comment_status":"","ping_status":"","sticky":false,"template":"","format":"standard","meta":{"footnotes":""},"categories":[269],"tags":[299,298,2425,9652,168,25,24,23,167],"class_list":{"0":"post-298188","1":"post","2":"type-post","3":"status-publish","4":"format-standard","5":"has-post-thumbnail","7":"category-baloncesto","8":"tag-baloncesto","9":"tag-basketball","10":"tag-cb-gran-canaria","11":"tag-coviran-granada","12":"tag-deportes","13":"tag-es","14":"tag-espana","15":"tag-spain","16":"tag-sports"},"share_on_mastodon":{"url":"https:\/\/pubeurope.com\/@es\/115752878404409920","error":""},"_links":{"self":[{"href":"https:\/\/www.europesays.com\/es\/wp-json\/wp\/v2\/posts\/298188","targetHints":{"allow":["GET"]}}],"collection":[{"href":"https:\/\/www.europesays.com\/es\/wp-json\/wp\/v2\/posts"}],"about":[{"href":"https:\/\/www.europesays.com\/es\/wp-json\/wp\/v2\/types\/post"}],"author":[{"embeddable":true,"href":"https:\/\/www.europesays.com\/es\/wp-json\/wp\/v2\/users\/2"}],"replies":[{"embeddable":true,"href":"https:\/\/www.europesays.com\/es\/wp-json\/wp\/v2\/comments?post=298188"}],"version-history":[{"count":0,"href":"https:\/\/www.europesays.com\/es\/wp-json\/wp\/v2\/posts\/298188\/revisions"}],"wp:featuredmedia":[{"embeddable":true,"href":"https:\/\/www.europesays.com\/es\/wp-json\/wp\/v2\/media\/298189"}],"wp:attachment":[{"href":"https:\/\/www.europesays.com\/es\/wp-json\/wp\/v2\/media?parent=298188"}],"wp:term":[{"taxonomy":"category","embeddable":true,"href":"https:\/\/www.europesays.com\/es\/wp-json\/wp\/v2\/categories?post=298188"},{"taxonomy":"post_tag","embeddable":true,"href":"https:\/\/www.europesays.com\/es\/wp-json\/wp\/v2\/tags?post=298188"}],"curies":[{"name":"wp","href":"https:\/\/api.w.org\/{rel}","templated":true}]}}