{"id":298194,"date":"2025-12-20T16:42:12","date_gmt":"2025-12-20T16:42:12","guid":{"rendered":"https:\/\/www.europesays.com\/es\/298194\/"},"modified":"2025-12-20T16:42:12","modified_gmt":"2025-12-20T16:42:12","slug":"amaia-tiene-claro-que-hubiera-sido-de-ella-sin-su-paso-por-ot-soy-una-persona-vaga","status":"publish","type":"post","link":"https:\/\/www.europesays.com\/es\/298194\/","title":{"rendered":"Amaia tiene claro qu\u00e9 hubiera sido de ella sin su paso por &#8216;OT&#8217;: &#8216;Soy una persona&#8230; \u00bfVaga?&#8217;"},"content":{"rendered":"<p>Si hay algo que describa a la cantante Amaia es su sinceridad y espontaneidad, y en una nueva entrevista para el diario <a href=\"https:\/\/elpais.com\/smoda\/famosos\/2025-12-20\/amaia-no-me-gustaria-tener-mas-popularidad-creo-que-no-tendria-la-capacidad-de-sobrellevar-mucha-mas-fama.html\" title=\"Amaia: \u201cMe encanta ser famosita, pero no famosa. Creo que no tendr\u00eda la capacidad de sobrellevar mucha m\u00e1s popularidad\u201d\" rel=\"nofollow noopener\" target=\"_blank\">El Pa\u00eds<\/a>, lo ha vuelto a demostrar. Si hace unos d\u00edas protagoniz\u00f3 m\u00faltiples titulares en los medios de comunicaci\u00f3n por su visita a<a href=\"https:\/\/www.huffingtonpost.es\/life\/la-operacion-triunfo-chenoa-concursante-distinta-ot-chenoa-presentadora-asi-muestran-concursantes-cambios-sociales-ultimos-25nos-f202512.html\" title=\"La &#039;Operaci\u00f3n Triunfo&#039; de Chenoa como concursante es muy distinta a la &#039;OT&#039; de Chenoa como presentadora: as\u00ed muestran sus concursantes los cambios sociales de estos \u00faltimos 25 a\u00f1os\" rel=\"nofollow noopener\" target=\"_blank\"> la Academia de OT 2025<\/a> de la mano de su compa\u00f1era y amiga Aitana, ahora ha vuelto a hablar de su paso por el programa de televisi\u00f3n. Pero tambi\u00e9n, <b>ha pronosticado qu\u00e9 hubiera sido de ella sin su paso por \u00e9l en 2017.<\/b><\/p>\n<p>En su conversaci\u00f3n, la cantante, de 26 a\u00f1os, confiesa que piensa \u00abmucho\u00bb en c\u00f3mo hubiese sido su carrera si no hubiera ganado el talent show. Cree que<b> \u00abhubiese entrado en el conservatorio\u00bb. <\/b>\u00abSoy una persona, digamos\u2026 \u00bfVaga? A mi psic\u00f3loga le comento que tengo la sensaci\u00f3n de que todo me ha venido un poco dado, como si no me hubiera tenido que esforzar\u00bb, asegura.<\/p>\n<p>\u00abSuena algo fr\u00edo, pero soy consciente de la suerte que he tenido\u00bb, reconoce. \u00abA veces me planteo que si no hubiese entrado a OT quiz\u00e1s no hubiese tenido la capacidad de luchar. Lo f\u00e1cil ser\u00eda decir que estoy segura de que me habr\u00eda puesto las pilas, pero quiz\u00e1s estar\u00eda viviendo con mis padres\u00bb, incide la artista, que <a href=\"https:\/\/amaiaromeroarbizu.com\/pages\/amaia-gira-arenas-2026\" rel=\"nofollow noopener\" target=\"_blank\">el pr\u00f3ximo 3 de enero comienza su gira<\/a> en su ciudad natal, Pamplona.<\/p>\n<p>Cuando OT termin\u00f3: \u00abNo ten\u00eda una idea tan definida\u00bb<\/p>\n<p>En su entrevista con El Pa\u00eds, Amaia ha rememorado c\u00f3mo fueron los d\u00edas posteriores a su paso por Operaci\u00f3n Triunfo. Confiesa que no fue f\u00e1cil, y que \u00abno ten\u00eda una idea tan definida\u00bb. \u00abNo s\u00e9 bien c\u00f3mo lo hice, pero <a href=\"https:\/\/www.huffingtonpost.es\/virales\/amaia-llega-polonia-aparecido-edificio-visto-venir-f202512.html\" title=\"Amaia llega hasta Polonia: lo que ha aparecido en un edificio no se ha visto venir\" rel=\"nofollow noopener\" target=\"_blank\">las cosas fueron saliendo as\u00ed de manera genuina\u00bb.<\/a><\/p>\n<p><b>Para los triunfitos de OT 2025 tiene un consejo: <\/b>\u00abEs vital, cuando sales de programas as\u00ed, estar rodeada de gente a la que le importas. Te ves a ti misma en una situaci\u00f3n para la que necesitar\u00edas tener a\u00f1os de experiencia y de la noche a la ma\u00f1ana te enfrentas a la industria, a contratos, a discogr\u00e1ficas\u2026\u00bb.<\/p>\n<p>\u00abEs como si de repente te pusieran a operar sin tener la carrera de Medicina\u00bb, compara la cantante, que asegura que \u00abes esencial tener a gente que te mantenga en la tierra\u2026\u00bb. \u00abEstoy agradecida porque por parte tanto de la discogr\u00e1fica como del p\u00fablico me he sentido muy respetada y me han dado la libertad necesaria para dejarme hacer. Se han fiado de mi criterio\u00bb, explica.<\/p>\n","protected":false},"excerpt":{"rendered":"Si hay algo que describa a la cantante Amaia es su sinceridad y espontaneidad, y en una nueva&hellip;\n","protected":false},"author":2,"featured_media":259428,"comment_status":"","ping_status":"","sticky":false,"template":"","format":"standard","meta":{"footnotes":""},"categories":[171],"tags":[48295,3061,146,147,25,24,256,185,23,214],"class_list":{"0":"post-298194","1":"post","2":"type-post","3":"status-publish","4":"format-standard","5":"has-post-thumbnail","7":"category-tv","8":"tag-amaia-romero","9":"tag-cantantes","10":"tag-entertainment","11":"tag-entretenimiento","12":"tag-es","13":"tag-espana","14":"tag-famosos","15":"tag-musica","16":"tag-spain","17":"tag-tv"},"share_on_mastodon":{"url":"https:\/\/pubeurope.com\/@es\/115752897276500330","error":""},"_links":{"self":[{"href":"https:\/\/www.europesays.com\/es\/wp-json\/wp\/v2\/posts\/298194","targetHints":{"allow":["GET"]}}],"collection":[{"href":"https:\/\/www.europesays.com\/es\/wp-json\/wp\/v2\/posts"}],"about":[{"href":"https:\/\/www.europesays.com\/es\/wp-json\/wp\/v2\/types\/post"}],"author":[{"embeddable":true,"href":"https:\/\/www.europesays.com\/es\/wp-json\/wp\/v2\/users\/2"}],"replies":[{"embeddable":true,"href":"https:\/\/www.europesays.com\/es\/wp-json\/wp\/v2\/comments?post=298194"}],"version-history":[{"count":0,"href":"https:\/\/www.europesays.com\/es\/wp-json\/wp\/v2\/posts\/298194\/revisions"}],"wp:featuredmedia":[{"embeddable":true,"href":"https:\/\/www.europesays.com\/es\/wp-json\/wp\/v2\/media\/259428"}],"wp:attachment":[{"href":"https:\/\/www.europesays.com\/es\/wp-json\/wp\/v2\/media?parent=298194"}],"wp:term":[{"taxonomy":"category","embeddable":true,"href":"https:\/\/www.europesays.com\/es\/wp-json\/wp\/v2\/categories?post=298194"},{"taxonomy":"post_tag","embeddable":true,"href":"https:\/\/www.europesays.com\/es\/wp-json\/wp\/v2\/tags?post=298194"}],"curies":[{"name":"wp","href":"https:\/\/api.w.org\/{rel}","templated":true}]}}