{"id":298204,"date":"2025-12-20T16:49:09","date_gmt":"2025-12-20T16:49:09","guid":{"rendered":"https:\/\/www.europesays.com\/es\/298204\/"},"modified":"2025-12-20T16:49:09","modified_gmt":"2025-12-20T16:49:09","slug":"elpuerto-de-santa-maria-calleja-inaugura-barbacoa-coreana-un-restaurante-que-se-incorpora-a-la-oferta-del-parque-comercial-bahia-mar","status":"publish","type":"post","link":"https:\/\/www.europesays.com\/es\/298204\/","title":{"rendered":"#ElPuerto de Santa Mar\u00eda &#8211; Calleja inaugura &#8216;Barbacoa coreana&#8217;, un restaurante que se incorpora a la oferta del Parque Comercial Bah\u00eda Mar"},"content":{"rendered":"<p>El teniente de alcalde de Comercio, David Calleja, ha inaugurado \u00abBarbacoa coreana\u00bb, un restaurante que se suma a la amplia oferta de ocio y servicios que agrupa el Parque Comercial Bah\u00eda Mar. El edil visit\u00f3 anoche el establecimiento, respondiendo a la invitaci\u00f3n que le hizo llegar la propiedad, comprobando la buena cocina de que disponen y la sugerente ambientaci\u00f3n.\u00a0<\/p>\n<p>Calleja, quien destaca c\u00f3mo siguen incorpor\u00e1ndose nuevas apuestas empresariales a la oferta que despliega El Puerto, estuvo acompa\u00f1ado tambi\u00e9n por la gerente del Parque, Mar\u00eda Gonz\u00e1lez. El edil agradece la invitaci\u00f3n cursada y subraya la buena labor profesional que est\u00e1 desarrollando Mar\u00eda Gonz\u00e1lez al frente de la gerencia del Parque, donde se est\u00e1 ofreciendo un amplio programa de actividades.<\/p>\n<p>La sociedad propietaria, que administra Xiaoyun Zhang, agradece al teniente de alcalde la visita y la difusi\u00f3n que aporta a esta nueva aventura empresarial. \u00abBarbacoa coreana\u00bb ofrece carnes de las mejores marcas y comida elaborada, de manera que el p\u00fablico disfruta de una experiencia diferente y muy sabrosa, pues tiene, por ejemplo, la oportunidad de interactuar con la barbacoa, incorporando su punto personal a la elaboraci\u00f3n del producto.<\/p>\n<p>Adem\u00e1s, la carta propone arroces, ensaladas, pastas, numerosas salsas y un amplio abanico de postres, siempre a precios econ\u00f3micos y con una buena relaci\u00f3n calidad \u2013 precio. Por citar algunos platos, se citan entrantes como alb\u00f3ndigas langostino en salsa ajo o gambas tempura, ensalada de brotes de soja, repollo o fruta, carnes de ternera, cerdo o pollo, pastas de queso y tomate o de algas con almejas y postres como souffl\u00e9 yuzu lim\u00f3n o coulant chocolate.<\/p>\n<p>En \u00abBarbacoa coreana\u00bb trabajan quince personas de manera directa, generando numerosos puestos indirectos. La empresa llevaba un a\u00f1o preparando su desembarco en el Parque Comercial y son conscientes de la buena acogida que reciben los establecimientos all\u00ed ubicados.<\/p>\n<p>El horario de \u00abBarbacoa coreana\u00bb comprende de lunes a domingo de 12:00 a 16:00 y de 20:00 a 24:00 horas. Las personas interesadas pueden contactar con el restaurante a trav\u00e9s del tel\u00e9fono 956 66 69 87 y obtener m\u00e1s informaci\u00f3n en Instagram a trav\u00e9s del perfil <a class=\"ck-link_selected\" href=\"https:\/\/www.instagram.com\/Kuili_orientalbbq\" target=\"_blank\" rel=\"noopener noreferrer nofollow\"><strong>Kuili_orientalbbq<\/strong><\/a><\/p>\n<p><script async src=\"\/\/www.instagram.com\/embed.js\"><\/script><\/p>\n","protected":false},"excerpt":{"rendered":"El teniente de alcalde de Comercio, David Calleja, ha inaugurado \u00abBarbacoa coreana\u00bb, un restaurante que se suma a&hellip;\n","protected":false},"author":2,"featured_media":298205,"comment_status":"","ping_status":"","sticky":false,"template":"","format":"standard","meta":{"footnotes":""},"categories":[80],"tags":[82,3903,95,94,5446,25,24,23],"class_list":{"0":"post-298204","1":"post","2":"type-post","3":"status-publish","4":"format-standard","5":"has-post-thumbnail","7":"category-economia","8":"tag-business","9":"tag-comercio","10":"tag-economia","11":"tag-economy","12":"tag-el-puerto","13":"tag-es","14":"tag-espana","15":"tag-spain"},"share_on_mastodon":{"url":"","error":""},"_links":{"self":[{"href":"https:\/\/www.europesays.com\/es\/wp-json\/wp\/v2\/posts\/298204","targetHints":{"allow":["GET"]}}],"collection":[{"href":"https:\/\/www.europesays.com\/es\/wp-json\/wp\/v2\/posts"}],"about":[{"href":"https:\/\/www.europesays.com\/es\/wp-json\/wp\/v2\/types\/post"}],"author":[{"embeddable":true,"href":"https:\/\/www.europesays.com\/es\/wp-json\/wp\/v2\/users\/2"}],"replies":[{"embeddable":true,"href":"https:\/\/www.europesays.com\/es\/wp-json\/wp\/v2\/comments?post=298204"}],"version-history":[{"count":0,"href":"https:\/\/www.europesays.com\/es\/wp-json\/wp\/v2\/posts\/298204\/revisions"}],"wp:featuredmedia":[{"embeddable":true,"href":"https:\/\/www.europesays.com\/es\/wp-json\/wp\/v2\/media\/298205"}],"wp:attachment":[{"href":"https:\/\/www.europesays.com\/es\/wp-json\/wp\/v2\/media?parent=298204"}],"wp:term":[{"taxonomy":"category","embeddable":true,"href":"https:\/\/www.europesays.com\/es\/wp-json\/wp\/v2\/categories?post=298204"},{"taxonomy":"post_tag","embeddable":true,"href":"https:\/\/www.europesays.com\/es\/wp-json\/wp\/v2\/tags?post=298204"}],"curies":[{"name":"wp","href":"https:\/\/api.w.org\/{rel}","templated":true}]}}