{"id":298206,"date":"2025-12-20T16:50:24","date_gmt":"2025-12-20T16:50:24","guid":{"rendered":"https:\/\/www.europesays.com\/es\/298206\/"},"modified":"2025-12-20T16:50:24","modified_gmt":"2025-12-20T16:50:24","slug":"chiara-ferragni-defiende-su-inocencia-ante-el-juez-en-una-nueva-vista-por-el-caso-de-los-pandoro-estoy-tranquila-y-confiada-gente","status":"publish","type":"post","link":"https:\/\/www.europesays.com\/es\/298206\/","title":{"rendered":"Chiara Ferragni defiende su inocencia ante el juez en una nueva vista por el caso de los \u2018pandoro\u2019: \u201cEstoy tranquila y confiada\u201d | Gente"},"content":{"rendered":"<p class=\"\">La influencer italiana Chiara Ferragni, <a href=\"https:\/\/elpais.com\/gente\/2025-11-04\/chiara-ferragni-acude-por-primera-vez-al-tribunal-como-acusada-de-estafa-agravada-es-un-momento-dificil.html\" target=\"_blank\" rel=\"noreferrer nofollow noopener\" title=\"https:\/\/elpais.com\/gente\/2025-11-04\/chiara-ferragni-acude-por-primera-vez-al-tribunal-como-acusada-de-estafa-agravada-es-un-momento-dificil.html\">acusada de estafa agravada por promocionar unos dulces con supuestos objetivos ben\u00e9ficos<\/a> que despu\u00e9s no eran tales, ha defendido su inocencia ante el juez. En la \u00faltima vista del proceso, celebrada este viernes 19 de diciembre, los abogados de la empresaria italiana han solicitado su absoluci\u00f3n. \u201cSepan que Chiara es inocente desde cualquier punto de vista en el que se mire este asunto. No hay delito\u201d, explicaron a los medios los letrados Giuseppe Iannaccone y Marcello Bana, despu\u00e9s de realizar los alegatos defensivos en la sala del tribunal. El equipo legal de Ferragni aclar\u00f3 tambi\u00e9n que han entregado al juez documentaci\u00f3n que avala las \u201cm\u00faltiples razones\u201d que seg\u00fan ellos sostienen la inocencia de su defendida. <\/p>\n<p class=\"\">Ferragni opt\u00f3 por que el juicio se celebrara siguiendo el procedimiento abreviado, lo que significa que ha renunciado a la fase de debate y, en caso de condena, la pena se reducir\u00e1. En las vistas anteriores, aunque no estaba prevista su declaraci\u00f3n en esta modalidad de juicio, la creadora de contenido quiso intervenir ante el juez y dijo que siempre hab\u00eda actuado \u201cde buena fe\u201d y como mucho hab\u00eda cometido algunos \u201cerrores de comunicaci\u00f3n\u201d. La sentencia se conocer\u00e1 previsiblemente el pr\u00f3ximo mes. <\/p>\n<p>M\u00e1s informaci\u00f3n<\/p>\n<p class=\"\">El caso ha despertado una gran atenci\u00f3n medi\u00e1tica en Italia. Este viernes, a la salida del aula del tribunal de Mil\u00e1n en el que se est\u00e1n juzgando los hechos, decenas de periodistas esperaban a Ferragni. La influencer, como en ocasiones anteriores, descart\u00f3 realizar declaraciones. \u201cHe escuchado a mis abogados y estoy tranquila y confiada. Espero que vaya bien\u201d, se limit\u00f3 a decir.<\/p>\n<p class=\"\">Una de las creadoras de contenido m\u00e1s famosas del mundo <a href=\"https:\/\/elpais.com\/gente\/2023-12-22\/el-imperio-de-chiara-ferragni-en-apuros-por-su-polemica-beneficencia.html\" target=\"_blank\" rel=\"noreferrer nofollow noopener\" title=\"https:\/\/elpais.com\/gente\/2023-12-22\/el-imperio-de-chiara-ferragni-en-apuros-por-su-polemica-beneficencia.html\">est\u00e1 acusada de estafa agravada<\/a>, junto con otras dos personas. Seg\u00fan las acusaciones, entre 2021 y 2022 la influencer y empresaria italiana ide\u00f3 campa\u00f1as promocionales enga\u00f1osas en las que daba a entender que realizar\u00eda donaciones a organizaciones ben\u00e9ficas con una parte del dinero recaudado por la venta de los productos. Se trataba de pandoros \u2014por eso al caso se le conoce como el Pandorogate\u2014, dulces t\u00edpicos navide\u00f1os de la marca Balocco, y de los huevos de Pascua de la marca Dolci Preziosi. En ambos casos, los art\u00edculos se vendieron en distintas campa\u00f1as con un envoltorio especial que conten\u00eda el logotipo de la marca de Ferragni, por un precio bastante superior al habitual y con supuestos fines ben\u00e9ficos que no fueron tales.<\/p>\n<p><img alt=\"Chiara Ferragni\" decoding=\"auto\" class=\"_re lazyload a_m-h\" height=\"276\"  width=\"414\"  src=\"https:\/\/www.europesays.com\/es\/wp-content\/uploads\/2025\/12\/YHJDUO6VSFAMHE6LDII3WWJJ7U.jpg\" loading=\"lazy\"\/>A ra\u00edz del esc\u00e1ndalo del &#8216;pandoro&#8217;, el imperio millonario que la influencer hab\u00eda levantado sobre las redes sociales comenz\u00f3 a resentirse.Patricia J. Garcinu\u00f1o (FilmMagic)<\/p>\n<p class=\"\">La publicidad induc\u00eda al consumidor a pensar que parte de la recaudaci\u00f3n de las ventas <a href=\"https:\/\/elpais.com\/gente\/2023-12-18\/chiara-ferragni-pide-perdon-y-asegura-que-donara-un-millon-de-euros-tras-ser-multada-por-vender-un-producto-con-falsos-fines-beneficos.html\" target=\"_blank\" rel=\"noreferrer nofollow noopener\" title=\"https:\/\/elpais.com\/gente\/2023-12-18\/chiara-ferragni-pide-perdon-y-asegura-que-donara-un-millon-de-euros-tras-ser-multada-por-vender-un-producto-con-falsos-fines-beneficos.html\">ir\u00eda destinada a obras ben\u00e9ficas<\/a> en un hospital de Tur\u00edn. En el caso de los pandoros, se acab\u00f3 descubriendo que la empresa hab\u00eda donado 50.000 euros al centro m\u00e9dico meses antes de sacar los productos al mercado, por lo que la donaci\u00f3n no guardaba ninguna relaci\u00f3n con las ventas. Las empresas vinculadas a la creadora de contenido italiana recaudaron m\u00e1s de un mill\u00f3n de euros gracias a esta campa\u00f1a. Tambi\u00e9n est\u00e1 acusada de promocionar la venta de huevos de Pascua con el mismo sistema.<\/p>\n<p class=\"\">El abogado de la acusaci\u00f3n que representa a una asociaci\u00f3n de consumidores se\u00f1al\u00f3 en la vista anterior que los seguidores conf\u00edan en los influencers y que, si estos les dicen que compren algo, lo hacen. <a href=\"https:\/\/elpais.com\/gente\/2025-11-25\/la-fiscalia-pide-un-ano-y-ocho-meses-de-prision-para-chiara-ferragni-acusada-de-estafa-agravada.html\" target=\"_blank\" rel=\"noreferrer nofollow noopener\" title=\"https:\/\/elpais.com\/gente\/2025-11-25\/la-fiscalia-pide-un-ano-y-ocho-meses-de-prision-para-chiara-ferragni-acusada-de-estafa-agravada.html\">La fiscal\u00eda solicit\u00f3 tambi\u00e9n en la audiencia anterior<\/a> una condena de un a\u00f1o y ocho meses de prisi\u00f3n. Los fiscales han revisado los correos electr\u00f3nicos de los que, seg\u00fan la acusaci\u00f3n, se desprend\u00eda que las indicaciones para gestionar las ventas de los dulces con la imagen de la influencer las hab\u00edan dado las empresas de Ferragni. Y han explicado que cuando llegaban mensajes de clientes preguntando qu\u00e9 parte del precio de venta \u2013 que casi triplicaba el coste habitual de los productos \u2013 se destinar\u00eda a obras ben\u00e9ficas, los responsables de Balocco no respond\u00edan o se andaban con rodeos. Lo mismo ocurr\u00eda, seg\u00fan reconstruyeron, con los huevos de Pascua.<\/p>\n<p class=\"\">Ferragni, ante el juez, habl\u00f3, en cambio, de las numerosas actividades ben\u00e9ficas que ha llevado a cabo a lo largo de los a\u00f1os, entre ellas la recaudaci\u00f3n de fondos que cre\u00f3 en el pasado, junto con su entonces marido, <a href=\"https:\/\/elpais.com\/gente\/2024-04-10\/fedez-habla-por-primera-vez-de-su-separacion-de-chiara-ferragni-lamentablemente-no-aguantamos.html\" target=\"_blank\" rel=\"noreferrer nofollow noopener\" title=\"https:\/\/elpais.com\/gente\/2024-04-10\/fedez-habla-por-primera-vez-de-su-separacion-de-chiara-ferragni-lamentablemente-no-aguantamos.html\">el rapero Fedez<\/a>, para la unidad de cuidados intensivos del San Raffaele durante la pandemia de coronavirus o sus alegatos en p\u00fablico para condenar la violencia contra las mujeres.<\/p>\n<p><img decoding=\"auto\" class=\"_re lazyload a_m-h\" height=\"276\"  width=\"414\"  src=\"https:\/\/www.europesays.com\/es\/wp-content\/uploads\/2025\/12\/JESK34QORZAM3FKOAH5PLGPBVQ.jpg\" loading=\"lazy\"\/>La tormenta medi\u00e1tica por el conocido como &#8216;pandorogate&#8217; desencaden\u00f3 la ruptura de Chiara Ferragni con su marido y padre de sus dos hijos, el rapero italiano Fedez.Theo Wargo (WireImage)<\/p>\n<p class=\"\">Hace unos d\u00edas, Pasquale Morgese, empresario y antiguo socio de Chiara Ferragni, acus\u00f3 a la influencer de priorizar las ganancias inmediatas sobre los productos que promocionaba y defini\u00f3 la marca de la creadora de contenido como \u201cuna m\u00e1quina de generar beneficios\u201d. \u201cChiara solo pensaba en ganar dinero. Esa era su nueva misi\u00f3n. La adquisici\u00f3n, la expansi\u00f3n. El valor ya no era el producto, la emoci\u00f3n del cliente o la identidad de la marca. El valor era el beneficio. Y punto\u201d, apunt\u00f3 Morgese en una entrevista en el programa de la televisi\u00f3n p\u00fablica italiana Farwest.<\/p>\n<p class=\"\">A ra\u00edz del esc\u00e1ndalo del pandoro, el imperio millonario que la influencer hab\u00eda levantado sobre las redes sociales comenz\u00f3 a resentirse: la facturaci\u00f3n se desplom\u00f3, las grandes marcas de las que era imagen se desvincularon de ella y su reputaci\u00f3n qued\u00f3 tocada. Adem\u00e1s, la tormenta medi\u00e1tica tambi\u00e9n desencaden\u00f3 la <a href=\"https:\/\/elpais.com\/gente\/2024-11-12\/chiara-ferragni-y-fedez-llegan-a-un-acuerdo-de-separacion.html\" target=\"_blank\" rel=\"noreferrer nofollow noopener\" title=\"https:\/\/elpais.com\/gente\/2024-11-12\/chiara-ferragni-y-fedez-llegan-a-un-acuerdo-de-separacion.html\">ruptura con su marido y padre de sus dos hijos, el rapero italiano Fedez<\/a>.<\/p>\n","protected":false},"excerpt":{"rendered":"La influencer italiana Chiara Ferragni, acusada de estafa agravada por promocionar unos dulces con supuestos objetivos ben\u00e9ficos que&hellip;\n","protected":false},"author":2,"featured_media":298207,"comment_status":"","ping_status":"","sticky":false,"template":"","format":"standard","meta":{"footnotes":""},"categories":[42],"tags":[17,18,424,18495,256,13,14,260,11,2183,61,62,63,64,628,2128,19,20,9,10,15,16,12,21,22,65,66,67],"class_list":{"0":"post-298206","1":"post","2":"type-post","3":"status-publish","4":"format-standard","5":"has-post-thumbnail","7":"category-internacional","8":"tag-breaking-news","9":"tag-breakingnews","10":"tag-chiara-ferragni","11":"tag-estafas","12":"tag-famosos","13":"tag-featured-news","14":"tag-featurednews","15":"tag-gente","16":"tag-headlines","17":"tag-influencers","18":"tag-internacional","19":"tag-international","20":"tag-international-news","21":"tag-internationalnews","22":"tag-italia","23":"tag-juicios","24":"tag-latest-news","25":"tag-latestnews","26":"tag-news","27":"tag-noticias","28":"tag-noticias-destacadas","29":"tag-noticiasdestacadas","30":"tag-titulares","31":"tag-ultimas-noticias","32":"tag-ultimasnoticias","33":"tag-world","34":"tag-world-news","35":"tag-worldnews"},"share_on_mastodon":{"url":"","error":"Validation failed: Text character limit of 500 exceeded"},"_links":{"self":[{"href":"https:\/\/www.europesays.com\/es\/wp-json\/wp\/v2\/posts\/298206","targetHints":{"allow":["GET"]}}],"collection":[{"href":"https:\/\/www.europesays.com\/es\/wp-json\/wp\/v2\/posts"}],"about":[{"href":"https:\/\/www.europesays.com\/es\/wp-json\/wp\/v2\/types\/post"}],"author":[{"embeddable":true,"href":"https:\/\/www.europesays.com\/es\/wp-json\/wp\/v2\/users\/2"}],"replies":[{"embeddable":true,"href":"https:\/\/www.europesays.com\/es\/wp-json\/wp\/v2\/comments?post=298206"}],"version-history":[{"count":0,"href":"https:\/\/www.europesays.com\/es\/wp-json\/wp\/v2\/posts\/298206\/revisions"}],"wp:featuredmedia":[{"embeddable":true,"href":"https:\/\/www.europesays.com\/es\/wp-json\/wp\/v2\/media\/298207"}],"wp:attachment":[{"href":"https:\/\/www.europesays.com\/es\/wp-json\/wp\/v2\/media?parent=298206"}],"wp:term":[{"taxonomy":"category","embeddable":true,"href":"https:\/\/www.europesays.com\/es\/wp-json\/wp\/v2\/categories?post=298206"},{"taxonomy":"post_tag","embeddable":true,"href":"https:\/\/www.europesays.com\/es\/wp-json\/wp\/v2\/tags?post=298206"}],"curies":[{"name":"wp","href":"https:\/\/api.w.org\/{rel}","templated":true}]}}