{"id":298210,"date":"2025-12-20T16:52:16","date_gmt":"2025-12-20T16:52:16","guid":{"rendered":"https:\/\/www.europesays.com\/es\/298210\/"},"modified":"2025-12-20T16:52:16","modified_gmt":"2025-12-20T16:52:16","slug":"paralisis-e-inmovilismo-sumar-lleva-meses-repitiendo-argumentos-frente-a-la-corrupcion-the-objective","status":"publish","type":"post","link":"https:\/\/www.europesays.com\/es\/298210\/","title":{"rendered":"\u00abPar\u00e1lisis\u00bb e \u00abinmovilismo\u00bb: Sumar lleva meses repitiendo argumentos frente a la corrupci\u00f3n &#8211; The Objective"},"content":{"rendered":"<ol>\n<li><a href=\"https:\/\/news.google.com\/rss\/articles\/CBMilgFBVV95cUxQY3FfLXRPbTZvNHlkVDVCVktrbUtPUXRTOXh5S25iMzc0M1NLV2ZOTU5oQmFnQmxjQ29MSHlsbkljYUdBRnZBNldGRXBPa19USnlPMG1SUmd3UW5aQksyV3U0OWVTeGRqV2NuU2hESld1MTVuLXdBUThpOGFGcDdWSC1IRndNS1owOHNMUmxFeW5zanN4MWfSAZsBQVVfeXFMUC1oSnJvZmpZZG5DZzYwbkdNZng1OEZiZS1hVmt6ZTdqUzJYSmcyOXZrcXlfSkxoQ1BCMWJHZDAtLTllbHNxbFNYaDdYcS0wM0FFSFE4VzJRbmNVcl9HeGFpNF9SSGJwQ3FJUjExcUtGUEpjdUpWb0Q5M0lqLWRzZGJScjU2bWgzdVV4ZTRRX0FHNkdJR05kekcxNGM?oc=5\" target=\"_blank\" rel=\"nofollow noopener\">\u00abPar\u00e1lisis\u00bb e \u00abinmovilismo\u00bb: Sumar lleva meses repitiendo argumentos frente a la corrupci\u00f3n<\/a>&nbsp;&nbsp;The Objective<\/li>\n<li><a href=\"https:\/\/news.google.com\/rss\/articles\/CBMi4gFBVV95cUxNRXZvTjhmNl9BYWdsNFh0aWc5NV9XYVdJOGhpXzdkNFBUTmw2RS1tMlBhdkRVX25ZYmNqRWo0Z0kwOXlGMi1GYjhQRzBQZ1BhcHhLZ2F6bE00MlZDMTlqTS1BNHpyNThsalpVbWhOTE1MNzJMNjljRFRwNGYwMkstRmt6Ql9jS3hPb2xHWEd3SFE2VXpTUDR5UXU5WEtydWpBUjg1RDduVUpjekdnTk5QYnBPcjhtem5xOXhKRmZrVk5NamtSTlpYR183VXFJUGVLYmdqLS1WdEk4VnBUYnpfNXNB?oc=5\" target=\"_blank\" rel=\"nofollow noopener\">Sumar no ve \u201cavances significativos\u201d en la reuni\u00f3n con el PSOE y acusa al partido de S\u00e1nchez de \u201cbunkerizarse\u201d<\/a>&nbsp;&nbsp;EL PA\u00cdS<\/li>\n<li><a href=\"https:\/\/news.google.com\/rss\/articles\/CBMimwFBVV95cUxOYnF6VnkzVzNWOE1WV3pVTkc5MmNsUzdJNFFKeUlMNnJweThqQ1RaSW1LOGFpcHJaYng5bXc5cnkxYUVnTWF6WWV6MjM5cUJEeGJHbndoRU1DM1FMN1I3bFBmSFJNZWdHZG5QZnR6dFFmRENvQmdPZ0tjOFJQQjVtZUFOd196b0VyVzRGOGtPNTZndTA0eGZucW5ocw?oc=5\" target=\"_blank\" rel=\"nofollow noopener\">Sumar no da por zanjada la crisis y advierte al PSOE de que \u00abpodr\u00eda poner en riesgo\u00bb el acuerdo de investidura<\/a>&nbsp;&nbsp;ABC<\/li>\n<li><a href=\"https:\/\/news.google.com\/rss\/articles\/CBMingJBVV95cUxOc1RJSWxtSTV0ek9BRzdrX0ZqWWg1bDd6Z1A3a3pXTUhRR3hWZnJIMWJTbXNpWGFLTG83YzVKcUpmeGFWTDY1MGExSWN5ckp1LXpXdUx6U3Y3X0dteXlrcGtzQ2VxVmVPNWRnRHh1dEFZdmFiX2ZkdndIWTFoWk1hVE9ZMUx5UDdCMzlEUGpaMWE0UTN6TW9FWFNmWkFRYlRONkZ3Tm1mQ05yeXdrUjQ5VE5nM3NDdHZTYUQ0NngzZERJdGp2WXo0d3Z2N2NVTjF3RkdVUENvamw4Yy1PSFdjYUhPdWRia0RBU3hRSUJmNUV3WDBvSW5VRk1TWllCcG04bEZldnNwN3FDeWVJUklyaWw1dXV1NHlQdlFMRGZ30gGeAkFVX3lxTE42NWRpZVVGYlJLX2xCRjlMLTR4TTVoSXdoY2VreFg0R25NTjJkU3FLanVoQ05wdERYZFpmMlZkRC1ONm9LNzluVUF4eF83RHdiUUxxQm1mMDA2MnhUOGt6VVBlYmZ4eU5ISlZfczExQWR2WDBoS0ljVGZRU1FKbnlBNnNKVkNLS0JHX19DNGdCX0E0bmphRkhIS3FwRFZGb25zOFhyM1dOZW1saUp4VHM2Uk81V2tvNHNwbmh6SVhQa1d0VWozWGZ2YXB3LUFSOUVRM0kxSEdCeHgzSW1hb25Ocm8yamROUW1pelpkeHFZRW1Jd1NRLW5KTDBwQjFrMjFzXzJwM25nWVB6bXhWMnNpSXpURi1LanFkOVdCTWc?oc=5\" target=\"_blank\" rel=\"nofollow noopener\">De la reuni\u00f3n clandestina de S\u00e1nchez y D\u00edaz a una cumbre parip\u00e9 para abordar la crisis: Sumar reconoce que el<\/a>&nbsp;&nbsp;LaSexta<\/li>\n<li><a href=\"https:\/\/news.google.com\/rss\/articles\/CBMiekFVX3lxTE1oNGtINUU1aE5GQXZNM1BfTUVKQU1kN2htODFONUVlMy1zWk43Zl9ra2VQSGdSSWx4Wk9ZczhKaU1ma2YtM1NpTExyUHpfdEhJV1hqRGlaZnZaaWtreGhNVk1iZlQ1SkltYjVXRXpnZGE4WHA5RWJYdG9B0gF6QVVfeXFMTTlXSVFrU0g1U2FCQnFNSE5HMkxRZ3oySDFweU1kNklRSmZXRkl1UTZ5cFlES21OWGhtNktIOVVWUzhWWk5DeGNRUXZ5WElraWtJa0lSZUJFMW5OQ1ZicEJ2eDNqRkdIZVFuVjl1cXpkLW9CS1pTWEdkUUE?oc=5\" target=\"_blank\" rel=\"nofollow noopener\">Fracasa la reuni\u00f3n de los socios: Sumar acusa al PSOE de \u00abbunkerizarse\u00bb y le interroga sobre la corrupci\u00f3n y el acoso<\/a>&nbsp;&nbsp;El Mundo<\/li>\n<\/ol>\n","protected":false},"excerpt":{"rendered":"\u00abPar\u00e1lisis\u00bb e \u00abinmovilismo\u00bb: Sumar lleva meses repitiendo argumentos frente a la corrupci\u00f3n&nbsp;&nbsp;The Objective Sumar no ve \u201cavances significativos\u201d&hellip;\n","protected":false},"author":2,"featured_media":297172,"comment_status":"","ping_status":"","sticky":false,"template":"","format":"standard","meta":{"footnotes":""},"categories":[5],"tags":[17,18,25,24,13,14,11,19,20,9,10,15,16,23,12,21,22],"class_list":{"0":"post-298210","1":"post","2":"type-post","3":"status-publish","4":"format-standard","5":"has-post-thumbnail","7":"category-titulares","8":"tag-breaking-news","9":"tag-breakingnews","10":"tag-es","11":"tag-espana","12":"tag-featured-news","13":"tag-featurednews","14":"tag-headlines","15":"tag-latest-news","16":"tag-latestnews","17":"tag-news","18":"tag-noticias","19":"tag-noticias-destacadas","20":"tag-noticiasdestacadas","21":"tag-spain","22":"tag-titulares","23":"tag-ultimas-noticias","24":"tag-ultimasnoticias"},"share_on_mastodon":{"url":"https:\/\/pubeurope.com\/@es\/115752936582262579","error":""},"_links":{"self":[{"href":"https:\/\/www.europesays.com\/es\/wp-json\/wp\/v2\/posts\/298210","targetHints":{"allow":["GET"]}}],"collection":[{"href":"https:\/\/www.europesays.com\/es\/wp-json\/wp\/v2\/posts"}],"about":[{"href":"https:\/\/www.europesays.com\/es\/wp-json\/wp\/v2\/types\/post"}],"author":[{"embeddable":true,"href":"https:\/\/www.europesays.com\/es\/wp-json\/wp\/v2\/users\/2"}],"replies":[{"embeddable":true,"href":"https:\/\/www.europesays.com\/es\/wp-json\/wp\/v2\/comments?post=298210"}],"version-history":[{"count":0,"href":"https:\/\/www.europesays.com\/es\/wp-json\/wp\/v2\/posts\/298210\/revisions"}],"wp:featuredmedia":[{"embeddable":true,"href":"https:\/\/www.europesays.com\/es\/wp-json\/wp\/v2\/media\/297172"}],"wp:attachment":[{"href":"https:\/\/www.europesays.com\/es\/wp-json\/wp\/v2\/media?parent=298210"}],"wp:term":[{"taxonomy":"category","embeddable":true,"href":"https:\/\/www.europesays.com\/es\/wp-json\/wp\/v2\/categories?post=298210"},{"taxonomy":"post_tag","embeddable":true,"href":"https:\/\/www.europesays.com\/es\/wp-json\/wp\/v2\/tags?post=298210"}],"curies":[{"name":"wp","href":"https:\/\/api.w.org\/{rel}","templated":true}]}}