{"id":298213,"date":"2025-12-20T17:00:16","date_gmt":"2025-12-20T17:00:16","guid":{"rendered":"https:\/\/www.europesays.com\/es\/298213\/"},"modified":"2025-12-20T17:00:16","modified_gmt":"2025-12-20T17:00:16","slug":"el-baskonia-de-bestia-negra-a-rival-propicio-del-unicaja","status":"publish","type":"post","link":"https:\/\/www.europesays.com\/es\/298213\/","title":{"rendered":"El Baskonia, de bestia negra a rival propicio del Unicaja"},"content":{"rendered":"<p>Hubo un tiempo en el que el Baskonia domin\u00f3 con pu\u00f1o de hierro ante el Unicaja, aunque las cosas han cambiado de un tiempo a  &#8230; esta parte. Hasta hace no demasiado, el cuadro vitoriano consigui\u00f3 ganarle hasta ocho encuentros consecutivos al equipo malague\u00f1o, desde noviembre de 2017 hasta marzo de 2019. Un a\u00f1o y medio de enfrentamientos en Euroliga y Liga ACB que se saldaron con triunfos azulgranas. Entonces, el proyecto del conjunto baskonista era un espejo en el que mirarse para el Unicaja. Y hasta en ese sentido han cambiado las cosas. Desde entonces, ambos clubes se han repartido las victorias y hasta se han intercambiado el rol de proyecto mod\u00e9lico, con el \u00fanico asterisco de la Liga que conquist\u00f3 el Baskonia en 2020, algo extra\u00f1a por el covid.<\/p>\n<p class=\"v-p\">En este punto, estos equipos, actores protagonistas de uno de los cl\u00e1sicos de la Liga ACB, que siempre han servido de atractiva alternativa a la hegemon\u00eda futbolera, tambi\u00e9n junto al Joventut y el Valencia, presentan realidades bien distintas. El Baskonia est\u00e1 sumido en una espiral de incertidumbre, con un proyecto inestable, con cambios cada verano en el banquillo y vi\u00e9ndose lastrado por la Euroliga, pese a lograr la continuidad de su bloque a\u00f1o a a\u00f1o y apunte alto con fichajes de corto renombre en el baloncesto europeo. Estos dos \u00faltimos a\u00f1os se ha quedado fuera de la Copa, lo que refleja de una forma muy justa la situaci\u00f3n en la que se ve sumido el conjunto de la capital alavesa. Por el momento es noveno y deber\u00e1 apretar para romper esta negativa racha de temporadas qued\u00e1ndose fuera de la competici\u00f3n del &#8216;KO&#8217;.<\/p>\n<p class=\"v-p\">En las \u00faltimas temporadas, desde la extra\u00f1a fase final de 2020 para decidir al campe\u00f3n de Liga, s\u00f3lo se han cruzado en la fase regular de la ACB. Los \u00faltimos cuatro cruces han ca\u00eddo del lado malague\u00f1o: tanto los del Carpena como los del Buesa. El hist\u00f3rico de enfrentamientos es favorable al Baskonia, aunque la tendencia es cambiante y las cosas se han igualado con el paso de los a\u00f1os: de las 127 batallas que han librado ambos equipos, el Unicaja ha ganado 56 y el Baskonia, 71.<\/p>\n<p class=\"v-p\">A priori, el Unicaja parte como favorito si se tiene en cuenta la trayectoria de ambos equipos en lo que va de competici\u00f3n dom\u00e9stica. El Unicaja se est\u00e1 mostrando muy fiable en su pabell\u00f3n (ha ganado cuatro de los cinco partidos que ha disputado en casa) mientras que el Baskonia ha estado desafortunado lejos del Buesa (s\u00f3lo ha ganado uno de los cinco, ante el Covir\u00e1n Granada, el colista de la ACB junto con el San Pablo Burgos).<\/p>\n","protected":false},"excerpt":{"rendered":"Hubo un tiempo en el que el Baskonia domin\u00f3 con pu\u00f1o de hierro ante el Unicaja, aunque las&hellip;\n","protected":false},"author":2,"featured_media":298214,"comment_status":"","ping_status":"","sticky":false,"template":"","format":"standard","meta":{"footnotes":""},"categories":[269],"tags":[299,298,4714,11550,168,25,24,24635,70931,6260,23,167],"class_list":{"0":"post-298213","1":"post","2":"type-post","3":"status-publish","4":"format-standard","5":"has-post-thumbnail","7":"category-baloncesto","8":"tag-baloncesto","9":"tag-basketball","10":"tag-baskonia","11":"tag-bestia","12":"tag-deportes","13":"tag-es","14":"tag-espana","15":"tag-negra","16":"tag-propicio","17":"tag-rival","18":"tag-spain","19":"tag-sports"},"share_on_mastodon":{"url":"https:\/\/pubeurope.com\/@es\/115752968188077429","error":""},"_links":{"self":[{"href":"https:\/\/www.europesays.com\/es\/wp-json\/wp\/v2\/posts\/298213","targetHints":{"allow":["GET"]}}],"collection":[{"href":"https:\/\/www.europesays.com\/es\/wp-json\/wp\/v2\/posts"}],"about":[{"href":"https:\/\/www.europesays.com\/es\/wp-json\/wp\/v2\/types\/post"}],"author":[{"embeddable":true,"href":"https:\/\/www.europesays.com\/es\/wp-json\/wp\/v2\/users\/2"}],"replies":[{"embeddable":true,"href":"https:\/\/www.europesays.com\/es\/wp-json\/wp\/v2\/comments?post=298213"}],"version-history":[{"count":0,"href":"https:\/\/www.europesays.com\/es\/wp-json\/wp\/v2\/posts\/298213\/revisions"}],"wp:featuredmedia":[{"embeddable":true,"href":"https:\/\/www.europesays.com\/es\/wp-json\/wp\/v2\/media\/298214"}],"wp:attachment":[{"href":"https:\/\/www.europesays.com\/es\/wp-json\/wp\/v2\/media?parent=298213"}],"wp:term":[{"taxonomy":"category","embeddable":true,"href":"https:\/\/www.europesays.com\/es\/wp-json\/wp\/v2\/categories?post=298213"},{"taxonomy":"post_tag","embeddable":true,"href":"https:\/\/www.europesays.com\/es\/wp-json\/wp\/v2\/tags?post=298213"}],"curies":[{"name":"wp","href":"https:\/\/api.w.org\/{rel}","templated":true}]}}