{"id":298217,"date":"2025-12-20T17:02:11","date_gmt":"2025-12-20T17:02:11","guid":{"rendered":"https:\/\/www.europesays.com\/es\/298217\/"},"modified":"2025-12-20T17:02:11","modified_gmt":"2025-12-20T17:02:11","slug":"el-dia-que-carmen-lomana-gano-la-loteria-de-navidad-y-no-cobro-el-premio-por-un-descuido-no-lo-mire-y-me-toco","status":"publish","type":"post","link":"https:\/\/www.europesays.com\/es\/298217\/","title":{"rendered":"El d\u00eda que Carmen Lomana gan\u00f3 la Loter\u00eda de Navidad y no cobr\u00f3 el premio por un descuido: \u201cNo lo mir\u00e9 y me toc\u00f3\u201d"},"content":{"rendered":"<p class=\"\">Cada 22 de diciembre, la Loter\u00eda de Navidad se convierte en uno de los <b>grandes<\/b> <b>protagonistas<\/b> en Espa\u00f1a. El sorteo, seguido por millones de personas, marca el <b>inicio simb\u00f3lico<\/b> de las fiestas y despierta ilusi\u00f3n incluso entre quienes aseguran no creer demasiado en la suerte. <\/p>\n<p class=\"\">Sin embargo, no todos los d\u00e9cimos premiados llegan a cobrarse. Una de esas historias la protagoniz\u00f3 <b>Carmen Lomana,<\/b> empresaria y rostro habitual de los medios, que perdi\u00f3 un premio por no comprobar a tiempo el n\u00famero que ten\u00eda en su poder.<\/p>\n<p>Un regalo que pas\u00f3 desapercibido<\/p>\n<p class=\"\">La propia Carmen Lomana relat\u00f3 esta an\u00e9cdota en una entrevista concedida a \u2018El Mundo\u2019. Aunque reconoce ser seguidora del sorteo navide\u00f1o, hubo una \u00e9poca en la que<b> no compraba los d\u00e9cimos.<\/b> Todo cambi\u00f3 a ra\u00edz de que un amigo le regalase un n\u00famero de Loter\u00eda de Navidad como <b>detalle<\/b>. En medio de las celebraciones y compromisos propios de esas fechas, Lomana <b>no revis\u00f3 el boleto y dej\u00f3 pasar el tiempo<\/b> sin comprobar si hab\u00eda resultado premiado.<\/p>\n<p class=\"\">Cuando descubri\u00f3 lo ocurrido, <b>ya era demasiado tarde: <\/b>\u201cNo lo mir\u00e9 y me toc\u00f3\u201d, explic\u00f3 con una mezcla de sorpresa y humor. El premio, seg\u00fan ella misma estim\u00f3, <b>rondaba entre los tres y los cuatro mil euros,<\/b> una cantidad modesta en comparaci\u00f3n con el \u201cGordo\u201d, pero lo suficientemente significativa como para querer reclamarlo.<\/p>\n<p>Una buena lecci\u00f3n <\/p>\n<p class=\"\">M\u00e1s all\u00e1 de la cifra, la experiencia supuso una <b>ense\u00f1anza<\/b> que Carmen no ha olvidado. Desde entonces, asegura <b>revisar<\/b> siempre todos los boletos que tiene y no dejar nada al azar. Aquella p\u00e9rdida fue, parad\u00f3jicamente, el <b>punto de partida de su participaci\u00f3n regular en la Loter\u00eda de Navidad,<\/b> una tradici\u00f3n que hoy viven con la misma ilusi\u00f3n que millones de espa\u00f1oles.<\/p>\n<p>Noticias relacionadas<a href=\"https:\/\/as.com\/tikitakas\/famosos\/carmen-lomana-confirma-que-tiene-novio-quien-es-su-nueva-ilusion-n\/\" class=\"s_m_w\" title=\"La \u2018socialit\u00e9\u2019 ha revelado en \u2018Y ahora Sonsoles\u2019 que tiene el coraz\u00f3n ocupado con un viudo que se llama Antonio y que es inspector de Hacienda. \" data-tb-link=\"\" rel=\"nofollow noopener\" target=\"_blank\"><img decoding=\"async\" src=\"https:\/\/www.europesays.com\/es\/wp-content\/uploads\/2025\/12\/CBPDTQRTVZBOBAI5K6T6JWCVNU.jpg\" alt=\"Carmen Lomana confirma que tiene novio: qui\u00e9n es su nueva ilusi\u00f3n\" class=\"\" height=\"9\" width=\"16\"   loading=\"lazy\" data-tb-thumbnail=\"\"\/><\/a><a href=\"https:\/\/as.com\/tikitakas\/famosos\/la-confesion-intima-de-carmen-lomana-sobre-su-relacion-con-un-chico-34-anos-menor-estaba-asustada-n\/\" class=\"s_m_w\" title=\"La tertuliana de televisi\u00f3n ha contado en el formato de TVE \u2018Pasa sin llamar\u2019 que se qued\u00f3 anonadada cuando \u00e9l se quit\u00f3 la ropa.  \" data-tb-link=\"\" rel=\"nofollow noopener\" target=\"_blank\"><img decoding=\"async\" src=\"https:\/\/www.europesays.com\/es\/wp-content\/uploads\/2025\/12\/CBPDTQRTVZBOBAI5K6T6JWCVNU.jpg\" alt=\"La confesi\u00f3n \u00edntima de Carmen Lomana sobre su relaci\u00f3n con un chico 34 a\u00f1os menor: \u201cEstaba asustada\u201d \" class=\"\" height=\"9\" width=\"16\"   loading=\"lazy\" data-tb-thumbnail=\"\"\/><\/a><\/p>\n<p class=\"\">Si alg\u00fan d\u00eda ganara el gran premio, ella deja claro que lo \u201cdejar\u00eda caer\u201d, rest\u00e1ndole importancia al asunto. La an\u00e9cdota <b>conecta<\/b> con muchas personas que cada a\u00f1o conf\u00edan en la suerte y recuerda que incluso los regalos m\u00e1s simples pueden esconder una<b> sorpresa inesperada.<\/b> <\/p>\n<p class=\"\"><b>\u00a1Tus opiniones importan!<\/b> Comenta en los art\u00edculos y suscr\u00edbete gratis a nuestra <a href=\"https:\/\/asfan.as.com\/newsletters\/\" target=\"_blank\" rel=\"nofollow noopener\" title=\"https:\/\/asfan.as.com\/newsletters\/\">newsletter<\/a> y a las alertas informativas en la <a href=\"https:\/\/as.com\/aplicacion-de-as-n\/\" target=\"_blank\" rel=\"nofollow noopener\" title=\"https:\/\/as.com\/aplicacion-de-as-n\/\">App<\/a> o el canal de <a href=\"https:\/\/www.whatsapp.com\/channel\/0029VaAasdA7j6g745nz9M10\" target=\"_blank\" rel=\"nofollow noopener\" title=\"https:\/\/www.whatsapp.com\/channel\/0029VaAasdA7j6g745nz9M10\">WhatsApp<\/a>. \u00bfBuscas licenciar contenido? Haz clic <a href=\"https:\/\/profesional.elpais.com\/soluciones-sindicacion?utm_medium=interno&amp;utm_source=crosslinking&amp;utm_campaign=sindicacion_as_pie_articulos\" target=\"_blank\" rel=\"nofollow noopener\" title=\"https:\/\/profesional.elpais.com\/soluciones-sindicacion?utm_medium=interno&amp;utm_source=crosslinking&amp;utm_campaign=sindicacion_as_pie_articulos\">aqu\u00ed<\/a><\/p>\n","protected":false},"excerpt":{"rendered":"Cada 22 de diciembre, la Loter\u00eda de Navidad se convierte en uno de los grandes protagonistas en Espa\u00f1a.&hellip;\n","protected":false},"author":2,"featured_media":298218,"comment_status":"","ping_status":"","sticky":false,"template":"","format":"standard","meta":{"footnotes":""},"categories":[174],"tags":[255,146,147,25,24,256,23],"class_list":{"0":"post-298217","1":"post","2":"type-post","3":"status-publish","4":"format-standard","5":"has-post-thumbnail","7":"category-famosos","8":"tag-celebrities","9":"tag-entertainment","10":"tag-entretenimiento","11":"tag-es","12":"tag-espana","13":"tag-famosos","14":"tag-spain"},"share_on_mastodon":{"url":"https:\/\/pubeurope.com\/@es\/115752976539832388","error":""},"_links":{"self":[{"href":"https:\/\/www.europesays.com\/es\/wp-json\/wp\/v2\/posts\/298217","targetHints":{"allow":["GET"]}}],"collection":[{"href":"https:\/\/www.europesays.com\/es\/wp-json\/wp\/v2\/posts"}],"about":[{"href":"https:\/\/www.europesays.com\/es\/wp-json\/wp\/v2\/types\/post"}],"author":[{"embeddable":true,"href":"https:\/\/www.europesays.com\/es\/wp-json\/wp\/v2\/users\/2"}],"replies":[{"embeddable":true,"href":"https:\/\/www.europesays.com\/es\/wp-json\/wp\/v2\/comments?post=298217"}],"version-history":[{"count":0,"href":"https:\/\/www.europesays.com\/es\/wp-json\/wp\/v2\/posts\/298217\/revisions"}],"wp:featuredmedia":[{"embeddable":true,"href":"https:\/\/www.europesays.com\/es\/wp-json\/wp\/v2\/media\/298218"}],"wp:attachment":[{"href":"https:\/\/www.europesays.com\/es\/wp-json\/wp\/v2\/media?parent=298217"}],"wp:term":[{"taxonomy":"category","embeddable":true,"href":"https:\/\/www.europesays.com\/es\/wp-json\/wp\/v2\/categories?post=298217"},{"taxonomy":"post_tag","embeddable":true,"href":"https:\/\/www.europesays.com\/es\/wp-json\/wp\/v2\/tags?post=298217"}],"curies":[{"name":"wp","href":"https:\/\/api.w.org\/{rel}","templated":true}]}}