{"id":298226,"date":"2025-12-20T17:09:08","date_gmt":"2025-12-20T17:09:08","guid":{"rendered":"https:\/\/www.europesays.com\/es\/298226\/"},"modified":"2025-12-20T17:09:08","modified_gmt":"2025-12-20T17:09:08","slug":"cataluna-alarga-la-mascarilla-en-hospitales-por-la-gripe","status":"publish","type":"post","link":"https:\/\/www.europesays.com\/es\/298226\/","title":{"rendered":"Catalu\u00f1a alarga la mascarilla en hospitales por la gripe"},"content":{"rendered":"<p>El secretario de Salud P\u00fablica de la Generalitat, Esteve Fern\u00e1ndez, ha detallado que el Govern estudia alargar otros 15 d\u00edas la exigencia de llevar mascarilla en hospitales y residencias, ante los actuales niveles de gripe en Catalu\u00f1a.<\/p>\n<p>En una entrevista en Rac1 recogida por Europa Press, Fern\u00e1ndez ha se\u00f1alado que la situaci\u00f3n epidemiol\u00f3gica sigue siendo elevada, aunque ha matizado que durante esta semana los contagios se han estabilizado y podr\u00edan haber alcanzado ya el pico antes de lo previsto.<\/p>\n<p>Ha concretado que en estos momentos se registran 382 casos de gripe por cada 100.000 habitantes y que \u00abdesde hace cuatro d\u00edas los casos van a la baja\u00bb, si bien ha advertido de que no se puede descartar un nuevo repunte.<\/p>\n<p>Asimismo, ha explicado que las urgencias est\u00e1n \u00abpresionadas, pero no colapsadas\u00bb, y que en los \u00faltimos d\u00edas la presi\u00f3n asistencial se ha reducido ligeramente respecto a la que se vivi\u00f3 tras el puente de la Pur\u00edsima.<\/p>\n<p>Fern\u00e1ndez ha recalcado que la gripe no presenta una mayor virulencia, sino que est\u00e1 afectando a un n\u00famero m\u00e1s amplio de personas, y ha vuelto a poner el foco en la vacunaci\u00f3n como herramienta clave para prevenir cuadros graves.<\/p>\n<p>En esta l\u00ednea, ha resaltado que esta campa\u00f1a se han inmunizado 110.000 personas m\u00e1s que el a\u00f1o pasado, hasta llegar a 1,3 millones de personas vacunadas en Catalu\u00f1a.<\/p>\n","protected":false},"excerpt":{"rendered":"El secretario de Salud P\u00fablica de la Generalitat, Esteve Fern\u00e1ndez, ha detallado que el Govern estudia alargar otros&hellip;\n","protected":false},"author":2,"featured_media":298227,"comment_status":"","ping_status":"","sticky":false,"template":"","format":"standard","meta":{"footnotes":""},"categories":[92],"tags":[25,24,165,166,23],"class_list":{"0":"post-298226","1":"post","2":"type-post","3":"status-publish","4":"format-standard","5":"has-post-thumbnail","7":"category-salud","8":"tag-es","9":"tag-espana","10":"tag-health","11":"tag-salud","12":"tag-spain"},"share_on_mastodon":{"url":"https:\/\/pubeurope.com\/@es\/115753003518724950","error":""},"_links":{"self":[{"href":"https:\/\/www.europesays.com\/es\/wp-json\/wp\/v2\/posts\/298226","targetHints":{"allow":["GET"]}}],"collection":[{"href":"https:\/\/www.europesays.com\/es\/wp-json\/wp\/v2\/posts"}],"about":[{"href":"https:\/\/www.europesays.com\/es\/wp-json\/wp\/v2\/types\/post"}],"author":[{"embeddable":true,"href":"https:\/\/www.europesays.com\/es\/wp-json\/wp\/v2\/users\/2"}],"replies":[{"embeddable":true,"href":"https:\/\/www.europesays.com\/es\/wp-json\/wp\/v2\/comments?post=298226"}],"version-history":[{"count":0,"href":"https:\/\/www.europesays.com\/es\/wp-json\/wp\/v2\/posts\/298226\/revisions"}],"wp:featuredmedia":[{"embeddable":true,"href":"https:\/\/www.europesays.com\/es\/wp-json\/wp\/v2\/media\/298227"}],"wp:attachment":[{"href":"https:\/\/www.europesays.com\/es\/wp-json\/wp\/v2\/media?parent=298226"}],"wp:term":[{"taxonomy":"category","embeddable":true,"href":"https:\/\/www.europesays.com\/es\/wp-json\/wp\/v2\/categories?post=298226"},{"taxonomy":"post_tag","embeddable":true,"href":"https:\/\/www.europesays.com\/es\/wp-json\/wp\/v2\/tags?post=298226"}],"curies":[{"name":"wp","href":"https:\/\/api.w.org\/{rel}","templated":true}]}}