{"id":298234,"date":"2025-12-20T17:13:13","date_gmt":"2025-12-20T17:13:13","guid":{"rendered":"https:\/\/www.europesays.com\/es\/298234\/"},"modified":"2025-12-20T17:13:13","modified_gmt":"2025-12-20T17:13:13","slug":"el-papa-nombra-a-ronald-hicks-nuevo-arzobispo-de-nueva-york","status":"publish","type":"post","link":"https:\/\/www.europesays.com\/es\/298234\/","title":{"rendered":"El Papa nombra a Ronald Hicks nuevo arzobispo de Nueva York"},"content":{"rendered":"<p>Nacido en Chicago, hasta ahora obispo de la di\u00f3cesis de Joliet en Illinois, sucede al cardenal Timothy Dolan<\/p>\n<p><b>Vatican News<\/b><\/p>\n<p>La\u00a0arquidi\u00f3cesis de Nueva York tiene un nuevo pastor: monse\u00f1or Ronald A. Hicks, hasta ahora obispo de la di\u00f3cesis de Joliet, en Illinois (Estados Unidos). El Papa lo ha nombrado hoy, 18 de diciembre, tras aceptar la renuncia al gobierno pastoral de la arquidi\u00f3cesis metropolitana presentada por el cardenal Timothy M. Dolan.<\/p>\n<p>Ronald A. Hicks <\/p>\n<p>Nacido el 4 de agosto de 1967 en Chicago, Hicks asisti\u00f3 al Niles College Seminary y obtuvo la licenciatura en Filosof\u00eda en la Universidad Loyola de Chicago. Fue voluntario de la Fundaci\u00f3n Nuestros Peque\u00f1os Hermanos. Realiz\u00f3 sus estudios eclesi\u00e1sticos en la Universidad de Saint Mary of the Lake y en el Seminario Mundelein de Mundelein, Illinois. Posteriormente, se doctor\u00f3 en Ministerio en la misma universidad.<\/p>\n<p>Fue ordenado sacerdote el 21 de mayo de 1994 para la Arquidi\u00f3cesis Metropolitana de Chicago, donde desempe\u00f1\u00f3 varios cargos: vicario parroquial de Our Lady of Mercy en Chicago (1994-1996) y de Saint Elizabeth Seton en Orland Hills (1996-1999); decano de Formaci\u00f3n en el Saint Joseph College Seminary (1999-2005); director regional de la organizaci\u00f3n caritativa Nuestros Peque\u00f1os Hermanos en M\u00e9xico y El Salvador (2005-2009); miembro del cuerpo docente y luego decano de formaci\u00f3n de la Universidad de Santa Mar\u00eda del Lago y del Seminario Mundelein en Mundelein (2010-2014); vicario general (2015-2020).<\/p>\n<p>Nombrado obispo titular de Munaziana y auxiliar de Chicago el 3 de julio de 2018, recibi\u00f3 la consagraci\u00f3n episcopal el 17 de septiembre siguiente. El 17 de julio de 2020, fue nombrado obispo de la di\u00f3cesis de Joliet en Illinois.<\/p>\n","protected":false},"excerpt":{"rendered":"Nacido en Chicago, hasta ahora obispo de la di\u00f3cesis de Joliet en Illinois, sucede al cardenal Timothy Dolan&hellip;\n","protected":false},"author":2,"featured_media":298235,"comment_status":"","ping_status":"","sticky":false,"template":"","format":"standard","meta":{"footnotes":""},"categories":[42],"tags":[17,18,629,13,14,11,61,62,63,64,19,20,9,7520,10,15,16,18386,400,12,21,22,65,66,67],"class_list":{"0":"post-298234","1":"post","2":"type-post","3":"status-publish","4":"format-standard","5":"has-post-thumbnail","7":"category-internacional","8":"tag-breaking-news","9":"tag-breakingnews","10":"tag-estados-unidos","11":"tag-featured-news","12":"tag-featurednews","13":"tag-headlines","14":"tag-internacional","15":"tag-international","16":"tag-international-news","17":"tag-internationalnews","18":"tag-latest-news","19":"tag-latestnews","20":"tag-news","21":"tag-nombramientos","22":"tag-noticias","23":"tag-noticias-destacadas","24":"tag-noticiasdestacadas","25":"tag-obispos","26":"tag-papa-leon-xiv","27":"tag-titulares","28":"tag-ultimas-noticias","29":"tag-ultimasnoticias","30":"tag-world","31":"tag-world-news","32":"tag-worldnews"},"share_on_mastodon":{"url":"https:\/\/pubeurope.com\/@es\/115753019313218606","error":""},"_links":{"self":[{"href":"https:\/\/www.europesays.com\/es\/wp-json\/wp\/v2\/posts\/298234","targetHints":{"allow":["GET"]}}],"collection":[{"href":"https:\/\/www.europesays.com\/es\/wp-json\/wp\/v2\/posts"}],"about":[{"href":"https:\/\/www.europesays.com\/es\/wp-json\/wp\/v2\/types\/post"}],"author":[{"embeddable":true,"href":"https:\/\/www.europesays.com\/es\/wp-json\/wp\/v2\/users\/2"}],"replies":[{"embeddable":true,"href":"https:\/\/www.europesays.com\/es\/wp-json\/wp\/v2\/comments?post=298234"}],"version-history":[{"count":0,"href":"https:\/\/www.europesays.com\/es\/wp-json\/wp\/v2\/posts\/298234\/revisions"}],"wp:featuredmedia":[{"embeddable":true,"href":"https:\/\/www.europesays.com\/es\/wp-json\/wp\/v2\/media\/298235"}],"wp:attachment":[{"href":"https:\/\/www.europesays.com\/es\/wp-json\/wp\/v2\/media?parent=298234"}],"wp:term":[{"taxonomy":"category","embeddable":true,"href":"https:\/\/www.europesays.com\/es\/wp-json\/wp\/v2\/categories?post=298234"},{"taxonomy":"post_tag","embeddable":true,"href":"https:\/\/www.europesays.com\/es\/wp-json\/wp\/v2\/tags?post=298234"}],"curies":[{"name":"wp","href":"https:\/\/api.w.org\/{rel}","templated":true}]}}