{"id":298237,"date":"2025-12-20T17:15:22","date_gmt":"2025-12-20T17:15:22","guid":{"rendered":"https:\/\/www.europesays.com\/es\/298237\/"},"modified":"2025-12-20T17:15:22","modified_gmt":"2025-12-20T17:15:22","slug":"el-13-marca-el-nuevo-desafio-de-arbeloa","status":"publish","type":"post","link":"https:\/\/www.europesays.com\/es\/298237\/","title":{"rendered":"El 13 marca el nuevo desaf\u00edo de Arbeloa"},"content":{"rendered":"<p data-mrf-recirculation=\"Links P\u00e1rrafos\" class=\"ue-c-article__paragraph paragraph xai-icon-container ue-c-article--first-letter-highlighted\">El Castilla despide el a\u00f1o hoy en Bala\u00eddos contra el <strong>Celta Fortuna<\/strong> ((16.15 horas, Orange TV, Football Club y LaLiga+). Un duelo de filiales por todo lo alto con el podio de la clasificaci\u00f3n en juego. Con ambos equipos instalados en los puestos de &#8216;playoff&#8217;, los blancos tienen la posibilidad en este enfrentamiento directo de dar <strong>un paso al frente en la tabla<\/strong> que lo situar\u00eda segundo en caso de ganar, a la espera de lo que haga el Racing de Ferrol ma\u00f1ana. Eso s\u00ed, pase lo que pase, el Castilla tiene asegurado que <strong>despedir\u00e1 el a\u00f1o en los puestos de promoci\u00f3n de ascenso<\/strong>.\u00a0<\/p>\n<p data-mrf-recirculation=\"Links P\u00e1rrafos\" class=\"ue-c-article__paragraph paragraph xai-icon-container\">El problema para el Castilla vuelven a ser las bajas, que est\u00e1n golpeando al equipo con fuerza en los \u00faltimos compromisos. Hoy ante el Celta ser\u00e1n <strong>13 las ausencias<\/strong>, que dejan a <strong>Arbeloa<\/strong> muy mermado de efectivos. El t\u00e9cnico no puede contar con <strong>De Llanos, Rachad, Roberto Mart\u00edn, Bruno Iglesias, Manu Serrano y \u00c1lvaro Gin\u00e9s<\/strong>, por lesi\u00f3n; <strong>Diego Aguado, Mario Rivas y Y\u00e1\u00f1ez<\/strong>, con la selecci\u00f3n sub 19; <strong>Loren Z\u00fa\u00f1iga<\/strong>, en la Copa \u00c1frica; ni tampoco con <strong>Cestero, Thiago Pitarch y David Jim\u00e9nez<\/strong>, convocados con el primer equipo. Una lista que suponen un quebradero de cabeza para el t\u00e9cnico a la hora de dise\u00f1ar el once y que\u00a0 le deja con un banquillo de circunstancias. Las buenas noticias son que recupera a <strong>Joan Mart\u00ednez y Valdepe\u00f1as<\/strong>, liberados por <strong>Xabi Alonso<\/strong>, y a <strong>Leiva<\/strong>, que regresa tras sanci\u00f3n. As\u00ed las cosas, <strong>Fran Gonz\u00e1lez, Fortea, Joan Mart\u00ednez, Lamini Fati, Valdepe\u00f1as; Cristian David, Manuel \u00c1ngel, Mesonero; Leiva, Palacios y Pol Fortuny<\/strong> apunta a ser el once con el que inicie el t\u00e9cnico el partido ante el Celta.<\/p>\n<p>Lecci\u00f3n de supervivencia<\/p>\n<p data-mrf-recirculation=\"Links P\u00e1rrafos\" class=\"ue-c-article__paragraph paragraph xai-icon-container\">Arbeloa lleva tiempo haciendo un ejercicio de supervivencia por culpa de las bajas y el duelo de hoy ante el Celta Fortuna ser\u00e1 una prueba m\u00e1s. Y es que, a pesar de las circunstancias por la falta de efectivos, el Castilla lleva un mes sin conocer la derrota (desde el 21 de noviembre ante Unionistas). As\u00ed, con <strong>16 bajas<\/strong> empat\u00f3 ante el City el pasado martes, con <strong>11 bajas<\/strong> gan\u00f3 al Guadalajara, con <strong>8 ausencias<\/strong> empat\u00f3 en Zamora y con <strong>9 bajas<\/strong> se impuso al Everton.\u00a0<\/p>\n","protected":false},"excerpt":{"rendered":"El Castilla despide el a\u00f1o hoy en Bala\u00eddos contra el Celta Fortuna ((16.15 horas, Orange TV, Football Club&hellip;\n","protected":false},"author":2,"featured_media":298238,"comment_status":"","ping_status":"","sticky":false,"template":"","format":"standard","meta":{"footnotes":""},"categories":[5],"tags":[17,18,25,24,13,14,11,19,20,9,10,15,16,23,12,21,22],"class_list":{"0":"post-298237","1":"post","2":"type-post","3":"status-publish","4":"format-standard","5":"has-post-thumbnail","7":"category-titulares","8":"tag-breaking-news","9":"tag-breakingnews","10":"tag-es","11":"tag-espana","12":"tag-featured-news","13":"tag-featurednews","14":"tag-headlines","15":"tag-latest-news","16":"tag-latestnews","17":"tag-news","18":"tag-noticias","19":"tag-noticias-destacadas","20":"tag-noticiasdestacadas","21":"tag-spain","22":"tag-titulares","23":"tag-ultimas-noticias","24":"tag-ultimasnoticias"},"share_on_mastodon":{"url":"https:\/\/pubeurope.com\/@es\/115753027078278746","error":""},"_links":{"self":[{"href":"https:\/\/www.europesays.com\/es\/wp-json\/wp\/v2\/posts\/298237","targetHints":{"allow":["GET"]}}],"collection":[{"href":"https:\/\/www.europesays.com\/es\/wp-json\/wp\/v2\/posts"}],"about":[{"href":"https:\/\/www.europesays.com\/es\/wp-json\/wp\/v2\/types\/post"}],"author":[{"embeddable":true,"href":"https:\/\/www.europesays.com\/es\/wp-json\/wp\/v2\/users\/2"}],"replies":[{"embeddable":true,"href":"https:\/\/www.europesays.com\/es\/wp-json\/wp\/v2\/comments?post=298237"}],"version-history":[{"count":0,"href":"https:\/\/www.europesays.com\/es\/wp-json\/wp\/v2\/posts\/298237\/revisions"}],"wp:featuredmedia":[{"embeddable":true,"href":"https:\/\/www.europesays.com\/es\/wp-json\/wp\/v2\/media\/298238"}],"wp:attachment":[{"href":"https:\/\/www.europesays.com\/es\/wp-json\/wp\/v2\/media?parent=298237"}],"wp:term":[{"taxonomy":"category","embeddable":true,"href":"https:\/\/www.europesays.com\/es\/wp-json\/wp\/v2\/categories?post=298237"},{"taxonomy":"post_tag","embeddable":true,"href":"https:\/\/www.europesays.com\/es\/wp-json\/wp\/v2\/tags?post=298237"}],"curies":[{"name":"wp","href":"https:\/\/api.w.org\/{rel}","templated":true}]}}