{"id":298241,"date":"2025-12-20T17:23:20","date_gmt":"2025-12-20T17:23:20","guid":{"rendered":"https:\/\/www.europesays.com\/es\/298241\/"},"modified":"2025-12-20T17:23:20","modified_gmt":"2025-12-20T17:23:20","slug":"el-valencia-bc-presenta-su-contundente-queja-a-la-euroliga-por-la-aficion-del-maccabi-tel-aviv","status":"publish","type":"post","link":"https:\/\/www.europesays.com\/es\/298241\/","title":{"rendered":"El Valencia BC presenta su contundente queja a la Euroliga por la afici\u00f3n del Maccabi Tel Aviv"},"content":{"rendered":"<p class=\"ft-text\">El Valencia Basket ha sido el \u00fanico club espa\u00f1ol de Euroliga que se ha visto obligado a viajar estar temporada a Israel y <strong>la primera de las dos experiencias en el pa\u00eds hebreo que deb\u00eda vivir en esta fase regular acab\u00f3 de la peor forma posible<\/strong>. Y es que al margen de<a class=\"ft-link ft-link--decoration\" href=\"https:\/\/www.superdeporte.es\/valencia-basket\/2025\/12\/18\/valencia-basket-sin-ideas-liderato-euroliga-124944113.html\" rel=\"nofollow noopener\" target=\"_blank\"> una derrota que queda en un segundo plano<\/a>, la expedici\u00f3n taronja sufri\u00f3 una muy desagradable <a class=\"ft-link ft-link--decoration\" href=\"https:\/\/www.euroleaguebasketball.net\/es\/euroleague\/game-center\/2025-26\/maccabi-rapyd-tel-aviv-valencia-basket\/E2025\/162\/\" rel=\"nofollow noopener\" target=\"_blank\">jornada<\/a> fruto del comprotamiento de la afici\u00f3n local, con constantes insultos y comprotamientos inc\u00edvicos que el club ha denunciado ya a la Euroliga.<\/p>\n<p class=\"ft-text\">Al contrario de <a class=\"ft-link ft-link--decoration\" href=\"https:\/\/www.superdeporte.es\/valencia-basket\/2025\/03\/29\/comunicado-oficial-valencia-basket-denuncia-115822131.html\" rel=\"nofollow noopener\" target=\"_blank\">lo que ocurri\u00f3 la temporada pasada ante el Hapoel Tel Aviv en el Samokov Arena de Bulgaria<\/a>, <strong>el Valencia Basket no tiene queja alguna respecto al Maccabi como club<\/strong>, ya que la coordinaci\u00f3n fue correcta para que no hubiera ning\u00fan problema de seguridad ni protocolos, pero donde se pasaron todos los l\u00edmites fue con la actuaci\u00f3n de la afici\u00f3n, con unos comportamientos que quedaron recogidos en pruebas videogr\u00e1ficas que el propio club taronja ha aportado a la competici\u00f3n para que el Comit\u00e9 tome las medidas oportunas.<\/p>\n<p><img decoding=\"async\" src=\"https:\/\/www.europesays.com\/es\/wp-content\/uploads\/2025\/12\/ce98350d-cc48-4f21-a4d5-bc8e9e09eae0_alta-libre-aspect-ratio_default_0.jpg\" width=\"1200\" height=\"800\" alt=\"Jaime Pradilla y Kameron Taylor, en una acci\u00f3n defensiva ante el Maccabi.\" class=\"ft-helper-img-rd\" loading=\"lazy\"\/><\/p>\n<p class=\"ft-helper-fontColor-quaternary ft-helper-fontSize-body-S ft-helper-spacer-t-xxs\">Jaime Pradilla y Kameron Taylor, en una acci\u00f3n defensiva ante el Maccabi.  \/ ATEF SAFADI \/ EFE<\/p>\n<p class=\"ft-text\"><strong>Uno de los principales focos de la ira de los seguidores locales fue Pedro Mart\u00ednez<\/strong>, quien tuvo que aguantar insultos durante todo el partido y que incluso se vio imposibilitado a atender a la televisi\u00f3n oficial tras el partido. Semanas atr\u00e1s hab\u00eda mostrado su malestar con el hecho de tener que volver a jugar en Israel, al se\u00f1alar que \u00abmuy tranquilos no estamos, la verdad. Cuando vemos las noticias, no vemos que la situaci\u00f3n est\u00e9 normalizada como nos gustar\u00eda. La pregunta que yo me hago es \u00bfpor qu\u00e9 el 25 de noviembre no es seguro jugar en Israel y 10 d\u00edas despu\u00e9s s\u00ed que lo es?.<\/p>\n<p class=\"ft-text\">Tras el partido y ya en la rueda de prensa oficial, el t\u00e9cnico taronja se limit\u00f3 a se\u00f1alar respecto a ese ambiente hostil que \u00abno es mi &#8216;negocio&#8217;, <strong>cada uno debe ser consciente del ejemplo que da como persona, club o aficionado<\/strong>. Para m\u00ed no es un problema, tal vez es su problema\u00bb.<\/p>\n<p>Comportamientos racistas<\/p>\n<p class=\"ft-text\">Desde el banquillo taronja tambi\u00e9n pudieron identificar a <strong>un grupo de seguidores que se dirij\u00eda a los jugadores de color del Valencia Basket haciendo gestos de mono<\/strong>. Unos comportamientos despreciables que pudieron captar en v\u00eddeo y que estar\u00e1n tambi\u00e9n a disposici\u00f3n de la Euroliga para que tome las medidas oportunas.<\/p>\n<p><img decoding=\"async\" src=\"https:\/\/www.europesays.com\/es\/wp-content\/uploads\/2025\/12\/081db27b-9516-4a5c-823c-c91ed3b6bc47_alta-libre-aspect-ratio_default_0.jpg\" width=\"1200\" height=\"800\" alt=\"Sergio De Larrea, en el partido de Euroliga ante el Maccabi Tel Aviv.\" class=\"ft-helper-img-rd\" loading=\"lazy\"\/><\/p>\n<p class=\"ft-helper-fontColor-quaternary ft-helper-fontSize-body-S ft-helper-spacer-t-xxs\">Sergio De Larrea, en el partido de Euroliga ante el Maccabi Tel Aviv.  \/ ATEF SAFADI \/ EFE<\/p>\n<p class=\"ft-text\">Al margen de estas declaraciones, desde el club taronja se prefiere mantener silencio de momento y <strong>esperar a la resoluci\u00f3n del escrito de queja presentado ante la Euroliga<\/strong>, momento en el que podr\u00e1n valorar la posible sanci\u00f3n o no impuesta al Maccabi o a su afici\u00f3n.<\/p>\n<p>En febrero, de vuelta a Israel<\/p>\n<p class=\"ft-text\">Las \u00faltimas visitas del Valencia Basket a equipos israel\u00edes a domicilio han acabado en serios problemas para los taronja, que despu\u00e9s de todo, <strong>a\u00fan tendr\u00e1n que volver el pr\u00f3ximo 5 de febrero a Tel Aviv para jugar contra el Hapoel<\/strong> en partido correspondiente a la jornada 27.<\/p>\n<p class=\"ft-text\"><a class=\"ft-link ft-link--decoration\" href=\"https:\/\/www.superdeporte.es\/valencia-basket\/2025\/10\/15\/extaronja-chris-jones-frena-remontada-valencia-basket-hapoel-122661372.html\" rel=\"nofollow noopener\" target=\"_blank\"><strong>Un rival ante el que ya jugaron sin p\u00fablico en el Roig Arena<\/strong><\/a>, pero que s\u00ed podr\u00e1 contar con su afici\u00f3n en Israel, en un nuevo agravio que condiciona tambi\u00e9n a nivel deportivo.<\/p>\n","protected":false},"excerpt":{"rendered":"El Valencia Basket ha sido el \u00fanico club espa\u00f1ol de Euroliga que se ha visto obligado a viajar&hellip;\n","protected":false},"author":2,"featured_media":298242,"comment_status":"","ping_status":"","sticky":false,"template":"","format":"standard","meta":{"footnotes":""},"categories":[269],"tags":[299,1918,298,346,168,25,24,833,74,15139,14268,23,167,27353,235,2916],"class_list":{"0":"post-298241","1":"post","2":"type-post","3":"status-publish","4":"format-standard","5":"has-post-thumbnail","7":"category-baloncesto","8":"tag-baloncesto","9":"tag-basket","10":"tag-basketball","11":"tag-contundente","12":"tag-deportes","13":"tag-es","14":"tag-espana","15":"tag-euroliga","16":"tag-israel","17":"tag-maccabi","18":"tag-queja","19":"tag-spain","20":"tag-sports","21":"tag-tel-aviv","22":"tag-valencia","23":"tag-valencia-basket"},"share_on_mastodon":{"url":"https:\/\/pubeurope.com\/@es\/115753059197266989","error":""},"_links":{"self":[{"href":"https:\/\/www.europesays.com\/es\/wp-json\/wp\/v2\/posts\/298241","targetHints":{"allow":["GET"]}}],"collection":[{"href":"https:\/\/www.europesays.com\/es\/wp-json\/wp\/v2\/posts"}],"about":[{"href":"https:\/\/www.europesays.com\/es\/wp-json\/wp\/v2\/types\/post"}],"author":[{"embeddable":true,"href":"https:\/\/www.europesays.com\/es\/wp-json\/wp\/v2\/users\/2"}],"replies":[{"embeddable":true,"href":"https:\/\/www.europesays.com\/es\/wp-json\/wp\/v2\/comments?post=298241"}],"version-history":[{"count":0,"href":"https:\/\/www.europesays.com\/es\/wp-json\/wp\/v2\/posts\/298241\/revisions"}],"wp:featuredmedia":[{"embeddable":true,"href":"https:\/\/www.europesays.com\/es\/wp-json\/wp\/v2\/media\/298242"}],"wp:attachment":[{"href":"https:\/\/www.europesays.com\/es\/wp-json\/wp\/v2\/media?parent=298241"}],"wp:term":[{"taxonomy":"category","embeddable":true,"href":"https:\/\/www.europesays.com\/es\/wp-json\/wp\/v2\/categories?post=298241"},{"taxonomy":"post_tag","embeddable":true,"href":"https:\/\/www.europesays.com\/es\/wp-json\/wp\/v2\/tags?post=298241"}],"curies":[{"name":"wp","href":"https:\/\/api.w.org\/{rel}","templated":true}]}}