{"id":298251,"date":"2025-12-20T17:30:20","date_gmt":"2025-12-20T17:30:20","guid":{"rendered":"https:\/\/www.europesays.com\/es\/298251\/"},"modified":"2025-12-20T17:30:20","modified_gmt":"2025-12-20T17:30:20","slug":"spider-man-brand-new-day-termina-el-rodaje-y-su-director-agradece-a-tom-holland-su-incansable-liderazgo","status":"publish","type":"post","link":"https:\/\/www.europesays.com\/es\/298251\/","title":{"rendered":"&#8216;Spider-Man: Brand New Day&#8217; termina el rodaje y su director agradece a Tom Holland su \u00abincansable liderazgo\u00bb"},"content":{"rendered":"<p>El rodaje de &#8216;<a href=\"https:\/\/www.ecartelera.com\/peliculas\/spider-man-4\/\" data-mention-type=\"pelicula\" data-mention-id=\"18773\" rel=\"nofollow noopener\" target=\"_blank\">Spider-Man: Brand New Day<\/a>&#8216; arranc\u00f3 a comienzos de agosto en Glasgow, paralizando por completo la ciudad escocesa para convertir sus calles en las de Nueva York, donde vuelve a transcurrir la nueva entrega del h\u00e9roe ar\u00e1cnido de Marvel. <strong><a href=\"https:\/\/www.ecartelera.com\/personas\/tom-holland\/\" data-mention-type=\"persona\" data-mention-id=\"5219\" rel=\"nofollow noopener\" target=\"_blank\">Tom Holland<\/a> volv\u00eda a ponerse el traje del Trepamuros causando aut\u00e9ntica sensaci\u00f3n entre los fans<\/strong>.<\/p>\n<p>Avance &#8216;Spider-Man: Brand New Day&#8217;: D\u00eda 1 en el rodaje<\/p>\n<p><video id=\"vid-35635\" class=\"video-js vjs-default-skin\" data-title=\"Avance 'Spider-Man: Brand New Day': D\u00eda 1 en el rodaje\" poster=\"https:\/\/www.ecartelera.com\/images\/videos\/35600\/f35635.jpg\" controls=\"\" preload=\"auto\" width=\"640\" height=\"360\" playsinline=\"\" data-vtt=\"\/\/v1.ecartelera.com\/video\/35600\/35635_sprite.vtt\" data-stream=\"1\">El navegador no soporta el tag de v\u00eddeo.<\/video><\/p>\n<p>X<\/p>\n<p>Cinco meses m\u00e1s tarde, su director, <a href=\"https:\/\/www.ecartelera.com\/personas\/destin-cretton\/\" data-mention-type=\"persona\" data-mention-id=\"7640\" rel=\"nofollow noopener\" target=\"_blank\">Destin Daniel Cretton<\/a>, anuncia que <strong>el rodaje ha llegado oficialmente a su fin<\/strong>, concluyendo un proceso de filmaci\u00f3n m\u00e1s largo de lo habitual, aunque no tan largo como el de &#8216;<a href=\"https:\/\/www.ecartelera.com\/peliculas\/avengers-kang-dynasty\/\" data-mention-type=\"pelicula\" data-mention-id=\"17360\" rel=\"nofollow noopener\" target=\"_blank\">Avengers: Doomsday<\/a>&#8216;. <strong>&#8216;Brand New Day&#8217; llega a los cines el 31 de julio de 2026<\/strong> y tras cerrar la claqueta por \u00faltima vez, la pel\u00edcula de Sony Pictures y Marvel Studios se sumerge de lleno en su fase de postproducci\u00f3n.<\/p>\n<p>Cretton, que se pone al frente de la cuarta entrega en solitario del Spider-Man de Holland, ha confirmado el fin de rodaje en un nuevo <a href=\"https:\/\/www.instagram.com\/destindaniel\/p\/DSdmkohiFck\/\" target=\"_blank\" rel=\"nofollow noopener\">post de Instagram<\/a> donde podemos ver al director junto a su protagonista celebrando con varios collares de flores al cuello. Cretton da las gracias a su equipo, y concretamente <strong>a Holland por su \u00abamable y generoso liderazgo delante y detr\u00e1s de la pantalla\u00bb y su \u00abincansable \u00e9tica profesional\u00bb<\/strong>.<\/p>\n<p>\t\t\t\t\t\t\t<img decoding=\"async\" loading=\"lazy\" src=\"https:\/\/www.europesays.com\/es\/wp-content\/uploads\/2025\/12\/243281_tom-holland-nos-vigila-en-internet-para-entender-m.jpg\" alt=\"Tom Holland en el primer vistazo a 'Spider-Man: Brand New Day'\" width=\"1200\" height=\"750\"\/><\/p>\n<p>\t\t\t\t\t\tTom Holland en el primer vistazo a &#8216;Spider-Man: Brand New Day&#8217; (Sony Pictures)<\/p>\n<p>\u00abEstoy profundamente agradecido por las personas que me han acompa\u00f1ado en <strong>la pel\u00edcula m\u00e1s grande y gratificante en la que he participado<\/strong>\u00ab, escribe el cineasta. \u00abA @nik__ki, por re\u00edrte a trav\u00e9s de la locura y llevar a toda nuestra familia en tu espalda. A mis hijos, por obligarme a dejar el tel\u00e9fono y salir de mi cabeza el tiempo suficiente para construir un fuerte en la sala de estar con cojines de sof\u00e1\u00bb.<\/p>\n<p>Cretton, que previamente dirigi\u00f3 &#8216;<a href=\"https:\/\/www.ecartelera.com\/peliculas\/shang-chi-and-the-leyend-of-the-ten-rings\/\" data-mention-type=\"pelicula\" data-mention-id=\"15691\" rel=\"nofollow noopener\" target=\"_blank\">Shang-Chi y la leyenda de los diez anillos<\/a>&#8216; para Marvel, contin\u00faa dando las gracias al elenco \u00abpor darle tanta vida a estos queridos personajes y conmovernos todos los d\u00edas\u00bb, y al equipo, \u00abque trabaj\u00f3 incansablemente con una creatividad y una artesan\u00eda inigualables, que me hicieron re\u00edr tanto que mi est\u00f3mago nunca me dej\u00f3 de doler. Os quiero mucho a todos y <strong>estoy deseando que el mundo vea su impresionante trabajo en la pantalla grande<\/strong>\u00ab.<\/p>\n<blockquote class=\"twitter-tweet\">\n<p lang=\"en\" dir=\"ltr\">Destin Daniel Cretton shares an Instagram post in honor of \u2018SPIDER-MAN: BRAND NEW DAY\u2019 wrapping filming! <\/p>\n<p>\u201c[&#8230;] And of course, to Tom Holland, for your kind, generous leadership on and off screen, for your relentless work ethic, your fearless performances, and for your\u2026 <a href=\"https:\/\/t.co\/ksLTlPIPt7\" rel=\"nofollow\">pic.twitter.com\/ksLTlPIPt7<\/a><\/p>\n<p>\u2014 best of tom holland (@thollandrchive) <a href=\"https:\/\/twitter.com\/thollandrchive\/status\/2002153055479853227?ref_src=twsrc%5Etfw\" rel=\"nofollow noopener\" target=\"_blank\">December 19, 2025<\/a><\/p><\/blockquote>\n<p>La publicaci\u00f3n concluye con una dedicatoria especial a Holland, que en esta ocasi\u00f3n no solo participa en calidad de actor, sino que <strong>ha estado mucho m\u00e1s involucrado en el proceso creativo y el desarrollo de la historia y la producci\u00f3n<\/strong>: \u00abY, por supuesto, gracias a Tom Holland por su amable y generoso liderazgo dentro y fuera de la pantalla, por su incansable \u00e9tica de trabajo, sus actuaciones intr\u00e9pidas y por su amistad. \u00a1Fin de rodaje de &#8216;Spider-Man: Brand New Day&#8217;!\u00bb.<\/p>\n<p>Adem\u00e1s del regreso de Holland como Peter Parker, la pel\u00edcula cuenta con otros veteranos de la franquicia como <a href=\"https:\/\/www.ecartelera.com\/personas\/zendaya\/\" data-mention-type=\"persona\" data-mention-id=\"14759\" rel=\"nofollow noopener\" target=\"_blank\">Zendaya<\/a> y <a href=\"https:\/\/www.ecartelera.com\/personas\/jacob-batalon\/\" data-mention-type=\"persona\" data-mention-id=\"18540\" rel=\"nofollow noopener\" target=\"_blank\">Jacob Batalon<\/a> como MJ y Ned, y <strong>la participaci\u00f3n de dos iconos del <a href=\"https:\/\/www.ecartelera.com\/sagas\/universo-marvel\/\" data-mention-type=\"saga\" data-mention-id=\"58\" rel=\"nofollow noopener\" target=\"_blank\">Universo Cinematogr\u00e1fico Marvel<\/a>: <a href=\"https:\/\/www.ecartelera.com\/personas\/mark-ruffalo\/\" data-mention-type=\"persona\" data-mention-id=\"748\" rel=\"nofollow noopener\" target=\"_blank\">Mark Ruffalo<\/a> como Hulk y <a href=\"https:\/\/www.ecartelera.com\/personas\/jon-bernthal\/\" data-mention-type=\"persona\" data-mention-id=\"2862\" rel=\"nofollow noopener\" target=\"_blank\">Jon Bernthal<\/a> como The Punisher<\/strong>. Completan el (hasta ahora desvelado) reparto principal <a href=\"https:\/\/www.ecartelera.com\/personas\/michael-mando\/\" data-mention-type=\"persona\" data-mention-id=\"16493\" rel=\"nofollow noopener\" target=\"_blank\">Michael Mando<\/a> de vuelta como Escorpi\u00f3n, <a href=\"https:\/\/www.ecartelera.com\/personas\/liza-colon-zayas\/\" data-mention-type=\"persona\" data-mention-id=\"23547\" rel=\"nofollow noopener\" target=\"_blank\">Liza Col\u00f3n-Zayas<\/a>, <a href=\"https:\/\/www.ecartelera.com\/personas\/marvin-jones-iii\/\" data-mention-type=\"persona\" data-mention-id=\"32497\" rel=\"nofollow noopener\" target=\"_blank\">Marvin Jones III<\/a>, <a href=\"https:\/\/www.ecartelera.com\/personas\/tramell-tillman\/\" data-mention-type=\"persona\" data-mention-id=\"31740\" rel=\"nofollow noopener\" target=\"_blank\">Tramell Tillman<\/a> y <a href=\"https:\/\/www.ecartelera.com\/personas\/sadie-sink\/\" data-mention-type=\"persona\" data-mention-id=\"20072\" rel=\"nofollow noopener\" target=\"_blank\">Sadie Sink<\/a>.<\/p>\n<p>\t\t\t\t\t\t\t<img decoding=\"async\" loading=\"lazy\" src=\"https:\/\/www.europesays.com\/es\/wp-content\/uploads\/2025\/12\/245769_nuevas-imagenes-de-spider-man-brand-new-day-sa.jpg\" alt=\"Sadie Sink y Mark Ruffalo \" width=\"1200\" height=\"750\"\/><\/p>\n<p>\t\t\t\t\t\tSadie Sink y Mark Ruffalo  (Marvel Studios)<br \/>\n\t\t\t\t\t\t\u00bfY el tr\u00e1iler cu\u00e1ndo?<\/p>\n<p>Mientras el primer teaser de &#8216;<a href=\"https:\/\/www.ecartelera.com\/peliculas\/avengers-kang-dynasty\/\" data-mention-type=\"pelicula\" data-mention-id=\"17360\" rel=\"nofollow noopener\" target=\"_blank\">Avengers: Doomsday<\/a>&#8216; ya est\u00e1 exclusivamente en cines, proyect\u00e1ndose durante las sesiones de &#8216;<a href=\"https:\/\/www.ecartelera.com\/peliculas\/avatar-3\/\" data-mention-type=\"pelicula\" data-mention-id=\"10676\" rel=\"nofollow noopener\" target=\"_blank\">Avatar: Fuego y ceniza<\/a>&#8216;, <strong>los fans de Marvel se preguntan cu\u00e1ndo podremos ver el primer avance oficial de &#8216;Spider-Man: Brand New Day&#8217;,<\/strong> ya que la pel\u00edcula del h\u00e9roe ar\u00e1cnido llega oficialmente meses antes que el nuevo evento de Los Vengadores.<\/p>\n<p>Estos d\u00edas se ha filtrado en redes un supuesto teaser de &#8216;Brand New Day&#8217; (donde entre otras cosas se confirmaba el rol de <a href=\"https:\/\/www.ecartelera.com\/personas\/sadie-sink\/\" data-mention-type=\"persona\" data-mention-id=\"20072\" rel=\"nofollow noopener\" target=\"_blank\">Sadie Sink<\/a>) que ha sido eliminado por copyright, lo que para muchos es confirmaci\u00f3n de que era real. Eso querr\u00eda decir que podr\u00eda estar cerca de ver la luz en nuestras pantallas. <strong>Los rumores apuntan a un posible lanzamiento en febrero de 2026, pero no hay nada oficial<\/strong>. Ojal\u00e1 podamos verlo antes.<\/p>\n<p><script async src=\"https:\/\/platform.twitter.com\/widgets.js\" charset=\"utf-8\"><\/script><script async src=\"\/\/www.instagram.com\/embed.js\"><\/script><\/p>\n","protected":false},"excerpt":{"rendered":"El rodaje de &#8216;Spider-Man: Brand New Day&#8216; arranc\u00f3 a comienzos de agosto en Glasgow, paralizando por completo la&hellip;\n","protected":false},"author":2,"featured_media":298252,"comment_status":"","ping_status":"","sticky":false,"template":"","format":"standard","meta":{"footnotes":""},"categories":[169],"tags":[1014,1015,1013,177,1011,146,147,25,24,782,176,1019,1016,175,753,1012,23,1017,1018],"class_list":{"0":"post-298251","1":"post","2":"type-post","3":"status-publish","4":"format-standard","5":"has-post-thumbnail","7":"category-cine","8":"tag-actores","9":"tag-actrices","10":"tag-cartelera","11":"tag-cine","12":"tag-ecartelera","13":"tag-entertainment","14":"tag-entretenimiento","15":"tag-es","16":"tag-espana","17":"tag-estrellas","18":"tag-film","19":"tag-fotogramas","20":"tag-fotos","21":"tag-movies","22":"tag-peliculas","23":"tag-pelis","24":"tag-spain","25":"tag-trailers","26":"tag-videos"},"share_on_mastodon":{"url":"https:\/\/pubeurope.com\/@es\/115753086535635526","error":""},"_links":{"self":[{"href":"https:\/\/www.europesays.com\/es\/wp-json\/wp\/v2\/posts\/298251","targetHints":{"allow":["GET"]}}],"collection":[{"href":"https:\/\/www.europesays.com\/es\/wp-json\/wp\/v2\/posts"}],"about":[{"href":"https:\/\/www.europesays.com\/es\/wp-json\/wp\/v2\/types\/post"}],"author":[{"embeddable":true,"href":"https:\/\/www.europesays.com\/es\/wp-json\/wp\/v2\/users\/2"}],"replies":[{"embeddable":true,"href":"https:\/\/www.europesays.com\/es\/wp-json\/wp\/v2\/comments?post=298251"}],"version-history":[{"count":0,"href":"https:\/\/www.europesays.com\/es\/wp-json\/wp\/v2\/posts\/298251\/revisions"}],"wp:featuredmedia":[{"embeddable":true,"href":"https:\/\/www.europesays.com\/es\/wp-json\/wp\/v2\/media\/298252"}],"wp:attachment":[{"href":"https:\/\/www.europesays.com\/es\/wp-json\/wp\/v2\/media?parent=298251"}],"wp:term":[{"taxonomy":"category","embeddable":true,"href":"https:\/\/www.europesays.com\/es\/wp-json\/wp\/v2\/categories?post=298251"},{"taxonomy":"post_tag","embeddable":true,"href":"https:\/\/www.europesays.com\/es\/wp-json\/wp\/v2\/tags?post=298251"}],"curies":[{"name":"wp","href":"https:\/\/api.w.org\/{rel}","templated":true}]}}