{"id":298257,"date":"2025-12-20T17:33:14","date_gmt":"2025-12-20T17:33:14","guid":{"rendered":"https:\/\/www.europesays.com\/es\/298257\/"},"modified":"2025-12-20T17:33:14","modified_gmt":"2025-12-20T17:33:14","slug":"no-es-un-dia-cualquiera-magazine-matinal-rne","status":"publish","type":"post","link":"https:\/\/www.europesays.com\/es\/298257\/","title":{"rendered":"No es un d\u00eda cualquiera &#8211; Magazine matinal &#8211; RNE"},"content":{"rendered":"<p>              <strong>TP<\/strong><\/p>\n<p><strong>Pepa Fern\u00e1ndez<\/strong> conversa con <strong>Emilio Guti\u00e9rrez Caba<\/strong>, reciente ganador del Premio El Ojo Cr\u00edtico Especial 2025 y <strong>director de la adaptaci\u00f3n teatral de \u201cLos duelistas\u201d, <\/strong>que se representa en el Teatro Fern\u00e1n G\u00f3mez hasta el 18 de enero. La obra, basada en la novela de <strong>Joseph Conrad<\/strong>, narra la obsesi\u00f3n de dos oficiales franceses que, por un malentendido, se enfrentan en duelos durante veinte a\u00f1os.<\/p>\n<p><strong>Guti\u00e9rrez Caba<\/strong> la define como \u201cuna s\u00e1tira antibelicista\u201d y advierte: \u201cEstar a las \u00f3rdenes de l\u00edderes terror\u00edficos es un desastre\u201d.<\/p>\n<p>En la entrevista comparte tambi\u00e9n varias reflexiones personales. Afirma que \u201chay muchas personas deshonestas que son recibidas como h\u00e9roes\u201d. A\u00f1ade que \u201cel honor hoy en d\u00eda est\u00e1 muy ligado a la verg\u00fcenza, y la gente sin verg\u00fcenza no deber\u00eda ser admitida socialmente\u201d. Sobre el paso del tiempo, comenta: \u201cLa muerte la ves muy lejos de joven, y de mayor, la ves m\u00e1s cerca\u201d. Y concluye con una mirada \u00edntima a la memoria: \u201cEl pasado vuelve en peque\u00f1os recuerdos\u201d.<\/p>\n","protected":false},"excerpt":{"rendered":"TP Pepa Fern\u00e1ndez conversa con Emilio Guti\u00e9rrez Caba, reciente ganador del Premio El Ojo Cr\u00edtico Especial 2025 y&hellip;\n","protected":false},"author":2,"featured_media":298258,"comment_status":"","ping_status":"","sticky":false,"template":"","format":"standard","meta":{"footnotes":""},"categories":[91],"tags":[70941,146,147,25,24,35670,133,1448,1986,1987,23],"class_list":{"0":"post-298257","1":"post","2":"type-post","3":"status-publish","4":"format-standard","5":"has-post-thumbnail","7":"category-entretenimiento","8":"tag-emilio-gutierrez-caba-hay-muchas-personas-deshonestas-que-son-recibidas-como-heroes","9":"tag-entertainment","10":"tag-entretenimiento","11":"tag-es","12":"tag-espana","13":"tag-no-es-un-dia-cualquiera","14":"tag-online","15":"tag-radio","16":"tag-rne","17":"tag-rtve-play","18":"tag-spain"},"share_on_mastodon":{"url":"https:\/\/pubeurope.com\/@es\/115753098012653584","error":""},"_links":{"self":[{"href":"https:\/\/www.europesays.com\/es\/wp-json\/wp\/v2\/posts\/298257","targetHints":{"allow":["GET"]}}],"collection":[{"href":"https:\/\/www.europesays.com\/es\/wp-json\/wp\/v2\/posts"}],"about":[{"href":"https:\/\/www.europesays.com\/es\/wp-json\/wp\/v2\/types\/post"}],"author":[{"embeddable":true,"href":"https:\/\/www.europesays.com\/es\/wp-json\/wp\/v2\/users\/2"}],"replies":[{"embeddable":true,"href":"https:\/\/www.europesays.com\/es\/wp-json\/wp\/v2\/comments?post=298257"}],"version-history":[{"count":0,"href":"https:\/\/www.europesays.com\/es\/wp-json\/wp\/v2\/posts\/298257\/revisions"}],"wp:featuredmedia":[{"embeddable":true,"href":"https:\/\/www.europesays.com\/es\/wp-json\/wp\/v2\/media\/298258"}],"wp:attachment":[{"href":"https:\/\/www.europesays.com\/es\/wp-json\/wp\/v2\/media?parent=298257"}],"wp:term":[{"taxonomy":"category","embeddable":true,"href":"https:\/\/www.europesays.com\/es\/wp-json\/wp\/v2\/categories?post=298257"},{"taxonomy":"post_tag","embeddable":true,"href":"https:\/\/www.europesays.com\/es\/wp-json\/wp\/v2\/tags?post=298257"}],"curies":[{"name":"wp","href":"https:\/\/api.w.org\/{rel}","templated":true}]}}