{"id":298267,"date":"2025-12-20T17:38:11","date_gmt":"2025-12-20T17:38:11","guid":{"rendered":"https:\/\/www.europesays.com\/es\/298267\/"},"modified":"2025-12-20T17:38:11","modified_gmt":"2025-12-20T17:38:11","slug":"fede-valverde-se-cae-de-la-lista-para-la-cita-ante-el-sevilla","status":"publish","type":"post","link":"https:\/\/www.europesays.com\/es\/298267\/","title":{"rendered":"Fede Valverde se cae de la lista para la cita ante el Sevilla"},"content":{"rendered":"<p data-mrf-recirculation=\"Links P\u00e1rrafos\" class=\"ue-c-article__paragraph paragraph ue-c-article--first-letter-highlighted\">El <strong>Real Madrid <\/strong>ya tiene lista su convocatoria para el duelo ante el <strong>Sevilla (esta noche a las 21.00 horas)<\/strong>, una cita marcada en rojo en el calendario y que sirve para medir el pulso del proyecto en este tramo de la temporada. <strong>El equipo blanco afronta esta cita con un grupo amplio, mezcla de jerarqu\u00eda consolidada, talento joven y alguna ausencia significativa.<\/strong><\/p>\n<p>Xabi Alonso: \u00ab\u00bfLas risas en el banquillo? No las he visto&#8230;\u00bb<\/p>\n<p data-mrf-recirculation=\"Links P\u00e1rrafos\" class=\"ue-c-article__paragraph paragraph\">Bajo la batuta de<strong> Xabi Alonso<\/strong>, la lista confirma el peso de los nombres propios. En la porter\u00eda estar\u00e1n <strong>Courtois y Lunin, con Sergio Mestre<\/strong> como complemento. En defensa podr\u00e1 contar con veteranos como <strong>Alaba y R\u00fcdiger <\/strong>se combinan con la juventud de <strong>Huijsen<\/strong> y la presencia de <strong>Fran Garc\u00eda, Mendy o Asencio<\/strong>, en una zaga que sigue buscando estabilidad.\u00a0Alaba, Mendy y Camavinga regresan a la lista despu\u00e9s de sus diferentes problemas.<\/p>\n<p>Xabi Alonso y su relaci\u00f3n con la prensa: \u00abOs veo m\u00e1s que a mi familia\u00bb<\/p>\n<p data-mrf-recirculation=\"Links P\u00e1rrafos\" class=\"ue-c-article__paragraph paragraph\">En el centro del campo, el tolosarra podr\u00e1 contar con <strong>Jude Bellingham, Camavinga y Tchouameni, <\/strong>adem\u00e1s del talento creativo de <strong>Arda G\u00fcler<\/strong> y la profundidad que pueden aportar <strong>Dani Ceballos, Cestero o Thiago (estos dos \u00faltimos joyas de Arbeloa en el filial). La noticia es la baja de Valverde,<\/strong> que no se ha recuperado y sigue KO.\u00a0<\/p>\n<p>Jl Hostalrich: \u00abXabi Alonso no puede decir ninguna frase altisonante porque se l\u00eda la marimorena\u00bbRadio MARCA<\/p>\n<p data-mrf-recirculation=\"Links P\u00e1rrafos\" class=\"ue-c-article__paragraph paragraph\">Arriba, el peso ofensivo recae en <strong>Vinicius, Rodrygo y Kylian Mbapp\u00e9, con Gonzalo y Mastantuono <\/strong>completando una delantera cargada de dinamita.\u00a0<strong>Endrick, al igual que Carreras, est\u00e1 sancionado.<\/strong> El partido ante el Sevilla ser\u00e1 una nueva prueba de madurez para <strong>un Madrid que vive momentos de problemas.<\/strong><\/p>\n<p>Almeyda opina sobre las cr\u00edticas a Xabi Alonso<\/p>\n<p>El once probable de Xabi<\/p>\n<p data-mrf-recirculation=\"Links P\u00e1rrafos\" class=\"ue-c-article__paragraph paragraph\">El once probable del Real Madrid, vista la lista definitiva, podr\u00eda estar formado por <strong>Courtois; Asencio, Huijsen, R\u00fadiger, Fran; Tchouam\u00e9ni, G\u00fcler, Bellingham; Rodrygo, Mbapp\u00e9 y Vinicius.<\/strong><\/p>\n","protected":false},"excerpt":{"rendered":"El Real Madrid ya tiene lista su convocatoria para el duelo ante el Sevilla (esta noche a las&hellip;\n","protected":false},"author":2,"featured_media":298268,"comment_status":"","ping_status":"","sticky":false,"template":"","format":"standard","meta":{"footnotes":""},"categories":[5],"tags":[17,18,25,24,13,14,11,19,20,9,10,15,16,23,12,21,22],"class_list":{"0":"post-298267","1":"post","2":"type-post","3":"status-publish","4":"format-standard","5":"has-post-thumbnail","7":"category-titulares","8":"tag-breaking-news","9":"tag-breakingnews","10":"tag-es","11":"tag-espana","12":"tag-featured-news","13":"tag-featurednews","14":"tag-headlines","15":"tag-latest-news","16":"tag-latestnews","17":"tag-news","18":"tag-noticias","19":"tag-noticias-destacadas","20":"tag-noticiasdestacadas","21":"tag-spain","22":"tag-titulares","23":"tag-ultimas-noticias","24":"tag-ultimasnoticias"},"share_on_mastodon":{"url":"https:\/\/pubeurope.com\/@es\/115753117508354857","error":""},"_links":{"self":[{"href":"https:\/\/www.europesays.com\/es\/wp-json\/wp\/v2\/posts\/298267","targetHints":{"allow":["GET"]}}],"collection":[{"href":"https:\/\/www.europesays.com\/es\/wp-json\/wp\/v2\/posts"}],"about":[{"href":"https:\/\/www.europesays.com\/es\/wp-json\/wp\/v2\/types\/post"}],"author":[{"embeddable":true,"href":"https:\/\/www.europesays.com\/es\/wp-json\/wp\/v2\/users\/2"}],"replies":[{"embeddable":true,"href":"https:\/\/www.europesays.com\/es\/wp-json\/wp\/v2\/comments?post=298267"}],"version-history":[{"count":0,"href":"https:\/\/www.europesays.com\/es\/wp-json\/wp\/v2\/posts\/298267\/revisions"}],"wp:featuredmedia":[{"embeddable":true,"href":"https:\/\/www.europesays.com\/es\/wp-json\/wp\/v2\/media\/298268"}],"wp:attachment":[{"href":"https:\/\/www.europesays.com\/es\/wp-json\/wp\/v2\/media?parent=298267"}],"wp:term":[{"taxonomy":"category","embeddable":true,"href":"https:\/\/www.europesays.com\/es\/wp-json\/wp\/v2\/categories?post=298267"},{"taxonomy":"post_tag","embeddable":true,"href":"https:\/\/www.europesays.com\/es\/wp-json\/wp\/v2\/tags?post=298267"}],"curies":[{"name":"wp","href":"https:\/\/api.w.org\/{rel}","templated":true}]}}