{"id":298279,"date":"2025-12-20T17:53:23","date_gmt":"2025-12-20T17:53:23","guid":{"rendered":"https:\/\/www.europesays.com\/es\/298279\/"},"modified":"2025-12-20T17:53:23","modified_gmt":"2025-12-20T17:53:23","slug":"la-princesa-top-gun-la-instruccion-acelerada-de-la-princesa-leonor-para-pilotar-el-pilatus-pc-21-en-tres-meses","status":"publish","type":"post","link":"https:\/\/www.europesays.com\/es\/298279\/","title":{"rendered":"La princesa &#8216;Top Gun&#8217;, la instrucci\u00f3n acelerada de la princesa Leonor para pilotar el Pilatus PC-21 en tres meses"},"content":{"rendered":"<p>            Las claves<\/p>\n<p>\n                nuevo<br \/>\n                Generado con IA\n            <\/p>\n<p>        <a class=\"key__news__heading--closed-content\" href=\"http:\/\/www.elespanol.com\/suscripciones\/#utm_source=internal&amp;utm_medium=claves\" rel=\"nofollow noopener\" target=\"_blank\"><\/p>\n<p class=\"item--text\">\n                            La princesa Leonor ha completado su primer vuelo en solitario (&#8216;suelta&#8217;) a bordo del avi\u00f3n de instrucci\u00f3n Pilatus PC-21 tras tres meses de formaci\u00f3n en la Academia General del Aire.\n                        <\/p>\n<p class=\"item--text\">\n                            Su instrucci\u00f3n incluy\u00f3 fases te\u00f3ricas, m\u00e1s de 50 horas en simuladores y un n\u00famero similar de horas de vuelo real para garantizar su seguridad y preparaci\u00f3n.\n                        <\/p>\n<p class=\"item--text\">\n                            El Pilatus PC-21 es uno de los entrenadores m\u00e1s avanzados del mundo, con alta eficiencia operativa y tecnolog\u00eda moderna, consolid\u00e1ndose como referente en la formaci\u00f3n de pilotos.\n                        <\/p>\n<p class=\"item--text\">\n                            Espa\u00f1a es el principal operador mundial del Pilatus PC-21, con 38 unidades, que han reemplazado al veterano C-101 en la formaci\u00f3n b\u00e1sica y avanzada de pilotos militares.\n                        <\/p>\n<p class=\"paragraph\" id=\"paragraph_1\">Tras completar su <a href=\"https:\/\/www.elespanol.com\/mujer\/royals\/20231007\/jura-bandera-princesa-leonor-directo-ultima-hora-toda-informacion-acto\/800019995_10.html?utm_cmp_rs=linksinline\" rel=\"nofollow noopener\" target=\"_blank\">formaci\u00f3n en el Ej\u00e9rcito de Tierra<\/a> y la Armada, la princesa Leonor <strong>emprendi\u00f3 su formaci\u00f3n en la Academia General del Aire<\/strong> el pasado 1 de septiembre.<\/p>\n<p class=\"paragraph\" id=\"paragraph_2\">Tras algo m\u00e1s de tres meses de instrucci\u00f3n, Casa Real inform\u00f3 este viernes que <strong>la princesa ya ha realizado su &#8216;suelta&#8217;<\/strong>. En jerga aeron\u00e1utica, se trata del primer vuelo en solitario de un alumno piloto.<\/p>\n<p class=\"paragraph\" id=\"paragraph_3\">Lo ha hecho <strong>a bordo del avi\u00f3n de instrucci\u00f3n de referencia<\/strong>, el Pilatus PC-21, desde la Base A\u00e9rea de San Javier (Murcia) donde tambi\u00e9n se encuentra la Academia General del Aire.<\/p>\n<p><img loading=\"lazy\" decoding=\"async\" alt=\"El Rey Felipe VI a los mandos del PC-21\" height=\"180\" src=\"https:\/\/www.europesays.com\/es\/wp-content\/uploads\/2025\/12\/1003743804824_256470722_320x180.jpg\" width=\"320\" data-lazy-status=\"processed\" data-lazy-info=\"remove loading item 1\"\/><\/p>\n<p class=\"paragraph\" id=\"paragraph_4\">La instrucci\u00f3n militar comenz\u00f3 con <strong>varias semanas de una fase te\u00f3rica<\/strong> con el fin de proporcionar una base de fundamentos a\u00e9reos s\u00f3lida.<\/p>\n<p class=\"paragraph\" id=\"paragraph_5\">Una vez superada esta etapa, que seg\u00fan el Ej\u00e9rcito del Aire y del Espacio ha durado alrededor de un mes, la princesa Leonor dio <strong>el salto a los simuladores<\/strong>.<\/p>\n<p class=\"paragraph\" id=\"paragraph_6\">Este tipo de tecnolog\u00eda, que replica <strong>de forma exacta la aeronave<\/strong> con la que ha realizado su primer vuelo en solitario, es elemental para cualquier alumno piloto.<\/p>\n<p class=\"paragraph\" id=\"paragraph_7\">Gracias a los simuladores se consigue acelerar la <strong>formaci\u00f3n relativa a la plataforma y a sus sistemas<\/strong>, que no por ser un avi\u00f3n de instrucci\u00f3n b\u00e1sica es una tecnolog\u00eda sencilla.<\/p>\n<blockquote class=\"twitter-tweet\" data-media-max-width=\"560\">\n<p dir=\"ltr\" lang=\"es\">Durante los cuatros meses de instrucci\u00f3n en la Academia General del Aire y del Espacio de San Javier (Murcia), que ha incluido entrenamiento en el simulador de vuelo, la Princesa de Asturias ha alcanzado las competencias necesarias para realizar \u201cla suelta\u201d con seguridad y\u2026 <a href=\"https:\/\/t.co\/l6aVFVAqZ7\" rel=\"nofollow\">pic.twitter.com\/l6aVFVAqZ7<\/a><\/p>\n<p>\u2014 Casa de S.M. el Rey (@CasaReal) <a href=\"https:\/\/twitter.com\/CasaReal\/status\/2001969621289636074?ref_src=twsrc%5Etfw\" rel=\"nofollow noopener\" target=\"_blank\">December 19, 2025<\/a><\/p><\/blockquote>\n<p class=\"paragraph\" id=\"paragraph_8\">Seg\u00fan explicaron fuentes del Ej\u00e9rcito del Aire y del Espacio a este medio, la formaci\u00f3n dentro de los simuladores <strong>ha superado las 50 horas<\/strong>.<\/p>\n<p class=\"paragraph\" id=\"paragraph_9\">El proceso est\u00e1 dise\u00f1ado para que los alumnos adquieran, paso a paso, la seguridad necesaria en cabina.<\/p>\n<p class=\"paragraph\" id=\"paragraph_10\">De esta forma, la princesa Leonor <strong>primero ha entrenado en simuladores b\u00e1sicos<\/strong>, denominados CPT (Cockpit Procedures Trainer), para luego avanzar a los FTD (Flight Training Devices).<\/p>\n<p class=\"paragraph\" id=\"paragraph_11\">El primero est\u00e1 enfocado en la ense\u00f1anza de los instrumentos de vuelo, su <strong>colocaci\u00f3n dentro del avi\u00f3n y procedimientos elementales<\/strong>. Mientras que el segundo se trata de un simulador completo que permite recrear fielmente todo tipo de situaciones.<\/p>\n<p class=\"paragraph\" id=\"paragraph_12\">Precisamente, la posibilidad de <strong>experimentar con cualquier meteorolog\u00eda<\/strong> o problemas a bordo hacen de los simuladores una herramienta fundamental para la formaci\u00f3n de vuelo.<\/p>\n<p class=\"paragraph\" id=\"paragraph_13\">\u00abEstos \u00faltimos <strong>ofrecen visi\u00f3n de 180 grados<\/strong> y una r\u00e9plica exacta de la cabina, donde los instructores pueden recrear tanto vuelos rutinarios como situaciones de emergencia\u00bb, explicaron.<\/p>\n<blockquote class=\"twitter-tweet\" data-media-max-width=\"560\">\n<p dir=\"ltr\" lang=\"es\">Preparaci\u00f3n intensiva de la Princesa de Asturias, a lo largo de estos \u00faltimos cuatro meses, en la Academia General del Aire y del Espacio de San Javier (Murcia), donde realiza su formaci\u00f3n aeron\u00e1utica militar. <a href=\"https:\/\/t.co\/jGGP7I0zdr\" rel=\"nofollow\">pic.twitter.com\/jGGP7I0zdr<\/a><\/p>\n<p>\u2014 Casa de S.M. el Rey (@CasaReal) <a href=\"https:\/\/twitter.com\/CasaReal\/status\/2001967448040636909?ref_src=twsrc%5Etfw\" rel=\"nofollow noopener\" target=\"_blank\">December 19, 2025<\/a><\/p><\/blockquote>\n<p class=\"paragraph\" id=\"paragraph_14\">Una vez superada esta fase, la princesa Leonor ha <strong>acumulado un n\u00famero similar de horas de vuelo real<\/strong> en la aeronave PC-21 hasta llegar a la suelta.<\/p>\n<p class=\"paragraph\" id=\"paragraph_15\">En este sentido, desde el Ej\u00e9rcito del Aire han explicado a este peri\u00f3dico que el <strong>proceso para convertirse en piloto se extiende durante dos a\u00f1os y medio<\/strong> para un alumno que siga la carrera de piloto est\u00e1ndar.<\/p>\n<p>Pilatus, el nuevo avi\u00f3n<\/p>\n<p class=\"paragraph\" id=\"paragraph_16\">El Pilatus PC-21 se sit\u00faa <strong>entre los entrenadores m\u00e1s avanzados<\/strong> de su categor\u00eda.<\/p>\n<p class=\"paragraph\" id=\"paragraph_17\">Concebido para formar a las nuevas generaciones de pilotos dentro de un entorno tecnol\u00f3gicamente exigente, este <strong>turboh\u00e9lice de altas prestaciones<\/strong> ha logrado consolidarse en la \u00faltima d\u00e9cada como un referente internacional.<\/p>\n<p><img decoding=\"async\" alt=\"\u00daltimo vuelo de la Patrulla \u00c1guila\" height=\"180\" loading=\"lazy\" width=\"320\" data-lazy-status=\"processed\" id=\"d8e8205745\" src=\"https:\/\/www.elespanol.com\/observatorio-defensa\/20251220\/princesa-top-gun-instruccion-acelerada-leonor-pilotar-pilatus-pc-21-meses\/[\" https:=\"\" data-lazy-info=\"changed src\"\/><\/p>\n<p class=\"paragraph\" id=\"paragraph_18\">No es casualidad que fuerzas a\u00e9reas como las de Suiza, Arabia Saud\u00ed o Australia lo hayan incorporado a sus <strong>programas de instrucci\u00f3n b\u00e1sica y avanzada<\/strong>.<\/p>\n<p class=\"paragraph\" id=\"paragraph_19\">En el caso del Ej\u00e9rcito del Aire y del Espacio, Espa\u00f1a se ha convertido en <strong>el principal operador mundial del modelo<\/strong>, con una flota de 38 aeronaves.<\/p>\n<p class=\"paragraph\" id=\"paragraph_20\">Las primeras 22 unidades llegaron entre 2021 y 2022, <strong>marcando el relevo del veterano C-101<\/strong>, mientras que una segunda fase de adquisici\u00f3n ampli\u00f3 la cifra con otros 16 aparatos para completar el sistema de ense\u00f1anza.<\/p>\n<p class=\"paragraph\" id=\"paragraph_21\">La gran <strong>virtud del PC-21 radica en su eficiencia operativa<\/strong>. Permite ofrecer un programa de adiestramiento completo \u2014desde los primeros vuelos hasta fases pr\u00f3ximas al entrenamiento en reactores\u2014 con un coste mucho menor que el de un avi\u00f3n a reacci\u00f3n.<\/p>\n<p class=\"paragraph\" id=\"paragraph_22\">No solo se trata de ahorro en combustible: el empleo de un <strong>motor turboh\u00e9lice simplifica el mantenimiento<\/strong> y reduce dr\u00e1sticamente los gastos asociados.<\/p>\n<p class=\"paragraph\" id=\"paragraph_23\">El PC-21 est\u00e1 <strong>configurado habitualmente para dos tripulantes<\/strong>, instructor y alumno, con un peso en vac\u00edo cercano a las dos toneladas.<\/p>\n<p class=\"paragraph\" id=\"paragraph_24\">Su masa m\u00e1xima <strong>al despegue asciende a 4.250 kilogramos,<\/strong> o a 3.100 si la misi\u00f3n requiere maniobras acrob\u00e1ticas.<\/p>\n<p class=\"paragraph\" id=\"paragraph_25\">El coraz\u00f3n del sistema es un motor Pratt &amp; Whitney Canada PT6A-68B, capaz de <strong>entregar 1.600 caballos<\/strong> de potencia.<\/p>\n<p><img decoding=\"async\" alt=\"Diagrama del Pilatus PC-21 del Ej\u00e9rcito del Aire y el Espacio\" data-imgm=\"true\" height=\"180\" loading=\"lazy\"  src=\"https:\/\/www.europesays.com\/es\/wp-content\/uploads\/2025\/12\/709939722_227896369_1024x576.jpg\"  width=\"320\"\/><\/p>\n<p>                                                            Diagrama del Pilatus PC-21 del Ej\u00e9rcito del Aire y el Espacio<\/p>\n<p>                    Lina Smith \/ Ej\u00e9rcito del Aire \/ Pilatus Aircraft<\/p>\n<p>                    Omicrono<\/p>\n<p class=\"paragraph\" id=\"paragraph_26\">Se trata de un cl\u00e1sico de la ingenier\u00eda aeron\u00e1utica, dise\u00f1ado en los a\u00f1os sesenta y perfeccionado hasta hoy, que tambi\u00e9n impulsa <strong>otros entrenadores como el Embraer EMB-314 Super Tucano<\/strong>.<\/p>\n<p class=\"paragraph\" id=\"paragraph_27\">Gracias a esta planta motriz, el PC-21 puede alcanzar una <strong>velocidad m\u00e1xima pr\u00f3xima a los 685 km\/h<\/strong> y una autonom\u00eda de vuelo de alrededor de 1.300 kil\u00f3metros.<\/p>\n<p class=\"paragraph\" id=\"paragraph_28\">Un equilibrio entre prestaciones y sostenibilidad que lo ha convertido en <strong>la joya de la corona del aula voladora<\/strong> del Ej\u00e9rcito del Aire y del Espacio.<\/p>\n<p>                                    <script async src=\"https:\/\/platform.twitter.com\/widgets.js\" charset=\"utf-8\"><\/script><\/p>\n","protected":false},"excerpt":{"rendered":"Las claves nuevo Generado con IA La princesa Leonor ha completado su primer vuelo en solitario (&#8216;suelta&#8217;) a&hellip;\n","protected":false},"author":2,"featured_media":298280,"comment_status":"","ping_status":"","sticky":false,"template":"","format":"standard","meta":{"footnotes":""},"categories":[169],"tags":[6042,177,70943,7938,146,147,25,24,11439,176,43793,2585,175,14969,23],"class_list":{"0":"post-298279","1":"post","2":"type-post","3":"status-publish","4":"format-standard","5":"has-post-thumbnail","7":"category-cine","8":"tag-casa-real","9":"tag-cine","10":"tag-defensa-fuerzas-armadas","11":"tag-ejercito-del-aire","12":"tag-entertainment","13":"tag-entretenimiento","14":"tag-es","15":"tag-espana","16":"tag-felipe-vi","17":"tag-film","18":"tag-leonor-de-borbon-ortiz","19":"tag-ministerio-de-defensa","20":"tag-movies","21":"tag-observatorio-de-la-defensa","22":"tag-spain"},"share_on_mastodon":{"url":"https:\/\/pubeurope.com\/@es\/115753177192043984","error":""},"_links":{"self":[{"href":"https:\/\/www.europesays.com\/es\/wp-json\/wp\/v2\/posts\/298279","targetHints":{"allow":["GET"]}}],"collection":[{"href":"https:\/\/www.europesays.com\/es\/wp-json\/wp\/v2\/posts"}],"about":[{"href":"https:\/\/www.europesays.com\/es\/wp-json\/wp\/v2\/types\/post"}],"author":[{"embeddable":true,"href":"https:\/\/www.europesays.com\/es\/wp-json\/wp\/v2\/users\/2"}],"replies":[{"embeddable":true,"href":"https:\/\/www.europesays.com\/es\/wp-json\/wp\/v2\/comments?post=298279"}],"version-history":[{"count":0,"href":"https:\/\/www.europesays.com\/es\/wp-json\/wp\/v2\/posts\/298279\/revisions"}],"wp:featuredmedia":[{"embeddable":true,"href":"https:\/\/www.europesays.com\/es\/wp-json\/wp\/v2\/media\/298280"}],"wp:attachment":[{"href":"https:\/\/www.europesays.com\/es\/wp-json\/wp\/v2\/media?parent=298279"}],"wp:term":[{"taxonomy":"category","embeddable":true,"href":"https:\/\/www.europesays.com\/es\/wp-json\/wp\/v2\/categories?post=298279"},{"taxonomy":"post_tag","embeddable":true,"href":"https:\/\/www.europesays.com\/es\/wp-json\/wp\/v2\/tags?post=298279"}],"curies":[{"name":"wp","href":"https:\/\/api.w.org\/{rel}","templated":true}]}}