{"id":298285,"date":"2025-12-20T17:56:11","date_gmt":"2025-12-20T17:56:11","guid":{"rendered":"https:\/\/www.europesays.com\/es\/298285\/"},"modified":"2025-12-20T17:56:11","modified_gmt":"2025-12-20T17:56:11","slug":"actuacion-en-familia-de-perico-cortes-en-la-pena-flamenca-sanroquena","status":"publish","type":"post","link":"https:\/\/www.europesays.com\/es\/298285\/","title":{"rendered":"Actuaci\u00f3n \u201cen familia\u201d de Perico Cort\u00e9s en la Pe\u00f1a Flamenca Sanroque\u00f1a"},"content":{"rendered":"<p>La Delegaci\u00f3n de Participaci\u00f3n Ciudadana del Ayuntamiento de San Roque, que dirige la concejal Roc\u00edo Fern\u00e1ndez, ha patrocinado la actuaci\u00f3n del cantaor sanroque\u00f1o Perico Cort\u00e9s que ha tenido lugar este s\u00e1bado en la Pe\u00f1a Flamenca Sanroque\u00f1a, siendo la \u00faltima actividad programada por este colectivo cultural para el a\u00f1o 2025.<\/p>\n<p>Perico Cort\u00e9s tuvo a la guitarra a Juan Benjumea, bisnieto de Juan Talega, mientras que las palmas llegaron de Fernando Canela, Manuel y Antonio Shuster Flores. Perico Cort\u00e9s hizo gala de su gran voz y perfecto dominio de los cantes gitanos, demostrando que por sus venas corren, adem\u00e1s de la sangre de los Cort\u00e9s sanroque\u00f1os, la de los Montoya, los Canela y los Heredia, y que ha bebido directamente de fuentes como Canela de San Roque y T\u00edo Mollino.<\/p>\n","protected":false},"excerpt":{"rendered":"La Delegaci\u00f3n de Participaci\u00f3n Ciudadana del Ayuntamiento de San Roque, que dirige la concejal Roc\u00edo Fern\u00e1ndez, ha patrocinado&hellip;\n","protected":false},"author":2,"featured_media":298286,"comment_status":"","ping_status":"","sticky":false,"template":"","format":"standard","meta":{"footnotes":""},"categories":[91],"tags":[1250,2193,2191,146,147,25,24,2190,2186,2189,2185,2187,23,2192,2188],"class_list":{"0":"post-298285","1":"post","2":"type-post","3":"status-publish","4":"format-standard","5":"has-post-thumbnail","7":"category-entretenimiento","8":"tag-ayuntamiento","9":"tag-cadiz","10":"tag-campamento","11":"tag-entertainment","12":"tag-entretenimiento","13":"tag-es","14":"tag-espana","15":"tag-guadiaro","16":"tag-roque","17":"tag-san-enrique","18":"tag-san-roque","19":"tag-soto-grande","20":"tag-spain","21":"tag-taraguilla","22":"tag-torreguadiaro"},"share_on_mastodon":{"url":"https:\/\/pubeurope.com\/@es\/115753188641874960","error":""},"_links":{"self":[{"href":"https:\/\/www.europesays.com\/es\/wp-json\/wp\/v2\/posts\/298285","targetHints":{"allow":["GET"]}}],"collection":[{"href":"https:\/\/www.europesays.com\/es\/wp-json\/wp\/v2\/posts"}],"about":[{"href":"https:\/\/www.europesays.com\/es\/wp-json\/wp\/v2\/types\/post"}],"author":[{"embeddable":true,"href":"https:\/\/www.europesays.com\/es\/wp-json\/wp\/v2\/users\/2"}],"replies":[{"embeddable":true,"href":"https:\/\/www.europesays.com\/es\/wp-json\/wp\/v2\/comments?post=298285"}],"version-history":[{"count":0,"href":"https:\/\/www.europesays.com\/es\/wp-json\/wp\/v2\/posts\/298285\/revisions"}],"wp:featuredmedia":[{"embeddable":true,"href":"https:\/\/www.europesays.com\/es\/wp-json\/wp\/v2\/media\/298286"}],"wp:attachment":[{"href":"https:\/\/www.europesays.com\/es\/wp-json\/wp\/v2\/media?parent=298285"}],"wp:term":[{"taxonomy":"category","embeddable":true,"href":"https:\/\/www.europesays.com\/es\/wp-json\/wp\/v2\/categories?post=298285"},{"taxonomy":"post_tag","embeddable":true,"href":"https:\/\/www.europesays.com\/es\/wp-json\/wp\/v2\/tags?post=298285"}],"curies":[{"name":"wp","href":"https:\/\/api.w.org\/{rel}","templated":true}]}}