{"id":298295,"date":"2025-12-20T18:03:21","date_gmt":"2025-12-20T18:03:21","guid":{"rendered":"https:\/\/www.europesays.com\/es\/298295\/"},"modified":"2025-12-20T18:03:21","modified_gmt":"2025-12-20T18:03:21","slug":"alcaraz-y-ferrero-lo-estan-pasando-mal-tras-la-ruptura-es-posible-una-reconciliacion","status":"publish","type":"post","link":"https:\/\/www.europesays.com\/es\/298295\/","title":{"rendered":"Alcaraz y Ferrero lo est\u00e1n pasando mal tras la ruptura: \u00bfes posible una reconciliaci\u00f3n?"},"content":{"rendered":"<p class=\"paragraph\"><b>Carlos Alcaraz<\/b> y <b>Juan Carlos Ferrero <\/b>han acaparado todas las noticias de tenis de estos \u00faltimos d\u00edas. El anuncio de su separaci\u00f3n pill\u00f3 a propios y extra\u00f1os por sorpresa porque cuesta entender que no contin\u00faen juntos tras un 2025 lleno de \u00e9xitos. Ha sido la mejor temporada del murciano en el circuito, con ocho t\u00edtulos \u2013incluidos dos Grand Slams\u2013 y terminando el a\u00f1o en lo m\u00e1s alto del ranking ATP. Una temporada pr\u00e1cticamente perfecta.<\/p>\n<p class=\"paragraph\">Por ello todo hac\u00eda indicar que <b>Juan Carlos Ferrero<\/b> formar\u00eda de nuevo dupla junto a <b>Samu L\u00f3pez<\/b> como entrenadores de <b>Carlos Alcaraz<\/b>. M\u00e1s todav\u00eda teniendo en cuenta que la semana pasada la <b>ATP <\/b>concedi\u00f3 los premios de la temporada 2025 y el galard\u00f3n a mejor entrenador se lo llev\u00f3 la dupla alicantina. Dieron tras este \u00e9xito una entrevista fijando los objetivos del nuevo curso, pero finalmente solo Samu L\u00f3pez dirigir\u00e1 la carrera de Carlitos en este 2026.<\/p>\n<p class=\"paragraph\">Al menos as\u00ed ser\u00e1 durante el inicio de la temporada porque el equipo de Carlos Alcaraz ha decidido que no va a contratar a ning\u00fan entrenador, al menos de momento. La confianza en <b>Samu L\u00f3pez<\/b>, de 55 a\u00f1os, es total porque ya ha sido quien m\u00e1s ha acompa\u00f1ado a Carlitos en este 2025. No obstante, por todos era sabido que a la hora de la verdad la voz autorizada era la de Juan Carlos Ferrero, que ya no es parte del equipo.<\/p>\n<p class=\"paragraph\">En El Debate hemos contado ya<a href=\"https:\/\/www.eldebate.com\/deportes\/tenis\/20251218\/verdadero-motivos-ruptura-entre-alcaraz-ferrero_366758.html\" title=\"Los verdaderos motivos de la ruptura entre Alcaraz y Ferrero\" rel=\"nofollow noopener\" target=\"_blank\"> los verdaderos motivos que han provocado esta ruptura<\/a>, pero en resumen, el punto principal ha estado en el conflicto de intereses con las dos academias. Carlitos pertenec\u00eda a la Juan Carlos Ferrero Academy y su familia, sobre todo su padre, consideraba que ya era momento de estar ligado a la <b>Carlos Alcaraz Academy<\/b> que fund\u00f3 su progenitor y lleva el nombre de ambos.<\/p>\n<p>\u00bfEs posible una reconciliaci\u00f3n?<\/p>\n<p class=\"paragraph\">Lo que se sabe ahora es que tanto <b>Carlos Alcaraz<\/b> como <b>Juan Carlos Ferrero <\/b>est\u00e1n destrozados por la separaci\u00f3n, sobre todo este \u00faltimo, que confes\u00f3 en su comunicado que le \u00abhabr\u00eda gustado seguir\u00bb. No pudo ser y el pasado jueves, durante el saque de honor que hizo Carlitos en el Real Murcia &#8211; Real Betis de dieciseisavos de Copa del Rey se le vio menos sonriente de lo habitual. La procesi\u00f3n iba por dentro, pero por fuera se notaba que no estaba como siempre.<\/p>\n<p class=\"paragraph\">En cuanto a &#8216;Juanki&#8217; todav\u00eda no ha habido oportunidad de verle desde que se conoci\u00f3 que no seguir\u00eda como entrenador de Alcaraz en 2026. Aun as\u00ed desde <b>su entorno se\u00f1alan que est\u00e1 \u00abmuy tocado\u00bb <\/b>y que por el momento no tiene planes de entrenar a nadie. Se centrar\u00e1 en su academia y si en un futuro sale una oportunidad interesante la estudiar\u00e1. Esto es todo lo que se sabe, pues hay hermetismo total sobre si estar\u00eda abierto a una segunda parte con Carlitos.<\/p>\n<p class=\"c-detail__media__subtitle composite_image\">\n<p>        Carlos Alcaraz y Juan Carlos Ferrero, en Wimbledon 2024Wimbledon<\/p>\n<p class=\"paragraph\">La ruptura est\u00e1 muy reciente y ni uno ni otro piensan ahora en la posibilidad de una segunda parte de esta bonita historia que <b>empez\u00f3 con Alcaraz siendo un ni\u00f1o <\/b>y ha terminado con \u00e9l como el mejor tenista del mundo. Habr\u00e1 que ver ahora como se las apa\u00f1a Carlitos sin el hombre que apost\u00f3 por \u00e9l, aunque pese a la separaci\u00f3n laboral la relaci\u00f3n personal entre ellos sigue siendo buena, por lo que no es descartable que de una u otra forma sigan en contacto.<\/p>\n<p class=\"paragraph\">Es por ello que cabe preguntarse si en un futuro se reencontrar\u00e1n. Viendo que la relaci\u00f3n personal no se ha roto no es nada descabellado, aunque todo lo indicar\u00e1n los resultados. <b>Ahora Carlitos debe volar solo<\/b> y afrontar este nueva etapa de su carrera. El tiempo dir\u00e1 lo que suceder\u00e1, pero no ser\u00edan los primeros en vivir una segunda etapa.<\/p>\n","protected":false},"excerpt":{"rendered":"Carlos Alcaraz y Juan Carlos Ferrero han acaparado todas las noticias de tenis de estos \u00faltimos d\u00edas. El&hellip;\n","protected":false},"author":2,"featured_media":298296,"comment_status":"","ping_status":"","sticky":false,"template":"","format":"standard","meta":{"footnotes":""},"categories":[5],"tags":[17,18,25,24,13,14,11,19,20,9,10,15,16,23,12,21,22],"class_list":{"0":"post-298295","1":"post","2":"type-post","3":"status-publish","4":"format-standard","5":"has-post-thumbnail","7":"category-titulares","8":"tag-breaking-news","9":"tag-breakingnews","10":"tag-es","11":"tag-espana","12":"tag-featured-news","13":"tag-featurednews","14":"tag-headlines","15":"tag-latest-news","16":"tag-latestnews","17":"tag-news","18":"tag-noticias","19":"tag-noticias-destacadas","20":"tag-noticiasdestacadas","21":"tag-spain","22":"tag-titulares","23":"tag-ultimas-noticias","24":"tag-ultimasnoticias"},"share_on_mastodon":{"url":"https:\/\/pubeurope.com\/@es\/115753215819986574","error":""},"_links":{"self":[{"href":"https:\/\/www.europesays.com\/es\/wp-json\/wp\/v2\/posts\/298295","targetHints":{"allow":["GET"]}}],"collection":[{"href":"https:\/\/www.europesays.com\/es\/wp-json\/wp\/v2\/posts"}],"about":[{"href":"https:\/\/www.europesays.com\/es\/wp-json\/wp\/v2\/types\/post"}],"author":[{"embeddable":true,"href":"https:\/\/www.europesays.com\/es\/wp-json\/wp\/v2\/users\/2"}],"replies":[{"embeddable":true,"href":"https:\/\/www.europesays.com\/es\/wp-json\/wp\/v2\/comments?post=298295"}],"version-history":[{"count":0,"href":"https:\/\/www.europesays.com\/es\/wp-json\/wp\/v2\/posts\/298295\/revisions"}],"wp:featuredmedia":[{"embeddable":true,"href":"https:\/\/www.europesays.com\/es\/wp-json\/wp\/v2\/media\/298296"}],"wp:attachment":[{"href":"https:\/\/www.europesays.com\/es\/wp-json\/wp\/v2\/media?parent=298295"}],"wp:term":[{"taxonomy":"category","embeddable":true,"href":"https:\/\/www.europesays.com\/es\/wp-json\/wp\/v2\/categories?post=298295"},{"taxonomy":"post_tag","embeddable":true,"href":"https:\/\/www.europesays.com\/es\/wp-json\/wp\/v2\/tags?post=298295"}],"curies":[{"name":"wp","href":"https:\/\/api.w.org\/{rel}","templated":true}]}}