{"id":298297,"date":"2025-12-20T18:09:22","date_gmt":"2025-12-20T18:09:22","guid":{"rendered":"https:\/\/www.europesays.com\/es\/298297\/"},"modified":"2025-12-20T18:09:22","modified_gmt":"2025-12-20T18:09:22","slug":"andy-schleck-recupera-el-adn-de-un-ciclismo-que-ya-no-existe","status":"publish","type":"post","link":"https:\/\/www.europesays.com\/es\/298297\/","title":{"rendered":"Andy Schleck recupera el ADN de un ciclismo que ya no existe"},"content":{"rendered":"<p><img fetchpriority=\"high\" decoding=\"async\" class=\"aligncenter size-full wp-image-67398\" src=\"data:image\/svg+xml,%3Csvg%20xmlns=\" http:=\"\" alt=\"\" width=\"1025\" height=\"400\" data-lazy- data-lazy- data-lazy-src=\"https:\/\/www.europesays.com\/es\/wp-content\/uploads\/2025\/11\/anunci-generic-bla-1-1024x120-px-v3-02.jpg\"\/><\/p>\n<p>Andy Schleck recupera el ADN de un ciclismo que ya no existe<\/p>\n<p>La <a href=\"https:\/\/www.cyclingnews.com\/pro-cycling\/teams-riders\/i-still-know-the-dna-of-the-sport-andy-schleck-joins-brother-frank-at-lidl-trek-as-new-deputy-general-manager\/\" target=\"_blank\" rel=\"noopener nofollow\">noticia<\/a> tiene ese aroma a nostalgia que tanto gusta vender hoy en d\u00eda, pero que conviene analizar con la lupa fr\u00eda de quien lleva a\u00f1os viendo pasar \u201cretornos\u201d por la puerta giratoria del World Tour.<\/p>\n<p><strong>Andy Schleck, el ni\u00f1o mimado del pelot\u00f3n de hace una d\u00e9cada, el talento puro y cristalino<\/strong> que nos hizo so\u00f1ar y desesperar a partes iguales, ficha por Lidl-Trek como Director General Adjunto.<\/p>\n<p><a class=\"wppaslink\" href=\"https:\/\/joanseguidor.com\/pas\/ccmm-valenciana\/44016\/0\" target=\"_blank\" rel=\"nofollow noopener\"><img decoding=\"async\" src=\"data:image\/svg+xml,%3Csvg%20xmlns=\" http:=\"\" alt=\"CCMM Valenciana\" border=\"0\" data-lazy-src=\"https:\/\/www.europesays.com\/es\/wp-content\/uploads\/2025\/12\/1766254162_115_aralleida-hivern-970x250-crea2-es.jpg\"\/><\/a><\/p>\n<p><strong>Se une as\u00ed a su hermano Frank<\/strong>, completando la reuni\u00f3n del clan luxemburgu\u00e9s en una estructura que, recordemos, est\u00e1 echando el resto (y los millones) para sentarse en la mesa de los mayores.<\/p>\n<p>Pero lo que me chirr\u00eda no es el fichaje \u2014el marketing manda y el apellido Schleck vende\u2014, sino la frase con la que Andy aterriza en el despacho: \u201cTodav\u00eda conozco el ADN de este deporte\u201d.<\/p>\n<p>\u00bfDe qu\u00e9 ADN estamos hablando?<\/p>\n<p>Andy se retir\u00f3 en 2014.<\/p>\n<p>En t\u00e9rminos ciclistas, eso es el Pleistoceno, s\u00f3lo hay que hablar con los que aguantan desde entonces.<\/p>\n<p>El ciclismo que \u00e9l vivi\u00f3, <strong>el de los ataques por intuici\u00f3n, el de las \u201cp\u00e1jaras\u201d monumentales y el de la gesti\u00f3n humana de las crisis<\/strong>, entonces el Team Sky s\u00f3lo asomaba.<\/p>\n<p>ha sido devorado por el ciclismo de los vatios, la nutrici\u00f3n milim\u00e9trica y los directores que parecen ingenieros de la NASA. Decir que se conoce el ADN actual por haber ganado el Tour de 2010 (en los despachos, recordemos) es, cuanto menos, osado.<\/p>\n<p>Su labor, dicen, ser\u00e1 transversal y tocar\u00e1 la mentor\u00eda de figuras como Juan Ayuso.<\/p>\n<p>Y ah\u00ed es donde quiz\u00e1s, solo quiz\u00e1s, este movimiento tenga sentido.<\/p>\n<p>No para ense\u00f1ar t\u00e1ctica \u2014Andy nunca fue un genio en la la estrategia, su hermano, menos\u2014, sino para gestionar la presi\u00f3n.<\/p>\n<p><strong>Si alguien sabe lo que pesa un maillot amarillo que te queda grande<\/strong>, o lo que duele que la prensa te llame \u201cblando\u201d mientras tienes las piernas de oro, ese es Andy.<\/p>\n<p>Si su rol en Lidl-Trek es ser el escudo humano y <strong>el consejero emocional de un Ayuso que vive en el alambre de la expectativa<\/strong>, bienvenido sea.<\/p>\n<p>Pero <strong>si esperamos que Andy Schleck traiga la f\u00f3rmula m\u00e1gica para batir a Vingegaard o Poga\u010dar desde la estrategia<\/strong>, quiz\u00e1s estemos pidiendo peras al olmo.<\/p>\n<p>El ciclismo rom\u00e1ntico ha vuelto a la oficina, esperemos que no se ahogue entre tanto Excel y tanto potenci\u00f3metro.<\/p>\n","protected":false},"excerpt":{"rendered":"Andy Schleck recupera el ADN de un ciclismo que ya no existe La noticia tiene ese aroma a&hellip;\n","protected":false},"author":2,"featured_media":298298,"comment_status":"","ping_status":"","sticky":false,"template":"","format":"standard","meta":{"footnotes":""},"categories":[273],"tags":[70948,313,312,168,25,24,2548,4657,11482,23,167],"class_list":{"0":"post-298297","1":"post","2":"type-post","3":"status-publish","4":"format-standard","5":"has-post-thumbnail","7":"category-ciclismo","8":"tag-andu-schleck","9":"tag-ciclismo","10":"tag-cycling","11":"tag-deportes","12":"tag-es","13":"tag-espana","14":"tag-featured","15":"tag-juan-ayuso","16":"tag-lidl-trek","17":"tag-spain","18":"tag-sports"},"share_on_mastodon":{"url":"https:\/\/pubeurope.com\/@es\/115753239383986607","error":""},"_links":{"self":[{"href":"https:\/\/www.europesays.com\/es\/wp-json\/wp\/v2\/posts\/298297","targetHints":{"allow":["GET"]}}],"collection":[{"href":"https:\/\/www.europesays.com\/es\/wp-json\/wp\/v2\/posts"}],"about":[{"href":"https:\/\/www.europesays.com\/es\/wp-json\/wp\/v2\/types\/post"}],"author":[{"embeddable":true,"href":"https:\/\/www.europesays.com\/es\/wp-json\/wp\/v2\/users\/2"}],"replies":[{"embeddable":true,"href":"https:\/\/www.europesays.com\/es\/wp-json\/wp\/v2\/comments?post=298297"}],"version-history":[{"count":0,"href":"https:\/\/www.europesays.com\/es\/wp-json\/wp\/v2\/posts\/298297\/revisions"}],"wp:featuredmedia":[{"embeddable":true,"href":"https:\/\/www.europesays.com\/es\/wp-json\/wp\/v2\/media\/298298"}],"wp:attachment":[{"href":"https:\/\/www.europesays.com\/es\/wp-json\/wp\/v2\/media?parent=298297"}],"wp:term":[{"taxonomy":"category","embeddable":true,"href":"https:\/\/www.europesays.com\/es\/wp-json\/wp\/v2\/categories?post=298297"},{"taxonomy":"post_tag","embeddable":true,"href":"https:\/\/www.europesays.com\/es\/wp-json\/wp\/v2\/tags?post=298297"}],"curies":[{"name":"wp","href":"https:\/\/api.w.org\/{rel}","templated":true}]}}