{"id":298320,"date":"2025-12-20T18:25:37","date_gmt":"2025-12-20T18:25:37","guid":{"rendered":"https:\/\/www.europesays.com\/es\/298320\/"},"modified":"2025-12-20T18:25:37","modified_gmt":"2025-12-20T18:25:37","slug":"guardiola-vive-la-jornada-de-reflexion-en-caceres-rodeada-de-amigos-y-con-una-ofrenda-a-la-virgen-de-la-montana","status":"publish","type":"post","link":"https:\/\/www.europesays.com\/es\/298320\/","title":{"rendered":"Guardiola vive la jornada de reflexi\u00f3n en C\u00e1ceres rodeada de amigos y con una ofrenda a la Virgen de la Monta\u00f1a"},"content":{"rendered":"<p>            Guardiola vive la jornada de reflexi\u00f3n en C\u00e1ceres rodeada de amigos y con una ofrenda a la Virgen de la Monta\u00f1a                <\/p>\n<p>Guardiola vive la jornada de reflexi\u00f3n en C\u00e1ceres rodeada de amigos y con una ofrenda a la Virgen de la Monta\u00f1a<\/p>\n<p class=\"epigraph\">Tras visitar este santuario que, seg\u00fan se\u00f1ala su partido, \u00absignifica mucho para ella\u00bb, la candidata extreme\u00f1a tendr\u00e1 una comida con amigos en la capital cacere\u00f1a.<\/p>\n<p class=\"paragraph\"><b><a href=\"https:\/\/www.heraldo.es\/noticias\/nacional\/2025\/12\/18\/entrevista-maria-guardiola-candidata-pp-elecciones-extremadura-abascal-1879756.html\" title=\"Mar\u00eda Guardiola: &quot;Abascal ha llegado pidi\u00e9ndome que pase por el aro como si yo fuera un animal&quot;\" rel=\"nofollow noopener\" target=\"_blank\">La presidenta de la Junta de Extremadura y candidata a la reelecci\u00f3n por el PP, Mar\u00eda Guardiola<\/a>, ha comenzado este s\u00e1bado la jornada de reflexi\u00f3n<\/b> antes de los comicios del 21D realizando, <b>acompa\u00f1ada de su familia<\/b>, una<b> ofrenda floral a la Virgen de la Monta\u00f1a<\/b> en su santuario ubicado en la ciudad de C\u00e1ceres.<\/p>\n<p class=\"paragraph\">Tras visitar este lugar que, seg\u00fan se\u00f1ala su partido, \u00absignifica mucho para ella\u00bb, Guardiola <b>tendr\u00e1 una comida con amigos en la capital cacere\u00f1a<\/b>, donde pasar\u00e1 el d\u00eda.<\/p>\n<p class=\"paragraph\">Cabe se\u00f1alar que la candidata &#8216;popular&#8217; a la reelecci\u00f3n<b> ha dado las gracias a todas las personas que la han \u00abacompa\u00f1ado, escuchado y transmitido\u00bb su \u00abcari\u00f1o\u00bb en esta campa\u00f1a electoral <\/b>previa a las elecciones auton\u00f3micas de este domingo 21 de diciembre.<\/p>\n<p>            Conforme a los criterios de<br \/>\n            <a class=\"trustproject_img\" id=\"trustproject_img\" href=\"https:\/\/thetrustproject.org\/\" target=\"_blank\" rel=\"nofollow noopener\" aria-label=\"Trust Project\"><img decoding=\"async\" loading=\"lazy\" src=\"https:\/\/www.heraldo.es\/images\/Trust-Logo-Horizontal.svg\" alt=\"Logo Trust Project\" width=\"200\" height=\"34\"\/><\/a><\/p>\n<p>        <a href=\"https:\/\/www.henneo.com\/\" title=\"Grupo Henneo\" class=\"logo\" rel=\"nofollow noopener\" target=\"_blank\"><br \/>\n            <img decoding=\"async\" src=\"https:\/\/www.heraldo.es\/images\/logo_henneo_gris.svg\" alt=\"Logo Henneo\" width=\"559\" height=\"389\" loading=\"lazy\"\/><br \/>\n        <\/a><\/p>\n<p>\u00a9 HERALDO DE ARAGON EDITORA, S.L.U.<br \/>Tel\u00e9fono 976 765 000 \/ &#8211; P\u00ba. Independencia, 29, 50001 Zaragoza &#8211; CIF: B99288763 &#8211; Inscrita en el Registro Mercantil de Zaragoza al Tomo 3796, Libro 0, Folio 177, Secci\u00f3n 8, Hoja Z-50564<br \/>Queda prohibida toda reproducci\u00f3n sin permiso escrito de la empresa a los efectos del art\u00edculo 32.1, p\u00e1rrafo segundo, de la Ley de Propiedad Intelectual<\/p>\n<p>\n                P\u00ba Independencia, 29, 50001 Zaragoza<br \/> Tel\u00e9fono 976 765 000\n            <\/p>\n<p>                    Actualmente tu navegador no permite ejecutar JavaScript. Para poder disfrutar de nuestro contenido es necesario que lo permita.<br \/>\n                                        <img decoding=\"async\" loading=\"lazy\" alt=\"Heraldo logo\" src=\"https:\/\/dkumiip2e9ary.cloudfront.net\/xalok\/heraldo\/especiales\/hola-de-nuevo\/logo-heraldo.svg\" width=\"215\" height=\"43\"\/><\/p>\n","protected":false},"excerpt":{"rendered":"Guardiola vive la jornada de reflexi\u00f3n en C\u00e1ceres rodeada de amigos y con una ofrenda a la Virgen&hellip;\n","protected":false},"author":2,"featured_media":298321,"comment_status":"","ping_status":"","sticky":false,"template":"","format":"standard","meta":{"footnotes":""},"categories":[8],"tags":[17,18,3975,4374,25,24,7234,13,14,11,293,19,20,24986,9,10,15,16,27958,23,12,21,22,70952],"class_list":{"0":"post-298320","1":"post","2":"type-post","3":"status-publish","4":"format-standard","5":"has-post-thumbnail","7":"category-espana","8":"tag-breaking-news","9":"tag-breakingnews","10":"tag-caceres","11":"tag-elecciones","12":"tag-es","13":"tag-espana","14":"tag-extremadura","15":"tag-featured-news","16":"tag-featurednews","17":"tag-headlines","18":"tag-jornada","19":"tag-latest-news","20":"tag-latestnews","21":"tag-maria-guardiola","22":"tag-news","23":"tag-noticias","24":"tag-noticias-destacadas","25":"tag-noticiasdestacadas","26":"tag-reflexion","27":"tag-spain","28":"tag-titulares","29":"tag-ultimas-noticias","30":"tag-ultimasnoticias","31":"tag-virgen-de-la-montana"},"share_on_mastodon":{"url":"https:\/\/pubeurope.com\/@es\/115753303454379983","error":""},"_links":{"self":[{"href":"https:\/\/www.europesays.com\/es\/wp-json\/wp\/v2\/posts\/298320","targetHints":{"allow":["GET"]}}],"collection":[{"href":"https:\/\/www.europesays.com\/es\/wp-json\/wp\/v2\/posts"}],"about":[{"href":"https:\/\/www.europesays.com\/es\/wp-json\/wp\/v2\/types\/post"}],"author":[{"embeddable":true,"href":"https:\/\/www.europesays.com\/es\/wp-json\/wp\/v2\/users\/2"}],"replies":[{"embeddable":true,"href":"https:\/\/www.europesays.com\/es\/wp-json\/wp\/v2\/comments?post=298320"}],"version-history":[{"count":0,"href":"https:\/\/www.europesays.com\/es\/wp-json\/wp\/v2\/posts\/298320\/revisions"}],"wp:featuredmedia":[{"embeddable":true,"href":"https:\/\/www.europesays.com\/es\/wp-json\/wp\/v2\/media\/298321"}],"wp:attachment":[{"href":"https:\/\/www.europesays.com\/es\/wp-json\/wp\/v2\/media?parent=298320"}],"wp:term":[{"taxonomy":"category","embeddable":true,"href":"https:\/\/www.europesays.com\/es\/wp-json\/wp\/v2\/categories?post=298320"},{"taxonomy":"post_tag","embeddable":true,"href":"https:\/\/www.europesays.com\/es\/wp-json\/wp\/v2\/tags?post=298320"}],"curies":[{"name":"wp","href":"https:\/\/api.w.org\/{rel}","templated":true}]}}