{"id":298324,"date":"2025-12-20T18:34:18","date_gmt":"2025-12-20T18:34:18","guid":{"rendered":"https:\/\/www.europesays.com\/es\/298324\/"},"modified":"2025-12-20T18:34:18","modified_gmt":"2025-12-20T18:34:18","slug":"el-doblete-de-roche-fue-la-rubrica-a-un-1987-magico","status":"publish","type":"post","link":"https:\/\/www.europesays.com\/es\/298324\/","title":{"rendered":"El doblete de Roche fue la r\u00fabrica a un 1987 m\u00e1gico\u00a0"},"content":{"rendered":"<p data-start=\"244\" data-end=\"833\">Cuando imaginamos el camino que se le abre a Pogacar este a\u00f1o, es imposible no mirar hacia atr\u00e1s y ver un reflejo casi calcado en lo que Stephen Roche fue capaz de hacer en 1987.<\/p>\n<p data-start=\"244\" data-end=\"833\">Aquella temporada sigue instalada, para muchos, en el territorio de lo irrepetible: el a\u00f1o en que un irland\u00e9s, tan fino como obstinado, <strong>enlaz\u00f3 Giro, Tour y Mundial sin despeinarse\u2026 o, al menos, sin dejar que se notara<\/strong>.<\/p>\n<p><a class=\"wppaslink\" href=\"https:\/\/joanseguidor.com\/pas\/ccmm-valenciana\/44016\/0\" target=\"_blank\" rel=\"nofollow noopener\"><img decoding=\"async\" src=\"data:image\/svg+xml,%3Csvg%20xmlns=\" http:=\"\" alt=\"CCMM Valenciana\" border=\"0\" data-lazy-src=\"https:\/\/www.europesays.com\/es\/wp-content\/uploads\/2025\/12\/1766255657_570_aralleida-hivern-970x250-crea2-es.jpg\"\/><\/a><\/p>\n<p data-start=\"244\" data-end=\"833\"><strong>No era un doblete al estilo Indurain o Pantani: aquello fue un triplete<\/strong>, una gesta que hoy roza lo inveros\u00edmil, y que s\u00f3lo un corredor del tama\u00f1o de Pogacar logr\u00f3 igualar.<\/p>\n<p data-start=\"835\" data-end=\"1367\"><strong>Irlanda nunca ha sido tierra de pelotones poblados.<\/strong><\/p>\n<p data-start=\"835\" data-end=\"1367\">Han salido pocos, pero los que han salido, vaya si han dejado huella.<\/p>\n<p data-start=\"835\" data-end=\"1367\">Sean Kelly y Stephen Roche forman un t\u00e1ndem generacional dif\u00edcil de igualar, a los que en tiempos recientes se sum\u00f3 Dan Martin y quiz\u00e1 <a href=\"https:\/\/joanseguidor.com\/ben-healy-ciclismo\/\" target=\"_blank\" rel=\"noopener nofollow\">Ben Healy<\/a> quiera escribir una l\u00ednea m\u00e1s.<\/p>\n<p data-start=\"835\" data-end=\"1367\">Pero en los ochenta, <strong>la coincidencia de Kelly y Roche fue un golpe de suerte hist\u00f3rico<\/strong>.<\/p>\n<p data-start=\"835\" data-end=\"1367\">Dos corredores complementarios, dos formas de entender el ciclismo, dos gigantes que terminaron disput\u00e1ndose hasta las clasificaciones por puntos.<\/p>\n<p data-start=\"1369\" data-end=\"1673\">Prueba de ello es el Superprestige Pernod, aquel ranking que marcaba la regularidad y la jerarqu\u00eda aut\u00e9ntica de la \u00e9poca.<\/p>\n<p data-start=\"1369\" data-end=\"1673\">En 1987, Roche encabez\u00f3 la tabla con 800 puntos, seguido por Kelly con 560 y Criquielion con 490.<\/p>\n<p data-start=\"1369\" data-end=\"1673\">N\u00fameros que explican que ese a\u00f1o <strong>Irlanda tuvo a los dos mejores ciclistas del mundo<\/strong>.<\/p>\n<p data-start=\"1675\" data-end=\"2117\">Pero todo empez\u00f3, realmente, <strong>en el Giro. Roche, vestido con los colores del Carrera, se encontr\u00f3 peleando no s\u00f3lo contra sus rivales<\/strong>, sino contra parte de su propio equipo, con Roberto Visentini \u2014vigente ganador\u2014 convertido en opositor interno y con \u00e9l un pa\u00eds, Italia.<\/p>\n<p data-start=\"1675\" data-end=\"2117\">El p\u00fablico italiano tampoco le perdon\u00f3 aquello de no ajustarse al guion. Pero Roche resisti\u00f3, gan\u00f3 incluso una crono bajando hacia San Remo desde el Poggio, y se llev\u00f3 el primer gran golpe del a\u00f1o.<\/p>\n<p data-start=\"2119\" data-end=\"2658\"><strong>Despu\u00e9s lleg\u00f3 el Tour, una edici\u00f3n sin Lemond \u2014convaleciente\u2014 ni Hinault \u2014ya retirado\u2014<\/strong> que se convirti\u00f3 en una de las m\u00e1s abiertas de siempre.<\/p>\n<p data-start=\"2119\" data-end=\"2658\">Hoy con un Tour como el de 1987 flipar\u00edamos.<\/p>\n<p data-start=\"2119\" data-end=\"2658\">Pedro Delgado acarici\u00f3 el triunfo, pero la regularidad de Roche acab\u00f3 imponi\u00e9ndose.<\/p>\n<p data-start=\"2119\" data-end=\"2658\">Y a\u00fan quedaba el cap\u00edtulo m\u00e1s inesperado: el Mundial.<\/p>\n<p data-start=\"2119\" data-end=\"2658\">Kelly, ejemplo de fair play, trabaj\u00f3 para un Roche que, pese a reconocer la punta de velocidad de su compatriota, supo aprovechar que todos vigilaban al \u201cKing\u201d para sorprender en el corte final de trece.<\/p>\n<p data-start=\"2119\" data-end=\"2658\">Y as\u00ed, delante de Argentin, cerr\u00f3 el c\u00edrculo perfecto.<\/p>\n<p data-start=\"2660\" data-end=\"3077\" data-is-last-node=\"\" data-is-only-node=\"\"><strong>Antes de ganarlo todo, Roche tambi\u00e9n perdi\u00f3 lo suyo: la Par\u00eds-Niza \u2014que Kelly gan\u00f3 por sexta vez consecutiva\u2014 y la Lieja ante Argentin<\/strong>.<\/p>\n<p data-start=\"2660\" data-end=\"3077\" data-is-last-node=\"\" data-is-only-node=\"\">Pero nada empa\u00f1\u00f3 una temporada que qued\u00f3 grabada como uno de los mayores alardes de ciclismo puro.<\/p>\n<p data-start=\"2660\" data-end=\"3077\" data-is-last-node=\"\" data-is-only-node=\"\">Y aunque Nicolas Roche mantuvo el apellido en carrera, nadie ha vuelto a acercarse a aquel 1987.<\/p>\n<p data-start=\"2660\" data-end=\"3077\" data-is-last-node=\"\" data-is-only-node=\"\">Porque Irlanda, tan lejos y tan dura, s\u00f3lo exportaba excelencia cuando sal\u00eda de casa.<\/p>\n","protected":false},"excerpt":{"rendered":"Cuando imaginamos el camino que se le abre a Pogacar este a\u00f1o, es imposible no mirar hacia atr\u00e1s&hellip;\n","protected":false},"author":2,"featured_media":298325,"comment_status":"","ping_status":"","sticky":false,"template":"","format":"standard","meta":{"footnotes":""},"categories":[273],"tags":[313,312,168,25,24,2548,23,167,67705,463],"class_list":{"0":"post-298324","1":"post","2":"type-post","3":"status-publish","4":"format-standard","5":"has-post-thumbnail","7":"category-ciclismo","8":"tag-ciclismo","9":"tag-cycling","10":"tag-deportes","11":"tag-es","12":"tag-espana","13":"tag-featured","14":"tag-spain","15":"tag-sports","16":"tag-stephen-roche","17":"tag-tadej-pogacar"},"share_on_mastodon":{"url":"https:\/\/pubeurope.com\/@es\/115753337704799234","error":""},"_links":{"self":[{"href":"https:\/\/www.europesays.com\/es\/wp-json\/wp\/v2\/posts\/298324","targetHints":{"allow":["GET"]}}],"collection":[{"href":"https:\/\/www.europesays.com\/es\/wp-json\/wp\/v2\/posts"}],"about":[{"href":"https:\/\/www.europesays.com\/es\/wp-json\/wp\/v2\/types\/post"}],"author":[{"embeddable":true,"href":"https:\/\/www.europesays.com\/es\/wp-json\/wp\/v2\/users\/2"}],"replies":[{"embeddable":true,"href":"https:\/\/www.europesays.com\/es\/wp-json\/wp\/v2\/comments?post=298324"}],"version-history":[{"count":0,"href":"https:\/\/www.europesays.com\/es\/wp-json\/wp\/v2\/posts\/298324\/revisions"}],"wp:featuredmedia":[{"embeddable":true,"href":"https:\/\/www.europesays.com\/es\/wp-json\/wp\/v2\/media\/298325"}],"wp:attachment":[{"href":"https:\/\/www.europesays.com\/es\/wp-json\/wp\/v2\/media?parent=298324"}],"wp:term":[{"taxonomy":"category","embeddable":true,"href":"https:\/\/www.europesays.com\/es\/wp-json\/wp\/v2\/categories?post=298324"},{"taxonomy":"post_tag","embeddable":true,"href":"https:\/\/www.europesays.com\/es\/wp-json\/wp\/v2\/tags?post=298324"}],"curies":[{"name":"wp","href":"https:\/\/api.w.org\/{rel}","templated":true}]}}