{"id":298336,"date":"2025-12-20T18:43:19","date_gmt":"2025-12-20T18:43:19","guid":{"rendered":"https:\/\/www.europesays.com\/es\/298336\/"},"modified":"2025-12-20T18:43:19","modified_gmt":"2025-12-20T18:43:19","slug":"21d-horror-castuo-ctxt-es","status":"publish","type":"post","link":"https:\/\/www.europesays.com\/es\/298336\/","title":{"rendered":"21D: horror cast\u00fao | ctxt.es"},"content":{"rendered":"<p>El psic\u00f3logo me propuso una estrategia poco ortodoxa que me ayudar\u00eda a enfrentar momentos complicados y estresantes. Se trataba de prepararme mentalmente, asumiendo la peor de las consecuencias y estando en paz con ella. As\u00ed, a la hora de coger un avi\u00f3n para hacer un vuelo largo, si subes la escalerilla con la certeza de que va a estrellarse y que eso es lo que hay, las turbulencias acaban siendo poca cosa y el aterrizaje un milagro a festejar. Pedro S\u00e1nchez ha debido de pasar por esa misma cl\u00ednica de cara a las elecciones extreme\u00f1as de este fin de semana. Con las encuestas desahuciando al partido que gobern\u00f3 la regi\u00f3n durante d\u00e9cadas y un candidato imputado y sin demasiado carisma, la duda para el PSOE es si el domingo la peor de las consecuencias ser\u00e1 una mayor\u00eda absoluta del PP o un subid\u00f3n de Vox que meta a la ultraderecha en primera l\u00ednea de gobernabilidad. Qu\u00e9 ilusi\u00f3n.<\/p>\n<p>Mientras se decide si el futuro de Extremadura ser\u00e1 muy de derechas o muy, muy de derechas, la campa\u00f1a electoral toca a su fin. En ella, el PP ha hecho de Vox y Vox ha hecho del PP. \u00bfQu\u00e9 es la pol\u00edtica sino el arte de disfrazarse? En las \u00faltimas horas, el PP extreme\u00f1o, con la aprobaci\u00f3n y ayuda de Feij\u00f3o, ha imitado a Vox alimentado la idea de que en Extremadura podr\u00eda haber este fin de semana un pucherazo perpetrado por, c\u00f3mo no, Pedro S\u00e1nchez. El dictador ha permitido la celebraci\u00f3n de estas elecciones, pero tambi\u00e9n darse el gusto de ama\u00f1arlas. Es siniestro hasta para eso. La historia estremecer\u00eda a los padres griegos de la democracia, porque en Fuente de Cantos \u2013les recomiendo sus jamones\u2013 unos ladrones robaron en la oficina de Correos del pueblo una caja fuerte que conten\u00eda 15.000 euros y 124 votos ya emitidos. \u201cNo podemos permitir que nos roben la democracia\u201d, sali\u00f3 de lo m\u00e1s Corina Machado la presidenta Mar\u00eda Guardiola grab\u00e1ndose en v\u00eddeo y pidiendo que, en estos momentos dif\u00edciles, todos los dem\u00f3cratas se uniesen en torno al PP. Yo no creo que quisieran robarnos la democracia, yo creo que quer\u00edan los 15.000 pavos de la caja fuerte, declar\u00f3 horas m\u00e1s tarde un mando de Guardia Civil de Fuente de Cantos, muy prosaico y poco dado a la \u00e9pica.<\/p>\n<p>Si el PP le intenta ganar terreno a Vox en su especialidad \u2013los bulos y el esperpento\u2013, en Vox juegan a ponerse la corbata del partido al que podr\u00eda votar cualquier vecino. D\u00edas atr\u00e1s, el candidato extreme\u00f1o del partido fascista alababa p\u00fablicamente la figura de un <a href=\"https:\/\/ctxt.es\/es\/20251201\/Firmas\/51303\/robe-iniesta-extremoduro-gerardo-tece-hijo.htm\" target=\"_blank\" rel=\"nofollow noopener\">Robe Iniesta<\/a> al que el buen votante de derechas de toda la vida ha llamado drogata, perroflauta o terrorista. Un tipo que escup\u00eda sobre todo lo que Vox representa siendo homenajeado por los herederos de Franco es la demostraci\u00f3n de que en la direcci\u00f3n de Vox no son idiotas y, tras haber descartado centrar la campa\u00f1a en la invasi\u00f3n extranjera que sufren Don Benito, Zafra o Almendralejo, la estrategia correcta era dar los buenos d\u00edas en el ascensor, esa pr\u00e1ctica woke. Su p\u00fablico \u2013fascistas, machistas, racistas, antivacunas, etc.\u2013 est\u00e1 ya convencido, el mensaje ha sido entregado. Ahora toca pescar en caladeros m\u00e1s centrados y en ello andan en estas elecciones, porque Extremadura es, sobre todo, un laboratorio en el que practicar para la gran batalla nacional. La gran batalla nacional, lo veremos en cuanto se cierren las urnas extreme\u00f1as, no es en estos momentos una batalla entre la izquierda y la derecha, sino una guerra entre familias del PP. Y Vox, que es la segunda familia pepera m\u00e1s importante, ya ha dejado claro que quiere mucha az\u00facar en el futuro inmediato. Y cuando hablamos de az\u00facar hablamos de sorpasso o algo que se le parezca mucho a medio plazo.<\/p>\n<blockquote><p>&#13;<\/p>\n<p>En Vox juegan a ponerse la corbata del partido al que podr\u00eda votar cualquier vecino<\/p>\n<p>&#13;\n<\/p><\/blockquote>\n<p>Que hay mucho en juego y Extremadura es el primer gran ensayo de lo que se viene nos lo explican las noticias publicadas en la prensa de derechas estas \u00faltimas semanas. \u00bfSe han fijado en que, para Antena3, Vox es un partido perfectamente democr\u00e1tico durante el curso pol\u00edtico ordinario y que, cuando llega una cita en las urnas, los de Abascal se convierten autom\u00e1ticamente en una opci\u00f3n populista, absurda o radical? As\u00ed funcionan los negocios. En las \u00faltimas horas dos noticias que afectan a PP y Vox ilustran bien el estado de esta guerra interna en la derecha. Desde El Mundo hasta The Objective, pasando por La Raz\u00f3n, andan <a href=\"https:\/\/ctxt.es\/es\/20251201\/Firmas\/51318\/tecetipo-gerardo-tece-manuel-mariscal-vox-abascal-revuelta-dana.htm\" target=\"_blank\" rel=\"nofollow noopener\">a vueltas con Revuelta<\/a>, el movimiento juvenil de Vox cuyos caudillitos, al parecer, habr\u00edan estado chanchulleando con una caja llena de donaciones para la dana. En otras fechas del calendario esto ser\u00eda una nota perdida en sucesos \u2013en el mejor de los casos\u2013, pero ahora mismo hay pastel en juego y la noticia va abriendo la portada. Vox ha reaccionado denunciado a todos estos medios afines a su ideolog\u00eda. Si no entiende usted el idioma subvencion\u00e9s, yo se lo traduzco: en \u00e9poca electoral toca cumplir \u00f3rdenes de quien paga la cuota mayor, pero el que tambi\u00e9n paga su cuota, aunque sea menor, tambi\u00e9n exige trato digno. Y cuando no lo obtiene se enfada.<\/p>\n<p>Mientras los medios de derechas hablan sobre los j\u00f3venes de Vox, las noticias sobre los mayores del PP extreme\u00f1o pasan inadvertidas en el men\u00fa informativo de la Espa\u00f1a fet\u00e9n. El Partido Popular de Extremadura <a href=\"https:\/\/ctxt.es\/es\/20251201\/Firmas\/51366\/Gerardo-Tece-no-es-facil-machismo-acoso-Francisco-Jose-Salazar-Pedro-Sanchez-crisis-en-el-PSOE.htm\" target=\"_blank\" rel=\"nofollow noopener\">habr\u00eda tapado varios esc\u00e1ndalos machistas<\/a> que afectan, entre otros, al propio ch\u00f3fer de la presidenta o a un alcalde del partido. En este caso, la noticia s\u00ed es una nota al margen, una cosa marginal y sin importancia medi\u00e1tica. No cambiar\u00eda nada que los medios de la derecha la llevasen a portada igual que no cambia que lleven la de los j\u00f3venes de Vox. Cuesta imaginarse la escena de un votante de Vox de Llerena desencantado porque los chavales de su partido hayan podido mangar como lleva mangando la ultraderecha en Espa\u00f1a toda la puta vida. \u00bfQu\u00e9 es el patriotismo, si no eso? No es de esperar que, en la sede del PP en Montijo, los militantes est\u00e9n decepcionados porque el partido no fue contundente. \u201cLa cultura del acoso es parte del patriarcado dominante y es una lacra que nos afecta a todos como sociedad, yo creo que me quedo en casa este domingo\u201d, declar\u00f3 nunca ning\u00fan militante al conocer la noticia.<\/p>\n<p>No es la noticia en s\u00ed. Es el movimiento de tropas. Es la serpiente que se coloca a tu lado y se estira, midi\u00e9ndote. Es el repliegue entre familias de la derecha que viviremos tras estas elecciones. Dependiendo del resultado, la batalla en la derecha podr\u00eda convertirse en guerra m\u00e1s temprano que tarde. Hay se\u00f1ales para creerlo. Si sucediese, el paseo militar de Feij\u00f3o hacia La Moncloa podr\u00eda convertirse en un escenario nuevo y nublado. Un mapa diferente con epicentro en Extremadura y consecuencias en Arag\u00f3n, Castilla y Le\u00f3n, Andaluc\u00eda y Espa\u00f1a. En pol\u00edtica, cuando las cartas se barajan la partida puede cambiar, y ahora van a barajarse. Parad\u00f3jicamente, un cambio en el que Vox se hiciese mayor queriendo retar de t\u00fa a t\u00fa al PP podr\u00eda proporcionarle un bal\u00f3n de ox\u00edgeno a Pedro S\u00e1nchez. Si una cat\u00e1strofe socialista extreme\u00f1a acaba d\u00e1ndole una nueva vida al perro, deber\u00edamos, definitivamente, empezar a llamarlo el gato.<\/p>\n<p><a href=\"https:\/\/agora.ctxt.es\/donaciones\/\" target=\"_blank\" rel=\"nofollow noopener\"><img loading=\"lazy\" decoding=\"async\" src=\"https:\/\/www.europesays.com\/es\/wp-content\/uploads\/2025\/12\/cms-image-000038490.jpeg\" alt=\"\" width=\"952\" height=\"351\"\/><\/a><\/p>\n<p>El psic\u00f3logo me propuso una estrategia poco ortodoxa que me ayudar\u00eda a enfrentar momentos complicados y estresantes. Se trataba de prepararme mentalmente, asumiendo la peor de las consecuencias y estando en paz con ella. As\u00ed, a la hora de coger un avi\u00f3n para hacer un vuelo largo, si subes la escalerilla con la&#8230;<br \/>\n                                <\/p>\n<p>\t\t\t\t    Este art\u00edculo es exclusivo para las personas suscritas a CTXT. Puedes iniciar sesi\u00f3n <strong><a href=\"https:\/\/ctxt.es\/auth\" rel=\"nofollow noopener\" target=\"_blank\">aqu\u00ed<\/a><\/strong> o suscribirte <strong><a target=\"_blank\" href=\"https:\/\/agora.ctxt.es\/suscripciones\/\" rel=\"nofollow noopener\">aqu\u00ed<\/a><\/strong><\/p>\n","protected":false},"excerpt":{"rendered":"El psic\u00f3logo me propuso una estrategia poco ortodoxa que me ayudar\u00eda a enfrentar momentos complicados y estresantes. Se&hellip;\n","protected":false},"author":2,"featured_media":298337,"comment_status":"","ping_status":"","sticky":false,"template":"","format":"standard","meta":{"footnotes":""},"categories":[169],"tags":[70953,177,1709,70956,1710,70955,146,147,25,24,176,6979,70954,175,956,23,624],"class_list":{"0":"post-298336","1":"post","2":"type-post","3":"status-publish","4":"format-standard","5":"has-post-thumbnail","7":"category-cine","8":"tag-21d","9":"tag-cine","10":"tag-ctxt-revista-contexto-politica","11":"tag-derecha-ultra","12":"tag-economia-y-cultura-feminismos-cambio-climatico-noticias","13":"tag-elecciones-extremadura","14":"tag-entertainment","15":"tag-entretenimiento","16":"tag-es","17":"tag-espana","18":"tag-film","19":"tag-gerardo-tece","20":"tag-horror-castuo","21":"tag-movies","22":"tag-pp","23":"tag-spain","24":"tag-vox"},"share_on_mastodon":{"url":"https:\/\/pubeurope.com\/@es\/115753374029110160","error":""},"_links":{"self":[{"href":"https:\/\/www.europesays.com\/es\/wp-json\/wp\/v2\/posts\/298336","targetHints":{"allow":["GET"]}}],"collection":[{"href":"https:\/\/www.europesays.com\/es\/wp-json\/wp\/v2\/posts"}],"about":[{"href":"https:\/\/www.europesays.com\/es\/wp-json\/wp\/v2\/types\/post"}],"author":[{"embeddable":true,"href":"https:\/\/www.europesays.com\/es\/wp-json\/wp\/v2\/users\/2"}],"replies":[{"embeddable":true,"href":"https:\/\/www.europesays.com\/es\/wp-json\/wp\/v2\/comments?post=298336"}],"version-history":[{"count":0,"href":"https:\/\/www.europesays.com\/es\/wp-json\/wp\/v2\/posts\/298336\/revisions"}],"wp:featuredmedia":[{"embeddable":true,"href":"https:\/\/www.europesays.com\/es\/wp-json\/wp\/v2\/media\/298337"}],"wp:attachment":[{"href":"https:\/\/www.europesays.com\/es\/wp-json\/wp\/v2\/media?parent=298336"}],"wp:term":[{"taxonomy":"category","embeddable":true,"href":"https:\/\/www.europesays.com\/es\/wp-json\/wp\/v2\/categories?post=298336"},{"taxonomy":"post_tag","embeddable":true,"href":"https:\/\/www.europesays.com\/es\/wp-json\/wp\/v2\/tags?post=298336"}],"curies":[{"name":"wp","href":"https:\/\/api.w.org\/{rel}","templated":true}]}}