{"id":298349,"date":"2025-12-20T18:52:28","date_gmt":"2025-12-20T18:52:28","guid":{"rendered":"https:\/\/www.europesays.com\/es\/298349\/"},"modified":"2025-12-20T18:52:28","modified_gmt":"2025-12-20T18:52:28","slug":"alegria-acepta-un-cara-a-cara-con-azcon-que-reclama-juego-limpio-a-sanchez-en-las-elecciones","status":"publish","type":"post","link":"https:\/\/www.europesays.com\/es\/298349\/","title":{"rendered":"Alegr\u00eda acepta un cara a cara con Azc\u00f3n, que reclama \u00abjuego limpio\u00bb a S\u00e1nchez en las elecciones"},"content":{"rendered":"<p style=\"\">La todav\u00eda portavoz del Gobierno y ministra de Educaci\u00f3n, <a href=\"https:\/\/www.abc.es\/espana\/aragon\/alegria-acusa-azcon-politica-ciudad-olvidarse-rural-20251219141540-nt.html\" data-voc-vtm-id=\"in-text-traffic\" title=\"Pilar Alegr\u00eda\" rel=\"nofollow noopener\" target=\"_blank\">Pilar Alegr\u00eda<\/a>, present\u00f3 este s\u00e1bado su candidatura para presidir el Gobierno de Arag\u00f3n en La Zaida (Zaragoza), su \u00abcasa\u00bb, donde reconoci\u00f3 que tiene \u00ab<strong>v\u00e9rtigo<\/strong>\u00ab ante el nuevo paso que da en su carrera pol\u00edtica  &#8230; y se lanz\u00f3 a la ofensiva contra el presidente auton\u00f3mico, Jorge Azc\u00f3n, a quien traslad\u00f3 que acepta un debate electoral cara a cara.<\/p>\n<p class=\"voc-p\" style=\"\">En el Pabell\u00f3n Municipal de su pueblo, Alegr\u00eda admiti\u00f3 en el que \u00abseguramente\u00bb sea \u00abel discurso m\u00e1s importante de toda\u00bb su trayectoria que durante su tiempo en el Gobierno de Pedro S\u00e1nchez se ha \u00abequivocado\u00bb en algunas cosas \u2013ahora mismo est\u00e1 en el centro de la pol\u00e9mica por comer con el exdirigente <a href=\"https:\/\/www.abc.es\/espana\/guerra-interna-abierta-tres-federaciones-psoe-casos-20251220045904-nt.html\" data-voc-vtm-id=\"in-text-traffic\" title=\"socialista Paco Salazar\" rel=\"nofollow noopener\" target=\"_blank\">socialista Paco Salazar<\/a> aun sabiendo que hab\u00eda denuncias de acoso sexual contra \u00e9l\u2013.<\/p>\n<p class=\"voc-p\" style=\"\">Pero asever\u00f3 que \u00abesa etapa la he cerrado con orgullo y con absoluta satisfacci\u00f3n\u00bb, y que ahora era empieza la \u00ab<strong>m\u00e1s importante<\/strong>\u00ab para ella porque, \u00bbcuando Arag\u00f3n llama, no se le hace esperar ni un minuto\u00ab.<\/p>\n<p class=\"voc-p\" style=\"\">Alegr\u00eda formaliz\u00f3 as\u00ed su candidatura para las primarias que, salvo sorpresa, le encumbrar\u00e1n como secretaria general del PSOE de Arag\u00f3n y, autom\u00e1ticamente, como la candidata de los socialistas a las elecciones aragonesas del pr\u00f3ximo 8 de febrero.<\/p>\n<p>\n\u00abPreocupaci\u00f3n\u00bb de Azc\u00f3n por S\u00e1nchez\n<\/p>\n<p class=\"voc-p\" style=\"\">El presidente del Gobierno de Arag\u00f3n, Jorge Azc\u00f3n, critic\u00f3 este s\u00e1bado al presidente del Ejecutivo central, Pedro S\u00e1nchez, despu\u00e9s de que la Junta Electoral Central (JEC) le abriera expediente por hacer electoralismo durante la rueda de prensa de balance de fin del curso del pasado lunes, y le reclam\u00f3 que d\u00e9 <strong>\u00abejemplo\u00bb de \u00abjuego limpio\u00bb<\/strong> en la campa\u00f1a de las elecciones aragonesas del pr\u00f3ximo 8 de febrero.<\/p>\n<p class=\"voc-p\" style=\"\">Durante el acto en homenaje a la Justicia de Arag\u00f3n, se\u00f1al\u00f3 que es \u00abmuy preocupante que se denuncie y que se condene al presidente del Gobierno\u00bb por hacer electoralismo \u00abaprovech\u00e1ndose\u00bb de los recursos p\u00fablicos de la Presidencia, y remarc\u00f3 que la candidata del PSOE, la a\u00fan ministra Pilar Alegr\u00eda, fue multada en la pasado con dos sanciones econ\u00f3micas por la misma raz\u00f3n.<\/p>\n<p class=\"voc-p\" style=\"\">\u00abEl presidente del Gobierno deber\u00eda dar ejemplo de lo que es juego limpio. Por desgracia, lo que vemos es hoy un presidente del Gobierno condenado por <a href=\"https:\/\/www.abc.es\/espana\/junta-electoral-central-abre-expediente-sanchez-electoralismo-20251219154415-nt.html\" data-voc-vtm-id=\"in-text-traffic\" title=\"haber hecho campa\u00f1a electoral cuando no toca\" rel=\"nofollow noopener\" target=\"_blank\">haber hecho campa\u00f1a electoral cuando no toca<\/a>, y es verdad que la se\u00f1ora Alegr\u00eda ha sido condenada hasta en dos ocasiones a tener que pagar de su propio bolsillo 2.200 euros por hacer campa\u00f1a electoral cuando no tocaba, aprovech\u00e1ndose de su cargo de portavoz del Gobierno\u00ab, deplor\u00f3.<\/p>\n<p class=\"voc-p\" style=\"\">Azc\u00f3n dese\u00f3 que \u00abtodas\u00bb estas actitudes \u00abdesaparezcan\u00bb durante la campa\u00f1a electoral de Arag\u00f3n, en la que \u00e9l tambi\u00e9n est\u00e1 expuesto a sanciones si no respeta la obligaci\u00f3n a la neutralidad durante los actos del Gobierno auton\u00f3mico.<\/p>\n<p class=\"voc-p\" style=\"\">Por otro lado, el dirigente del PP anticip\u00f3 que sus listas ser\u00e1n continuistas para premiar a \u00abla inmensa mayor\u00eda\u00bb que ha hecho \u00abun buen trabajo\u00bb en sus dos a\u00f1os de gobierno, aunque avanz\u00f3 que tambi\u00e9n habr\u00e1 \u00abrefuerzos\u00bb.<\/p>\n","protected":false},"excerpt":{"rendered":"La todav\u00eda portavoz del Gobierno y ministra de Educaci\u00f3n, Pilar Alegr\u00eda, present\u00f3 este s\u00e1bado su candidatura para presidir&hellip;\n","protected":false},"author":2,"featured_media":298350,"comment_status":"","ping_status":"","sticky":false,"template":"","format":"standard","meta":{"footnotes":""},"categories":[8],"tags":[23529,20708,7031,17,18,2608,25,24,13,14,11,19,20,9,10,15,16,23,12,21,22],"class_list":{"0":"post-298349","1":"post","2":"type-post","3":"status-publish","4":"format-standard","5":"has-post-thumbnail","7":"category-espana","8":"tag-acepta","9":"tag-alegria","10":"tag-azcon","11":"tag-breaking-news","12":"tag-breakingnews","13":"tag-cara","14":"tag-es","15":"tag-espana","16":"tag-featured-news","17":"tag-featurednews","18":"tag-headlines","19":"tag-latest-news","20":"tag-latestnews","21":"tag-news","22":"tag-noticias","23":"tag-noticias-destacadas","24":"tag-noticiasdestacadas","25":"tag-spain","26":"tag-titulares","27":"tag-ultimas-noticias","28":"tag-ultimasnoticias"},"share_on_mastodon":{"url":"https:\/\/pubeurope.com\/@es\/115753408642129038","error":""},"_links":{"self":[{"href":"https:\/\/www.europesays.com\/es\/wp-json\/wp\/v2\/posts\/298349","targetHints":{"allow":["GET"]}}],"collection":[{"href":"https:\/\/www.europesays.com\/es\/wp-json\/wp\/v2\/posts"}],"about":[{"href":"https:\/\/www.europesays.com\/es\/wp-json\/wp\/v2\/types\/post"}],"author":[{"embeddable":true,"href":"https:\/\/www.europesays.com\/es\/wp-json\/wp\/v2\/users\/2"}],"replies":[{"embeddable":true,"href":"https:\/\/www.europesays.com\/es\/wp-json\/wp\/v2\/comments?post=298349"}],"version-history":[{"count":0,"href":"https:\/\/www.europesays.com\/es\/wp-json\/wp\/v2\/posts\/298349\/revisions"}],"wp:featuredmedia":[{"embeddable":true,"href":"https:\/\/www.europesays.com\/es\/wp-json\/wp\/v2\/media\/298350"}],"wp:attachment":[{"href":"https:\/\/www.europesays.com\/es\/wp-json\/wp\/v2\/media?parent=298349"}],"wp:term":[{"taxonomy":"category","embeddable":true,"href":"https:\/\/www.europesays.com\/es\/wp-json\/wp\/v2\/categories?post=298349"},{"taxonomy":"post_tag","embeddable":true,"href":"https:\/\/www.europesays.com\/es\/wp-json\/wp\/v2\/tags?post=298349"}],"curies":[{"name":"wp","href":"https:\/\/api.w.org\/{rel}","templated":true}]}}