{"id":298357,"date":"2025-12-20T19:01:15","date_gmt":"2025-12-20T19:01:15","guid":{"rendered":"https:\/\/www.europesays.com\/es\/298357\/"},"modified":"2025-12-20T19:01:15","modified_gmt":"2025-12-20T19:01:15","slug":"perfumerias-avenida-inicia-su-ronda-de-citas-con-baxi-ferrol","status":"publish","type":"post","link":"https:\/\/www.europesays.com\/es\/298357\/","title":{"rendered":"Perfumer\u00edas Avenida inicia su ronda de citas con Baxi Ferrol"},"content":{"rendered":"<p class=\"paragraph-atom &#10;        A-500-300-700-N A-550-300-700-N--md  \">Perfumer\u00edas Avenida y Baxi Ferrol se ver\u00e1n las caras en la siguiente ronda de la Eurocup. Sin embargo, tendr\u00e1n su aperitivo este domingo en la Liga Femenina. A partir de las doce de la ma\u00f1ana, las charras y las gallegas medir\u00e1n sus fuerzas en el pabell\u00f3n de W\u00fcrzburg Silvia Dom\u00ednguez.<\/p>\n<p class=\"paragraph-atom &#10;        A-500-300-700-N A-550-300-700-N--md  \">El conjunto de Anna Monta\u00f1ana llega tras una dur\u00edsima eliminatoria ante Emlak Konut en Europa. Las azulonas marchan cuartas, con un bagaje de 7\/4, y quieren acercarse al tr\u00edo de cabeza formado por Girona, Zaragoza y Valencia Basket.<\/p>\n<p class=\"paragraph-atom &#10;        A-500-300-700-N A-550-300-700-N--md  \">Baxi Ferrol, con Lino L\u00f3pez a la cabeza, se encuentra en media tabla con cinco partidos ganados y seis encuentros perdidos hasta el momento en Liga Femenina. El tri\u00e1ngulo formado por Daniels, Joiner y Melia lleva el peso del equipo gallego en ataque.<\/p>\n","protected":false},"excerpt":{"rendered":"Perfumer\u00edas Avenida y Baxi Ferrol se ver\u00e1n las caras en la siguiente ronda de la Eurocup. Sin embargo,&hellip;\n","protected":false},"author":2,"featured_media":298358,"comment_status":"","ping_status":"","sticky":false,"template":"","format":"standard","meta":{"footnotes":""},"categories":[269],"tags":[14092,299,298,10341,168,25,24,6683,14091,9251,23,167],"class_list":{"0":"post-298357","1":"post","2":"type-post","3":"status-publish","4":"format-standard","5":"has-post-thumbnail","7":"category-baloncesto","8":"tag-avenida","9":"tag-baloncesto","10":"tag-basketball","11":"tag-citas","12":"tag-deportes","13":"tag-es","14":"tag-espana","15":"tag-inicia","16":"tag-perfumerias","17":"tag-ronda","18":"tag-spain","19":"tag-sports"},"share_on_mastodon":{"url":"https:\/\/pubeurope.com\/@es\/115753443894911925","error":""},"_links":{"self":[{"href":"https:\/\/www.europesays.com\/es\/wp-json\/wp\/v2\/posts\/298357","targetHints":{"allow":["GET"]}}],"collection":[{"href":"https:\/\/www.europesays.com\/es\/wp-json\/wp\/v2\/posts"}],"about":[{"href":"https:\/\/www.europesays.com\/es\/wp-json\/wp\/v2\/types\/post"}],"author":[{"embeddable":true,"href":"https:\/\/www.europesays.com\/es\/wp-json\/wp\/v2\/users\/2"}],"replies":[{"embeddable":true,"href":"https:\/\/www.europesays.com\/es\/wp-json\/wp\/v2\/comments?post=298357"}],"version-history":[{"count":0,"href":"https:\/\/www.europesays.com\/es\/wp-json\/wp\/v2\/posts\/298357\/revisions"}],"wp:featuredmedia":[{"embeddable":true,"href":"https:\/\/www.europesays.com\/es\/wp-json\/wp\/v2\/media\/298358"}],"wp:attachment":[{"href":"https:\/\/www.europesays.com\/es\/wp-json\/wp\/v2\/media?parent=298357"}],"wp:term":[{"taxonomy":"category","embeddable":true,"href":"https:\/\/www.europesays.com\/es\/wp-json\/wp\/v2\/categories?post=298357"},{"taxonomy":"post_tag","embeddable":true,"href":"https:\/\/www.europesays.com\/es\/wp-json\/wp\/v2\/tags?post=298357"}],"curies":[{"name":"wp","href":"https:\/\/api.w.org\/{rel}","templated":true}]}}