{"id":298365,"date":"2025-12-20T19:06:12","date_gmt":"2025-12-20T19:06:12","guid":{"rendered":"https:\/\/www.europesays.com\/es\/298365\/"},"modified":"2025-12-20T19:06:12","modified_gmt":"2025-12-20T19:06:12","slug":"kazim-sale-de-un-jarron-y-da-un-susto-a-sus-companeros","status":"publish","type":"post","link":"https:\/\/www.europesays.com\/es\/298365\/","title":{"rendered":"Kazim sale de un jarr\u00f3n y da un susto a sus compa\u00f1eros"},"content":{"rendered":"<p>Todo parece normal mientras graban una escena en el sal\u00f3n de la mansi\u00f3n Korhan. Ifakat, Ferit, G\u00fclg\u00fcn, Orhan, la t\u00eda Hattu\u00e7 y el mayordomo Carlos est\u00e1n metidos en el papel, desayunando y hablando como cada d\u00eda. La secuencia avanza y, en un momento, empiezan a levantarse de sus sillas para salir del sal\u00f3n, tal y como marca la escena.<\/p>\n<p>De repente, <b>Kazim <\/b>aparece desde donde nadie lo espera:<b> \u00a1escondido dentro de un jarr\u00f3n enorme!<\/b> Sale de golpe y <b>les pega un susto de muerte<\/b>. Todos se sobresaltan a la vez. <b>Kazim <\/b>corta el momento y convierte el set en un <b>ataque de carcajadas<\/b>.<\/p>\n<p>Sin duda, la <b>complicidad <\/b>del reparto y ese <b>ambiente de rodaje<\/b> deja claro que, incluso con tanta <b>intensidad <\/b>en la serie, tambi\u00e9n hay sitio para <b>pasarlo bien<\/b>.<\/p>\n<p>   <img decoding=\"async\" title=\"Los celos pueden con Suna: no soporta ver a Abidin rehaciendo su vida con otra\" alt=\"Los celos pueden con Suna: no soporta ver a Abidin rehaciendo su vida con otra\" width=\"480\" height=\"270\" src=\"https:\/\/www.europesays.com\/es\/wp-content\/uploads\/2025\/12\/1766257572_720_celos-pueden-suna-soporta-ver-abidin-rehaciendo-vida-otra_70.jpg\" loading=\"lazy\" class=\"lazy\"\/><\/p>\n","protected":false},"excerpt":{"rendered":"Todo parece normal mientras graban una escena en el sal\u00f3n de la mansi\u00f3n Korhan. Ifakat, Ferit, G\u00fclg\u00fcn, Orhan,&hellip;\n","protected":false},"author":2,"featured_media":298366,"comment_status":"","ping_status":"","sticky":false,"template":"","format":"standard","meta":{"footnotes":""},"categories":[171],"tags":[146,147,25,24,23,214],"class_list":{"0":"post-298365","1":"post","2":"type-post","3":"status-publish","4":"format-standard","5":"has-post-thumbnail","7":"category-tv","8":"tag-entertainment","9":"tag-entretenimiento","10":"tag-es","11":"tag-espana","12":"tag-spain","13":"tag-tv"},"share_on_mastodon":{"url":"https:\/\/pubeurope.com\/@es\/115753463944011628","error":""},"_links":{"self":[{"href":"https:\/\/www.europesays.com\/es\/wp-json\/wp\/v2\/posts\/298365","targetHints":{"allow":["GET"]}}],"collection":[{"href":"https:\/\/www.europesays.com\/es\/wp-json\/wp\/v2\/posts"}],"about":[{"href":"https:\/\/www.europesays.com\/es\/wp-json\/wp\/v2\/types\/post"}],"author":[{"embeddable":true,"href":"https:\/\/www.europesays.com\/es\/wp-json\/wp\/v2\/users\/2"}],"replies":[{"embeddable":true,"href":"https:\/\/www.europesays.com\/es\/wp-json\/wp\/v2\/comments?post=298365"}],"version-history":[{"count":0,"href":"https:\/\/www.europesays.com\/es\/wp-json\/wp\/v2\/posts\/298365\/revisions"}],"wp:featuredmedia":[{"embeddable":true,"href":"https:\/\/www.europesays.com\/es\/wp-json\/wp\/v2\/media\/298366"}],"wp:attachment":[{"href":"https:\/\/www.europesays.com\/es\/wp-json\/wp\/v2\/media?parent=298365"}],"wp:term":[{"taxonomy":"category","embeddable":true,"href":"https:\/\/www.europesays.com\/es\/wp-json\/wp\/v2\/categories?post=298365"},{"taxonomy":"post_tag","embeddable":true,"href":"https:\/\/www.europesays.com\/es\/wp-json\/wp\/v2\/tags?post=298365"}],"curies":[{"name":"wp","href":"https:\/\/api.w.org\/{rel}","templated":true}]}}