{"id":298373,"date":"2025-12-20T19:11:54","date_gmt":"2025-12-20T19:11:54","guid":{"rendered":"https:\/\/www.europesays.com\/es\/298373\/"},"modified":"2025-12-20T19:11:54","modified_gmt":"2025-12-20T19:11:54","slug":"donde-ver-las-campanadas-en-espana-en-2025-canales-y-presentadores-idealista-news","status":"publish","type":"post","link":"https:\/\/www.europesays.com\/es\/298373\/","title":{"rendered":"\u00bfD\u00f3nde ver las campanadas en Espa\u00f1a en 2025? Canales y presentadores \u2014 idealista\/news"},"content":{"rendered":"<p>Cerrar el a\u00f1o viendo las campanadas se ha convertido en uno de los rituales m\u00e1s importantes en Espa\u00f1a. No solo es la excusa perfecta para reunirse con familia y amigos, tambi\u00e9n es uno de los grandes eventos televisivos del a\u00f1o, con millones de personas pendientes del reloj, de las uvas y de qui\u00e9n las presenta. Por eso, saber exactamente <strong>d\u00f3nde ver las campanadas en Espa\u00f1a <\/strong>en 2025 es clave para no perderte nada cuando llegue la medianoche.<\/p>\n<p>\u00bfD\u00f3nde ver las campanadas en Espa\u00f1a?<\/p>\n<p>Si te preguntas d\u00f3nde ver las campanadas en Espa\u00f1a, la respuesta pasa principalmente por la televisi\u00f3n en abierto. Tanto en el \u00e1mbito nacional como en los canales auton\u00f3micos, las cadenas se preparan cada a\u00f1o especiales de Nochevieja con sus propios presentadores, ambientaci\u00f3n y tono.\u00a0<\/p>\n<p>La 1<\/p>\n<p>La 1, canal de TVE sigue siendo la referencia tradicional para ver las campanadas. Un a\u00f1o m\u00e1s, emite un especial desde la Puerta del Sol. En principio, los presentadores iban a ser <a href=\"https:\/\/www.idealista.com\/news\/deco\/casas-de-famosos\/2025\/12\/18\/877245-asi-es-la-casa-donde-viven-silvia-abril-y-andreu-buenafuente-cerca-de-barcelona#:~:text=Silvia%20Abril%20y%20Buenafuente%20residen,una%20propiedad%20cargada%20de%20historia.\" target=\"_blank\" rel=\"nofollow noopener\">Andreu Buenafuente y Silvia Abril<\/a>, pero la baja m\u00e9dica del primero ha hecho que la cadena se decante por <strong>Chenoa<\/strong> y los hermanos <strong>Estopa.<\/strong><\/p>\n<p>Normalmente, La 1 acompa\u00f1a la noche con un programa especial antes y despu\u00e9s de las campanadas, con actuaciones musicales y humor blanco a cargo de Jos\u00e9 Mota. Adem\u00e1s, ofrecer\u00e1 las campanadas simult\u00e1neamente en La 2.<\/p>\n<p>Antena 3<\/p>\n<p>Atresmedia contin\u00faa apostando por una de las parejas m\u00e1s s\u00f3lidas y reconocibles de la televisi\u00f3n: <strong>Cristina Pedroche <\/strong>y <strong>Alberto Chicote<\/strong>. Ambos volver\u00e1n a estar en la Puerta del Sol, acompa\u00f1ados este a\u00f1o por <strong>Santiago Segura <\/strong>como invitado especial.\u00a0<\/p>\n<p>La cadena apuesta por su f\u00f3rmula m\u00e1s exitosa, en la que los espectadores est\u00e1n pendientes de que Pedroche desvele <strong>su esperado vestido <\/strong>minutos antes de medianoche.\u00a0<\/p>\n<p>Telecinco<\/p>\n<p>Mediaset ha optado este a\u00f1o por alejarse de la Puerta del Sol y trasladar la retransmisi\u00f3n a un entorno completamente distinto: la estaci\u00f3n de esqu\u00ed de <strong>Formigal-Panticosa<\/strong>. Desde all\u00ed, <strong>Sandra Barneda <\/strong>y <strong>Xuso<\/strong> <strong>Jones <\/strong>ser\u00e1n los encargados de despedir el a\u00f1o.\u00a0<\/p>\n<p>Esta propuesta busca diferenciarse de las emisiones cl\u00e1sicas con un ambiente m\u00e1s festivo, natural y visualmente atractivo, una manera de conectar con el p\u00fablico en un entorno invernal y navide\u00f1o.<\/p>\n<p>Cuatro<\/p>\n<p>La se\u00f1al de las campanadas de Telecinco se emitir\u00e1 tambi\u00e9n<strong> en Cuatro al mismo tiempo<\/strong>, manteniendo la estrategia de a\u00f1os anteriores de unificar esfuerzos entre los dos canales principales del grupo. De esta manera, los espectadores podr\u00e1n seguir la misma se\u00f1al desde cualquiera de los dos canales.\u00a0<\/p>\n<p>La Sexta<\/p>\n<p>Por primera vez, las campanadas de Atresmedia se emitir\u00e1n <strong>de forma simult\u00e1nea en Antena 3 y La Sexta<\/strong>, un hecho hist\u00f3rico que la propia Cristina Pedroche adelant\u00f3 semanas antes. Esta doble emisi\u00f3n busca dar un alcance mayor a su formato.<\/p>\n<p>Canales auton\u00f3micos<\/p>\n<p>Adem\u00e1s de las cadenas nacionales, los canales auton\u00f3micos ofrecen una forma muy especial de vivir la Nochevieja: en tu propia lengua cooficial, con presentadores cercanos y con conexiones en directo desde lugares emblem\u00e1ticos de tu comunidad. Estos son los presentadores de algunos canales:<\/p>\n<ul>\n<li><strong>TV3 (Catalu\u00f1a): <\/strong>Laura Escanes y Miki N\u00fa\u00f1ez repetir\u00e1n como presentadores desde la Avinguda Maria Cristina, con Montju\u00efc como fondo.<\/li>\n<li><strong>Telemadrid (Madrid): <\/strong>M\u00f3nica Mart\u00ednez, Poty Castillo e Irene conducir\u00e1n la emisi\u00f3n desde la Puerta del Sol.<\/li>\n<li><strong>Arag\u00f3n TV (Arag\u00f3n):<\/strong> el equipo de &#8216;El campo es nuestro&#8217; y la periodista Blanca Liso dar\u00e1n las campanadas desde la Plaza del Pilar.<\/li>\n<li><strong>\u00c0 Punt (Comunidad Valenciana): <\/strong>Mar\u00eda Fuster y Ferran Cano presentar\u00e1n desde el Ayuntamiento de Utiel, primera vez fuera de la capital.<\/li>\n<li><strong>ETB (Euskadi): <\/strong>La auton\u00f3mica vasca suele emitir desde plazas de Bilbao o Vitoria. Por el momento, a\u00fan no ha anunciado presentadores.<\/li>\n<li><strong>Canal Sur (Andaluc\u00eda): <\/strong>To\u00f1i Moreno, Enrique Romero y Ana Hinestrosa despedir\u00e1n el a\u00f1o desde Sierra Nevada con un formato muy andaluz.<\/li>\n<li><strong>Televisi\u00f3n Canaria (Canarias): <\/strong>Elo\u00edsa Gonz\u00e1lez, Elvis Sanfiel y Mayer Trujillo estar\u00e1n una hora m\u00e1s tarde desde La Frontera, en El Hierro.<\/li>\n<li><strong>TVG (Galicia): <\/strong>Eva Iglesias es la \u00fanica presentadora confirmada del cuarteto que presentar\u00e1 las Badaladas.<\/li>\n<\/ul>\n<p>Ver las campanadas fuera de Espa\u00f1a<\/p>\n<p>Los espa\u00f1oles que viven o viajan al extranjero pueden seguir las campanadas gracias a algunas se\u00f1ales. Lejos de Espa\u00f1a, <strong>RTVE suele ser la m\u00e1s accesible<\/strong>, ya que no suele contar con bloque geogr\u00e1fico en su aplicaci\u00f3n RTVE Play. Si, por ejemplo, est\u00e1s en un hotel, puede que en sus televisiones encuentres su canal internacional en funci\u00f3n del pa\u00eds donde te encuentres.<\/p>\n<p>Con otras cadenas, es posible que te encuentres con un <strong>bloqueo geogr\u00e1fico<\/strong> incluso en las aplicaciones para dispositivos. Si quieres tener todas las opciones, puedes recurrir a las VPN. Tambi\u00e9n puedes buscar emisiones en directo de los canales en YouTube, como es el caso de TVG, la televisi\u00f3n gallega.<\/p>\n<p>D\u00f3nde ver las campanadas por internet<\/p>\n<p>Cada vez m\u00e1s personas optan por ver las campanadas por internet, ya sea porque no tienen televisi\u00f3n tradicional o porque est\u00e1n de viaje. Dentro de Espa\u00f1a, todas las cadenas tienen su propio streaming en sus aplicaciones o webs oficiales. Estas son las apps de cada cadena o grupo televisivo:<\/p>\n<ul>\n<li><strong>La 1:<\/strong> RTVE Play<\/li>\n<li><strong>Antena 3 y la Sexta:<\/strong> Atresplayer<\/li>\n<li><strong>Telecinco y Cuatro: <\/strong>Mediaset Infinity<\/li>\n<li><strong>Telemadrid (Madrid):<\/strong> Telemadrid Es M\u00e1s<\/li>\n<li><strong>TV3 (Catalu\u00f1a):<\/strong> 3Cat<\/li>\n<li><strong>Arag\u00f3n TV (Arag\u00f3n): <\/strong>Arag\u00f3n TV Online<\/li>\n<li><strong>\u00c0 Punt (Comunidad Valenciana): <\/strong>\u00c0 Punt M\u00e8dia<\/li>\n<li><strong>Canal Sur (Andaluc\u00eda): <\/strong>Canal Sur M\u00e1s<\/li>\n<li><strong>TVG (Galicia): <\/strong>CRTVG Online. Tambi\u00e9n tiene streaming en directo oficial en YouTube.<\/li>\n<\/ul>\n","protected":false},"excerpt":{"rendered":"Cerrar el a\u00f1o viendo las campanadas se ha convertido en uno de los rituales m\u00e1s importantes en Espa\u00f1a.&hellip;\n","protected":false},"author":2,"featured_media":298374,"comment_status":"","ping_status":"","sticky":false,"template":"","format":"standard","meta":{"footnotes":""},"categories":[91],"tags":[146,147,25,24,23],"class_list":{"0":"post-298373","1":"post","2":"type-post","3":"status-publish","4":"format-standard","5":"has-post-thumbnail","7":"category-entretenimiento","8":"tag-entertainment","9":"tag-entretenimiento","10":"tag-es","11":"tag-espana","12":"tag-spain"},"share_on_mastodon":{"url":"https:\/\/pubeurope.com\/@es\/115753487155943795","error":""},"_links":{"self":[{"href":"https:\/\/www.europesays.com\/es\/wp-json\/wp\/v2\/posts\/298373","targetHints":{"allow":["GET"]}}],"collection":[{"href":"https:\/\/www.europesays.com\/es\/wp-json\/wp\/v2\/posts"}],"about":[{"href":"https:\/\/www.europesays.com\/es\/wp-json\/wp\/v2\/types\/post"}],"author":[{"embeddable":true,"href":"https:\/\/www.europesays.com\/es\/wp-json\/wp\/v2\/users\/2"}],"replies":[{"embeddable":true,"href":"https:\/\/www.europesays.com\/es\/wp-json\/wp\/v2\/comments?post=298373"}],"version-history":[{"count":0,"href":"https:\/\/www.europesays.com\/es\/wp-json\/wp\/v2\/posts\/298373\/revisions"}],"wp:featuredmedia":[{"embeddable":true,"href":"https:\/\/www.europesays.com\/es\/wp-json\/wp\/v2\/media\/298374"}],"wp:attachment":[{"href":"https:\/\/www.europesays.com\/es\/wp-json\/wp\/v2\/media?parent=298373"}],"wp:term":[{"taxonomy":"category","embeddable":true,"href":"https:\/\/www.europesays.com\/es\/wp-json\/wp\/v2\/categories?post=298373"},{"taxonomy":"post_tag","embeddable":true,"href":"https:\/\/www.europesays.com\/es\/wp-json\/wp\/v2\/tags?post=298373"}],"curies":[{"name":"wp","href":"https:\/\/api.w.org\/{rel}","templated":true}]}}