{"id":298379,"date":"2025-12-20T19:15:10","date_gmt":"2025-12-20T19:15:10","guid":{"rendered":"https:\/\/www.europesays.com\/es\/298379\/"},"modified":"2025-12-20T19:15:10","modified_gmt":"2025-12-20T19:15:10","slug":"estados-unidos-intercepta-y-confisca-un-segundo-petrolero-frente-a-las-costas-de-venezuela","status":"publish","type":"post","link":"https:\/\/www.europesays.com\/es\/298379\/","title":{"rendered":"Estados Unidos intercepta y confisca un segundo petrolero frente a las costas de Venezuela"},"content":{"rendered":"<p><strong>Estados Unidos<\/strong> ha interceptado y confiscado un segundo <strong>petrolero<\/strong> en aguas internacionales del mar Caribe, frente a las costas de <strong>Venezuela<\/strong>, han informado ABC News y la agencia Reuters, que han citado a tres funcionarios estadounidenses.<\/p>\n<p>El Ej\u00e9rcito estadounidense \u00abest\u00e1 prestando apoyo\u00bb con helic\u00f3pteros que transportan a personal de la <strong>Guardia Costera<\/strong> al buque y que tambi\u00e9n supervisan la operaci\u00f3n, seg\u00fan la cadena NBC News.<\/p>\n<p>EE.UU. ya <a href=\"https:\/\/www.rtve.es\/noticias\/20251210\/trump-petrolero-venezuela\/16853410.shtml\" target=\"_blank\" rel=\"nofollow noopener\">incaut\u00f3 la semana pasada un buque sometido a sanciones<\/a> que hab\u00eda salido del pa\u00eds sudamericano y confisc\u00f3 el crudo que este transportaba.<\/p>\n<p>Esta medida se produce pocos d\u00edas despu\u00e9s de que el presidente estadounidense, Donald <a href=\"https:\/\/www.rtve.es\/noticias\/20251217\/estados-unidos-ordena-bloqueo-completo-todos-petroleros-sancionados-entren-salgan-venezuela\/16861968.shtml\" target=\"_blank\" rel=\"nofollow noopener\">Trump, anunciara un \u00abbloqueo\u00bb a todos los petroleros sancionados que entran y salen de Venezuela<\/a>.<\/p>\n<p>Adem\u00e1s, Trump afirm\u00f3 el pasado mi\u00e9rcoles que <strong>Venezuela quit\u00f3 los derechos petroleros a las empresas estadounidenses<\/strong>. \u00abRecuerden que nos quitaron todos nuestros derechos energ\u00e9ticos. Nos quitaron todo nuestro petr\u00f3leo no hace tanto. Lo queremos de vuelta. Nos lo quitaron ilegalmente\u00bb, dijo el mandatario a la prensa desde la base a\u00e9rea de Andrews, a las afueras de Washington.<\/p>\n","protected":false},"excerpt":{"rendered":"Estados Unidos ha interceptado y confiscado un segundo petrolero en aguas internacionales del mar Caribe, frente a las&hellip;\n","protected":false},"author":2,"featured_media":298380,"comment_status":"","ping_status":"","sticky":false,"template":"","format":"standard","meta":{"footnotes":""},"categories":[42],"tags":[17,18,13,14,11,61,62,63,64,19,20,9,10,15,16,12,21,22,65,66,67],"class_list":{"0":"post-298379","1":"post","2":"type-post","3":"status-publish","4":"format-standard","5":"has-post-thumbnail","7":"category-internacional","8":"tag-breaking-news","9":"tag-breakingnews","10":"tag-featured-news","11":"tag-featurednews","12":"tag-headlines","13":"tag-internacional","14":"tag-international","15":"tag-international-news","16":"tag-internationalnews","17":"tag-latest-news","18":"tag-latestnews","19":"tag-news","20":"tag-noticias","21":"tag-noticias-destacadas","22":"tag-noticiasdestacadas","23":"tag-titulares","24":"tag-ultimas-noticias","25":"tag-ultimasnoticias","26":"tag-world","27":"tag-world-news","28":"tag-worldnews"},"share_on_mastodon":{"url":"https:\/\/pubeurope.com\/@es\/115753499069802977","error":""},"_links":{"self":[{"href":"https:\/\/www.europesays.com\/es\/wp-json\/wp\/v2\/posts\/298379","targetHints":{"allow":["GET"]}}],"collection":[{"href":"https:\/\/www.europesays.com\/es\/wp-json\/wp\/v2\/posts"}],"about":[{"href":"https:\/\/www.europesays.com\/es\/wp-json\/wp\/v2\/types\/post"}],"author":[{"embeddable":true,"href":"https:\/\/www.europesays.com\/es\/wp-json\/wp\/v2\/users\/2"}],"replies":[{"embeddable":true,"href":"https:\/\/www.europesays.com\/es\/wp-json\/wp\/v2\/comments?post=298379"}],"version-history":[{"count":0,"href":"https:\/\/www.europesays.com\/es\/wp-json\/wp\/v2\/posts\/298379\/revisions"}],"wp:featuredmedia":[{"embeddable":true,"href":"https:\/\/www.europesays.com\/es\/wp-json\/wp\/v2\/media\/298380"}],"wp:attachment":[{"href":"https:\/\/www.europesays.com\/es\/wp-json\/wp\/v2\/media?parent=298379"}],"wp:term":[{"taxonomy":"category","embeddable":true,"href":"https:\/\/www.europesays.com\/es\/wp-json\/wp\/v2\/categories?post=298379"},{"taxonomy":"post_tag","embeddable":true,"href":"https:\/\/www.europesays.com\/es\/wp-json\/wp\/v2\/tags?post=298379"}],"curies":[{"name":"wp","href":"https:\/\/api.w.org\/{rel}","templated":true}]}}