{"id":298383,"date":"2025-12-20T19:18:14","date_gmt":"2025-12-20T19:18:14","guid":{"rendered":"https:\/\/www.europesays.com\/es\/298383\/"},"modified":"2025-12-20T19:18:14","modified_gmt":"2025-12-20T19:18:14","slug":"jake-paul-doble-mandibula-rota-dame-a-canelo-en-10-dias","status":"publish","type":"post","link":"https:\/\/www.europesays.com\/es\/298383\/","title":{"rendered":"Jake Paul: \u201cDoble mand\u00edbula rota, dame a Canelo en 10 d\u00edas\u201d"},"content":{"rendered":"<p class=\"\">\u201c<b>Doble mand\u00edbula rota.<\/b> Dame a Canelo (\u00c1lvarez) en 10 d\u00edas\u201d, brome\u00f3 <a href=\"https:\/\/as.com\/noticias\/jake-joseph-paul\/\" target=\"_self\" rel=\"nofollow noopener\" title=\"https:\/\/as.com\/noticias\/jake-joseph-paul\/\">Jake Paul<\/a> (12-2-0, 7 KO) a trav\u00e9s de sus redes sociales. La pasada madrugada,<b> Anthony Joshua (29-4-0, 25 KO) <\/b><a href=\"https:\/\/as.com\/masdeporte\/polideportivo\/anthony-joshua-apaga-el-show-y-noquea-a-jake-paul-f202512-n\/\" target=\"_self\" rel=\"nofollow noopener\" title=\"https:\/\/as.com\/masdeporte\/polideportivo\/anthony-joshua-apaga-el-show-y-noquea-a-jake-paul-f202512-n\/\"><b>le noque\u00f3 en el sexto asalto<\/b> con una brutal derecha<\/a> que le pill\u00f3 con la boca abierta, por lo que le parti\u00f3 la mand\u00edbula por dos partes. El youtuber ten\u00eda la boca y el protector llenos de sangre, y el \u00e1rbitro par\u00f3 el combate cuando este estaba en el suelo. <\/p>\n<p class=\"\">No es lo mismo llamar al le\u00f3n, que verlo venir. AJ, unos <b>dos metros de altura y un f\u00edsico casi de culturista <\/b>envidiable, tard\u00f3 m\u00e1s de lo esperado, pero termin\u00f3 haciendo lo previsible: <a href=\"https:\/\/as.com\/masdeporte\/fotorrelato\/asi-ha-quedado-jake-paul-tras-el-ko-de-anthony-joshua-f202512-f\/\" target=\"_self\" rel=\"nofollow noopener\" title=\"https:\/\/as.com\/masdeporte\/fotorrelato\/asi-ha-quedado-jake-paul-tras-el-ko-de-anthony-joshua-f202512-f\/\">noquear a Jake Paul<\/a>. Fue la primera vez que el estadounidense perd\u00eda antes del l\u00edmite, pero tambi\u00e9n Joshua era el <b>boxeador real con m\u00e1s nivel al que hab\u00eda enfrentado<\/b>. 13 cent\u00edmetros de diferencia y bastantes kilos, adem\u00e1s. <\/p>\n<p class=\"\">Eso s\u00ed,<b> Jake se lo tom\u00f3 con humor.<\/b> Ya ha hecho <a href=\"https:\/\/as.com\/masdeporte\/videos\/asi-fue-el-brutal-ko-de-anthony-joshua-a-jake-paul-mandibula-rota-y-la-cara-echa-un-estropicio-f202512-v\/\" target=\"_self\" rel=\"nofollow noopener\" title=\"https:\/\/as.com\/masdeporte\/videos\/asi-fue-el-brutal-ko-de-anthony-joshua-a-jake-paul-mandibula-rota-y-la-cara-echa-un-estropicio-f202512-v\/\">varias publicaciones del KO en sus redes sociales<\/a>, ri\u00e9ndose de la situaci\u00f3n, con im\u00e1genes de \u00e9l ensangrentado. Esto hizo que se ganase el respeto de muchos boxeadores, que comentaron mand\u00e1ndole su apoyo. \u201c<b>Mand\u00edbula rota, chicos.<\/b> Gracias por todo el apoyo. Estoy bien\u201d, escribi\u00f3 en un v\u00eddeo en el que sal\u00eda en una camilla en el hospital, junto a su hermano Logan. <\/p>\n<p class=\"\">Tambi\u00e9n se ha puesto de foto de perfil <b>el momento exacto en el que el guante de Joshua impacta en su cara.<\/b> En la radiograf\u00eda, se puede observar c\u00f3mo tiene en el lazo izquierdo una fractura y en el derecho, otra.<b> \u201cMand\u00edbula rota, coraz\u00f3n y test\u00edculos intactos\u201d, <\/b>comparti\u00f3 en X. Durante el pleito, Jake hizo lo que pudo, movi\u00e9ndose y desplaz\u00e1ndose, intentando acertar con una mano y dar el campanazo, pero, aunque todo puede pasar en el boxeo, <b>se impuso la l\u00f3gica y el ingl\u00e9s hizo lo que ten\u00eda que hacer. <\/b><\/p>\n<p>Noticias relacionadas<a href=\"https:\/\/as.com\/masdeporte\/polideportivo\/anthony-joshua-apaga-el-show-y-noquea-a-jake-paul-f202512-n\/\" class=\"s_m_w\" title=\"El excampe\u00f3n de los pesos pesados noque\u00f3 en el sexto asalto al youtuber, que suma su segunda derrota como boxeador profesional, cayendo de culo al suelo. \" data-tb-link=\"\" rel=\"nofollow noopener\" target=\"_blank\"><img decoding=\"async\" src=\"https:\/\/www.europesays.com\/es\/wp-content\/uploads\/2025\/12\/1766258293_542_PJXKUJTOWFIPVEKQQSSFDY5KNA.jpg\" alt=\"Anthony Joshua apaga el show y noquea a Jake Paul \" class=\"\" height=\"9\" width=\"16\"   loading=\"lazy\" data-tb-thumbnail=\"\"\/><\/a><a href=\"https:\/\/as.com\/masdeporte\/polideportivo\/positivo-en-dopaje-de-erika-cruz-cae-la-revancha-con-amanda-serrano-f202512-n\/\" class=\"s_m_w\" title=\"La boricua no tendr\u00e1 su revancha con la mexicana, que dio positivo en clembuterol. Se medir\u00e1 finalmente con Reina T\u00e9llez el 3 de enero en Puerto Rico. \" data-tb-link=\"\" rel=\"nofollow noopener\" target=\"_blank\"><img decoding=\"async\" src=\"https:\/\/www.europesays.com\/es\/wp-content\/uploads\/2025\/12\/1766258294_856_H5OOS6BH75GAHJJ7X47O7QGSXI.jpg\" alt=\"Positivo en dopaje de Erika Cruz: cae la revancha con Amanda Serrano\" class=\"\" height=\"9\" width=\"16\"   loading=\"lazy\" data-tb-thumbnail=\"\"\/><\/a><\/p>\n<p class=\"\"><b>\u00a1Tus opiniones importan!<\/b> Comenta en los art\u00edculos y suscr\u00edbete gratis a nuestra <a href=\"https:\/\/asfan.as.com\/newsletters\/\" target=\"_blank\" rel=\"nofollow noopener\" title=\"https:\/\/asfan.as.com\/newsletters\/\">newsletter<\/a> y a las alertas informativas en la <a href=\"https:\/\/as.com\/aplicacion-de-as-n\/\" target=\"_blank\" rel=\"nofollow noopener\" title=\"https:\/\/as.com\/aplicacion-de-as-n\/\">App<\/a> o el canal de <a href=\"https:\/\/www.whatsapp.com\/channel\/0029VaAasdA7j6g745nz9M10\" target=\"_blank\" rel=\"nofollow noopener\" title=\"https:\/\/www.whatsapp.com\/channel\/0029VaAasdA7j6g745nz9M10\">WhatsApp<\/a>. <\/p>\n<p class=\"\">\u00bfBuscas licenciar contenido? Haz clic <a href=\"https:\/\/profesional.elpais.com\/soluciones-sindicacion?utm_medium=interno&amp;utm_source=crosslinking&amp;utm_campaign=sindicacion_as_pie_articulos\" target=\"_blank\" rel=\"nofollow noopener\" title=\"https:\/\/profesional.elpais.com\/soluciones-sindicacion?utm_medium=interno&amp;utm_source=crosslinking&amp;utm_campaign=sindicacion_as_pie_articulos\">aqu\u00ed<\/a><\/p>\n","protected":false},"excerpt":{"rendered":"\u201cDoble mand\u00edbula rota. Dame a Canelo (\u00c1lvarez) en 10 d\u00edas\u201d, brome\u00f3 Jake Paul (12-2-0, 7 KO) a trav\u00e9s&hellip;\n","protected":false},"author":2,"featured_media":298384,"comment_status":"","ping_status":"","sticky":false,"template":"","format":"standard","meta":{"footnotes":""},"categories":[5],"tags":[17,18,25,24,13,14,11,19,20,9,10,15,16,23,12,21,22],"class_list":{"0":"post-298383","1":"post","2":"type-post","3":"status-publish","4":"format-standard","5":"has-post-thumbnail","7":"category-titulares","8":"tag-breaking-news","9":"tag-breakingnews","10":"tag-es","11":"tag-espana","12":"tag-featured-news","13":"tag-featurednews","14":"tag-headlines","15":"tag-latest-news","16":"tag-latestnews","17":"tag-news","18":"tag-noticias","19":"tag-noticias-destacadas","20":"tag-noticiasdestacadas","21":"tag-spain","22":"tag-titulares","23":"tag-ultimas-noticias","24":"tag-ultimasnoticias"},"share_on_mastodon":{"url":"https:\/\/pubeurope.com\/@es\/115753511565152353","error":""},"_links":{"self":[{"href":"https:\/\/www.europesays.com\/es\/wp-json\/wp\/v2\/posts\/298383","targetHints":{"allow":["GET"]}}],"collection":[{"href":"https:\/\/www.europesays.com\/es\/wp-json\/wp\/v2\/posts"}],"about":[{"href":"https:\/\/www.europesays.com\/es\/wp-json\/wp\/v2\/types\/post"}],"author":[{"embeddable":true,"href":"https:\/\/www.europesays.com\/es\/wp-json\/wp\/v2\/users\/2"}],"replies":[{"embeddable":true,"href":"https:\/\/www.europesays.com\/es\/wp-json\/wp\/v2\/comments?post=298383"}],"version-history":[{"count":0,"href":"https:\/\/www.europesays.com\/es\/wp-json\/wp\/v2\/posts\/298383\/revisions"}],"wp:featuredmedia":[{"embeddable":true,"href":"https:\/\/www.europesays.com\/es\/wp-json\/wp\/v2\/media\/298384"}],"wp:attachment":[{"href":"https:\/\/www.europesays.com\/es\/wp-json\/wp\/v2\/media?parent=298383"}],"wp:term":[{"taxonomy":"category","embeddable":true,"href":"https:\/\/www.europesays.com\/es\/wp-json\/wp\/v2\/categories?post=298383"},{"taxonomy":"post_tag","embeddable":true,"href":"https:\/\/www.europesays.com\/es\/wp-json\/wp\/v2\/tags?post=298383"}],"curies":[{"name":"wp","href":"https:\/\/api.w.org\/{rel}","templated":true}]}}