{"id":298393,"date":"2025-12-20T19:28:13","date_gmt":"2025-12-20T19:28:13","guid":{"rendered":"https:\/\/www.europesays.com\/es\/298393\/"},"modified":"2025-12-20T19:28:13","modified_gmt":"2025-12-20T19:28:13","slug":"una-vida-lejos-del-foco-marcada-por-reconciliaciones-y-nuevos-comienzos","status":"publish","type":"post","link":"https:\/\/www.europesays.com\/es\/298393\/","title":{"rendered":"una vida lejos del foco, marcada por reconciliaciones y nuevos comienzos"},"content":{"rendered":"<p>Ser hijo de un artista consagrado no siempre garantiza un camino f\u00e1cil ni exento de conflictos. Y el claro ejemplo es el caso de Sergi Capdevila, \u00fanico hijo de Sergio Dalma, que ha tenido una historia personal marcada por la exposici\u00f3n temprana, los desencuentros familiares y la necesidad de encontrar su propio lugar lejos del apellido y de los focos. Ahora, con 30 a\u00f1os, ha logrado construir una vida discreta y estable, en la que la reconciliaci\u00f3n con su padre y la familia se han convertido en el verdadero punto de partida de una nueva etapa.<\/p>\n<p>Sergi Capdevila naci\u00f3 fruto de la relaci\u00f3n del cantante con la exmodelo Maribel Sanz, con quien Sergio Dalma se cas\u00f3 en 1994. El matrimonio se rompi\u00f3 pocos a\u00f1os despu\u00e9s, en 1998, en una separaci\u00f3n medi\u00e1tica que marc\u00f3 profundamente la infancia y adolescencia del joven.<\/p>\n<p>Mientras su padre optaba por blindar su vida privada y centrarse en su carrera musical, Sergi creci\u00f3 en un entorno m\u00e1s expuesto, con reproches p\u00fablicos y tensiones familiares que se hicieron visibles con el paso del tiempo. Aun as\u00ed, el cantante siempre defendi\u00f3 que su hijo deb\u00eda tener una formaci\u00f3n y una vida al margen de los focos. Aunque la relaci\u00f3n entre padre e hijo no siempre ha sido buena.\u00a0<\/p>\n<p>El salto a la televisi\u00f3n y el conflicto familiar<\/p>\n<p>Uno de los episodios m\u00e1s delicados de la relaci\u00f3n entre padre e hijo lleg\u00f3 en 2014, cuando Sergi Capdevila decidi\u00f3 participar junto a su madre en el programa &#8216;\u00a1Mira qui\u00e9n salta!&#8217;. Aquella aparici\u00f3n televisiva supuso un punto de inflexi\u00f3n. El propio Sergi, de 19 a\u00f1os en aquel entonces, reconoci\u00f3 que llevaba meses sin hablarse con su padre, una distancia marcada tanto por diferencias de car\u00e1cter como por la forma de entender la exposici\u00f3n p\u00fablica.<\/p>\n<p><img loading=\"lazy\" decoding=\"async\"   src=\"https:\/\/www.europesays.com\/es\/wp-content\/uploads\/2025\/12\/sergi-capdevila_63a3cc8b_251218192301_1200x750.webp.webp\" alt=\"Sergi Capdevila\" class=\"lazyload\" width=\"1200\" height=\"750\" data-aspectratio=\"1200\/750\"\/><\/p>\n<p>Sergi Capdevila decidi\u00f3 participar junto a su madre, Maribel Sanz, nen el programa &#8216;\u00a1Mira qui\u00e9n salta!&#8217;<\/p>\n<p>&#13;GTRES<\/p>\n<p>Sergi hab\u00eda dejado su trabajo como camarero y buscaba abrirse camino por s\u00ed mismo, aunque este cambio no convenc\u00eda a Sergio Dalma, siempre reacio a mezclar familia y televisi\u00f3n. Este conflicto se agrav\u00f3 en a\u00f1os posteriores, cuando incluso llegaron a surgir desacuerdos legales relacionados con la manutenci\u00f3n, un asunto que termin\u00f3 resolvi\u00e9ndose en la esfera privada.<\/p>\n<p>Reconciliaci\u00f3n y madurez<\/p>\n<p>Con el tiempo, las asperezas se limaron. En 2016, Sergi compart\u00eda una imagen junto a su padre en redes sociales acompa\u00f1ada de un mensaje revelador: \u201cFeliz de poder estar as\u00ed con mi padre, ha costado pero estoy muy orgulloso de ti\u201d.<\/p>\n<p><img loading=\"lazy\" decoding=\"async\"   src=\"https:\/\/www.europesays.com\/es\/wp-content\/uploads\/2025\/12\/sergi-capdevila-y-sergio-dalma_8a9f88de_251218192012_1200x1200.webp.webp\" alt=\"Sergi Capdevila y Sergio Dalma\" class=\"lazyload\" width=\"1200\" height=\"1200\" data-aspectratio=\"1200\/1200\"\/><\/p>\n<p>Padre e hijo, han conseguido mantener una buena relaci\u00f3n, a pesar de los conflictos del pasado.\u00a0<\/p>\n<p>&#13;Redes sociales<\/p>\n<p>Aquella frase marc\u00f3 el inicio de una nueva etapa, m\u00e1s serena y adulta, en la que ambos aprendieron a relacionarse desde el respeto mutuo. A pesar de que la distancia geogr\u00e1fica complicaba los encuentros, ya que Sergio Dalma ha residido en Madrid durante a\u00f1os, mientras Sergi viv\u00eda en Altea (Alicante), la relaci\u00f3n se fue normalizando.<\/p>\n<p>Tras retomar el contacto y sanar una relaci\u00f3n complicada, el joven se instal\u00f3 en un apartamento propiedad de su padre y comenz\u00f3 a construir una vida estable, lejos de la televisi\u00f3n y del ruido medi\u00e1tico.<\/p>\n<p>Una vida familiar discreta<\/p>\n<p>En los a\u00f1os previos a la pandemia, Sergi Capdevila encontr\u00f3 estabilidad sentimental junto a Laura, una joven que trabaja como masajista terapeuta y esteticista en Benidorm. La pareja se cas\u00f3 en 2021 en una ceremonia \u00edntima, lejos de los flashes, que un d\u00eda invadieron su vida.\u00a0<\/p>\n<p>En junio de 2023 lleg\u00f3 uno de los momentos m\u00e1s importantes para la familia: el nacimiento de su primer hijo. La noticia transform\u00f3 tambi\u00e9n a Sergio Dalma, que no ocult\u00f3 su emoci\u00f3n al convertirse en abuelo. \u201cSer abuelo me tiene loco, es algo m\u00e1gico\u201d, confes\u00f3 el cantante, visiblemente emocionado por la llegada de un nuevo miembro a la familia.<\/p>\n<p>Desde su paso por &#8216;\u00a1Mira qui\u00e9n salta!&#8217;, Sergi Capdevila ha evitado cualquier incursi\u00f3n televisiva. Su vida transcurre con normalidad, centrada en su familia y en su d\u00eda a d\u00eda, compartiendo solo peque\u00f1as pinceladas en redes sociales.<\/p>\n<p><img decoding=\"async\" src=\"https:\/\/www.europesays.com\/es\/wp-content\/uploads\/2025\/12\/reina-sofia_be445423_251220162921_800x800.webp.webp\" alt=\"Reina Sof\u00eda\" class=\"image lazyload\"\/><img loading=\"lazy\" decoding=\"async\" src=\"https:\/\/www.europesays.com\/es\/wp-content\/uploads\/2025\/12\/reina-sofia_be445423_251220162927_1280x720.webp.webp\" alt=\"Dur\u00edsimo golpe para la Reina Sof\u00eda: muere Tatiana Radziwill, prima y su \u00fanica \u00edntima amiga\" class=\"image lazyload\" width=\"1280\" height=\"720\" data-aspectratio=\"1280\/720\"\/><\/p>\n<p>Ha elegido un camino alejado del apellido art\u00edstico, demostrando que su historia no gira \u00fanicamente en torno a ser \u201cel hijo de\u201d. Y tras a\u00f1os de tormenta, padre e hijo mantienen una relaci\u00f3n tranquila, marcada por la madurez y el entendimiento. Despu\u00e9s de a\u00f1os de desencuentros, ambos parecen haber encontrado el equilibrio y valorar lo verdaderamente importante de esta vida, la familia.\u00a0<\/p>\n","protected":false},"excerpt":{"rendered":"Ser hijo de un artista consagrado no siempre garantiza un camino f\u00e1cil ni exento de conflictos. Y el&hellip;\n","protected":false},"author":2,"featured_media":298394,"comment_status":"","ping_status":"","sticky":false,"template":"","format":"standard","meta":{"footnotes":""},"categories":[174],"tags":[255,146,147,25,24,256,23],"class_list":{"0":"post-298393","1":"post","2":"type-post","3":"status-publish","4":"format-standard","5":"has-post-thumbnail","7":"category-famosos","8":"tag-celebrities","9":"tag-entertainment","10":"tag-entretenimiento","11":"tag-es","12":"tag-espana","13":"tag-famosos","14":"tag-spain"},"share_on_mastodon":{"url":"https:\/\/pubeurope.com\/@es\/115753551403893999","error":""},"_links":{"self":[{"href":"https:\/\/www.europesays.com\/es\/wp-json\/wp\/v2\/posts\/298393","targetHints":{"allow":["GET"]}}],"collection":[{"href":"https:\/\/www.europesays.com\/es\/wp-json\/wp\/v2\/posts"}],"about":[{"href":"https:\/\/www.europesays.com\/es\/wp-json\/wp\/v2\/types\/post"}],"author":[{"embeddable":true,"href":"https:\/\/www.europesays.com\/es\/wp-json\/wp\/v2\/users\/2"}],"replies":[{"embeddable":true,"href":"https:\/\/www.europesays.com\/es\/wp-json\/wp\/v2\/comments?post=298393"}],"version-history":[{"count":0,"href":"https:\/\/www.europesays.com\/es\/wp-json\/wp\/v2\/posts\/298393\/revisions"}],"wp:featuredmedia":[{"embeddable":true,"href":"https:\/\/www.europesays.com\/es\/wp-json\/wp\/v2\/media\/298394"}],"wp:attachment":[{"href":"https:\/\/www.europesays.com\/es\/wp-json\/wp\/v2\/media?parent=298393"}],"wp:term":[{"taxonomy":"category","embeddable":true,"href":"https:\/\/www.europesays.com\/es\/wp-json\/wp\/v2\/categories?post=298393"},{"taxonomy":"post_tag","embeddable":true,"href":"https:\/\/www.europesays.com\/es\/wp-json\/wp\/v2\/tags?post=298393"}],"curies":[{"name":"wp","href":"https:\/\/api.w.org\/{rel}","templated":true}]}}