{"id":298395,"date":"2025-12-20T19:31:21","date_gmt":"2025-12-20T19:31:21","guid":{"rendered":"https:\/\/www.europesays.com\/es\/298395\/"},"modified":"2025-12-20T19:31:21","modified_gmt":"2025-12-20T19:31:21","slug":"mediaset-cancela-la-emision-de-la-isla-de-las-tentaciones","status":"publish","type":"post","link":"https:\/\/www.europesays.com\/es\/298395\/","title":{"rendered":"Mediaset cancela la emisi\u00f3n de &#8216;La Isla de las Tentaciones&#8217;"},"content":{"rendered":"<p data-gtm-element-container=\"modulo-texto-link\" class=\"paragraph\">La <strong>Navidad <\/strong>obliga cada a\u00f1o a las cadenas de televisi\u00f3n a replantear sus parrillas, adapt\u00e1ndose a unos h\u00e1bitos de consumo muy distintos a los habituales. Fechas como <strong>Nochebuena<\/strong>, Navidad o los d\u00edas previos a fin de a\u00f1o provocan la pausa de muchos formatos diarios y la apuesta por contenidos especiales o estrategias excepcionales para mantener la<strong> atenci\u00f3n del p\u00fablico.<\/strong><\/p>\n<p>                <img loading=\"lazy\" decoding=\"async\" data-full-src=\"https:\/\/www.mundodeportivo.com\/uploads\/2025\/12\/16\/6941ddf4b268d.jpeg\" alt=\"'La isla de las tentaciones 9'\" width=\"449\" height=\"253\" src=\"https:\/\/www.europesays.com\/es\/wp-content\/uploads\/2025\/12\/6941ddf4b268d.jpeg\" class=\"lazy\"\/><\/p>\n<p class=\"caption-title \">&#8216;La isla de las tentaciones 9&#8217;<\/p>\n<p>                    Telecinco<\/p>\n<p data-gtm-element-container=\"modulo-texto-link\" class=\"paragraph\">En este contexto, Telecinco ha tomado una decisi\u00f3n llamativa con &#8216;<strong>La Isla de las Tentaciones&#8217;<\/strong>, que encara el tramo final de su novena edici\u00f3n. Esta temporada, el reality se convirti\u00f3 en una de las grandes bazas de la cadena gracias a una f\u00f3rmula poco habitual: <strong>tres emisiones semanales<\/strong> que le permitieron reforzar su presencia en el access prime time.<\/p>\n<p data-gtm-element-container=\"modulo-texto-link\" class=\"paragraph\">El esquema inclu\u00eda un programa principal los lunes en horario de m\u00e1xima audiencia y dos entregas m\u00e1s cortas los martes y mi\u00e9rcoles. Con ello, <strong>Telecinco buscaba consolidar audiencia y competir en una franja dominada <\/strong>por espacios muy asentados de otras cadenas. Sin embargo, con la llegada de la Navidad, esta estrategia quedar\u00e1 temporalmente en pausa.<\/p>\n<p>                <img loading=\"lazy\" decoding=\"async\" data-full-src=\"https:\/\/www.mundodeportivo.com\/uploads\/2025\/11\/17\/691b91ae2b16b.jpeg\" alt=\"Todas las im\u00e1genes de la huida de Gilbert tras la infidelidad de Claudia en 'La Isla de las Tentaciones 9'\" width=\"449\" height=\"253\" src=\"https:\/\/www.europesays.com\/es\/wp-content\/uploads\/2025\/12\/691b91ae2b16b.jpeg\" class=\"lazy\"\/><\/p>\n<p class=\"caption-title \">&#8216;La Isla de las Tentaciones 9&#8217;<\/p>\n<p>                    Captura Telecinco<\/p>\n<p>    Lee tambi\u00e9n<\/p>\n<p data-gtm-element-container=\"modulo-texto-link\" class=\"paragraph\">La pr\u00f3xima semana, el reality solo se emitir\u00e1 el lunes, desapareciendo del martes y del mi\u00e9rcoles. En su lugar, Telecinco apostar\u00e1 el martes por el \u00faltimo episodio de la temporada 14 de <strong>&#8216;La que se avecina&#8217;.<\/strong> Mientras tanto, la noche de Nochebuena estar\u00e1 dedicada a un e<strong>special recopilatorio de &#8216;Bailando con las estrellas&#8217; tras el mensaje del Rey.<\/strong><\/p>\n","protected":false},"excerpt":{"rendered":"La Navidad obliga cada a\u00f1o a las cadenas de televisi\u00f3n a replantear sus parrillas, adapt\u00e1ndose a unos h\u00e1bitos&hellip;\n","protected":false},"author":2,"featured_media":298396,"comment_status":"","ping_status":"","sticky":false,"template":"","format":"standard","meta":{"footnotes":""},"categories":[171],"tags":[146,147,25,24,23,214],"class_list":{"0":"post-298395","1":"post","2":"type-post","3":"status-publish","4":"format-standard","5":"has-post-thumbnail","7":"category-tv","8":"tag-entertainment","9":"tag-entretenimiento","10":"tag-es","11":"tag-espana","12":"tag-spain","13":"tag-tv"},"share_on_mastodon":{"url":"https:\/\/pubeurope.com\/@es\/115753562377918865","error":""},"_links":{"self":[{"href":"https:\/\/www.europesays.com\/es\/wp-json\/wp\/v2\/posts\/298395","targetHints":{"allow":["GET"]}}],"collection":[{"href":"https:\/\/www.europesays.com\/es\/wp-json\/wp\/v2\/posts"}],"about":[{"href":"https:\/\/www.europesays.com\/es\/wp-json\/wp\/v2\/types\/post"}],"author":[{"embeddable":true,"href":"https:\/\/www.europesays.com\/es\/wp-json\/wp\/v2\/users\/2"}],"replies":[{"embeddable":true,"href":"https:\/\/www.europesays.com\/es\/wp-json\/wp\/v2\/comments?post=298395"}],"version-history":[{"count":0,"href":"https:\/\/www.europesays.com\/es\/wp-json\/wp\/v2\/posts\/298395\/revisions"}],"wp:featuredmedia":[{"embeddable":true,"href":"https:\/\/www.europesays.com\/es\/wp-json\/wp\/v2\/media\/298396"}],"wp:attachment":[{"href":"https:\/\/www.europesays.com\/es\/wp-json\/wp\/v2\/media?parent=298395"}],"wp:term":[{"taxonomy":"category","embeddable":true,"href":"https:\/\/www.europesays.com\/es\/wp-json\/wp\/v2\/categories?post=298395"},{"taxonomy":"post_tag","embeddable":true,"href":"https:\/\/www.europesays.com\/es\/wp-json\/wp\/v2\/tags?post=298395"}],"curies":[{"name":"wp","href":"https:\/\/api.w.org\/{rel}","templated":true}]}}