{"id":298411,"date":"2025-12-20T19:39:17","date_gmt":"2025-12-20T19:39:17","guid":{"rendered":"https:\/\/www.europesays.com\/es\/298411\/"},"modified":"2025-12-20T19:39:17","modified_gmt":"2025-12-20T19:39:17","slug":"la-corte-suprema-revive-la-demanda-por-libertad-de-expresion-de-jueces-de-inmigracion-en-derrota-para-trump","status":"publish","type":"post","link":"https:\/\/www.europesays.com\/es\/298411\/","title":{"rendered":"La Corte Suprema revive la demanda por libertad de expresi\u00f3n de jueces de inmigraci\u00f3n en derrota para Trump"},"content":{"rendered":"<p>      CNN<br \/>\n        \u00a0\u2014\u00a0<\/p>\n<p class=\"paragraph inline-placeholder vossi-paragraph\" data-uri=\"es.cms.cnn.com\/_components\/paragraph\/instances\/cmjdb8h61001k27qd8pbkamyy@published\" data-editable=\"text\" data-component-name=\"paragraph\" data-article-gutter=\"true\">\n            La Corte Suprema fall\u00f3 este viernes en contra del Gobierno de Trump, manteniendo viva una demanda federal de jueces de inmigraci\u00f3n que intentan impugnar una pol\u00edtica que limita su capacidad para hablar p\u00fablicamente.\n    <\/p>\n<p class=\"paragraph inline-placeholder vossi-paragraph\" data-uri=\"es.cms.cnn.com\/_components\/paragraph\/instances\/cmjdbegay0005356p218qszns@published\" data-editable=\"text\" data-component-name=\"paragraph\" data-article-gutter=\"true\">\n            \u201cEn esta etapa\u201d, dijo la corte en una breve orden, \u201cel Gobierno no ha demostrado que sufrir\u00e1 un da\u00f1o irreparable sin la suspensi\u00f3n\u201d.\n    <\/p>\n<p class=\"paragraph inline-placeholder vossi-paragraph\" data-uri=\"es.cms.cnn.com\/_components\/paragraph\/instances\/cmjdbegay0006356praq66507@published\" data-editable=\"text\" data-component-name=\"paragraph\" data-article-gutter=\"true\">\n            No hubo disidencias registradas y la decisi\u00f3n sugiere que el Gobierno de Trump podr\u00eda intentarlo de nuevo en una etapa posterior.\n    <\/p>\n<p class=\"paragraph inline-placeholder vossi-paragraph\" data-uri=\"es.cms.cnn.com\/_components\/paragraph\/instances\/cmjdbegay0007356pd8dl0ov6@published\" data-editable=\"text\" data-component-name=\"paragraph\" data-article-gutter=\"true\">\n            El caso comenz\u00f3 como un desaf\u00edo a una pol\u00edtica de personal que exige que los jueces de inmigraci\u00f3n obtengan aprobaci\u00f3n antes de hacer declaraciones p\u00fablicas. Un exsindicato laboral que representaba a los jueces \u2014quienes forman parte del Departamento de Justicia\u2014 demand\u00f3 en un tribunal federal alegando que la pol\u00edtica violaba su derecho a la libertad de expresi\u00f3n bajo la Primera Enmienda.\n    <\/p>\n<p class=\"paragraph inline-placeholder vossi-paragraph\" data-uri=\"es.cms.cnn.com\/_components\/paragraph\/instances\/cmjdbegay0008356pzj14zr0l@published\" data-editable=\"text\" data-component-name=\"paragraph\" data-article-gutter=\"true\">\n            Esa pol\u00edtica, que comenz\u00f3 durante el primer mandato del presidente Donald Trump y fue modificada durante el Gobierno de Biden, \u201cproh\u00edbe categ\u00f3ricamente\u201d a los jueces \u201chablar p\u00fablicamente en su capacidad personal sobre inmigraci\u00f3n y sobre el organismo que los emplea\u201d, de acuerdo con los abogados del Knight First Amendment Institute de la Universidad de Columbia ante la Corte Suprema.\n    <\/p>\n<p class=\"paragraph inline-placeholder vossi-paragraph\" data-uri=\"es.cms.cnn.com\/_components\/paragraph\/instances\/cmjdbegay0009356pt9fna4ix@published\" data-editable=\"text\" data-component-name=\"paragraph\" data-article-gutter=\"true\">\n            Sin embargo, para cuando el caso lleg\u00f3 a la Corte Suprema, el litigio abordaba una cuesti\u00f3n m\u00e1s t\u00e9cnica sobre d\u00f3nde puede ser escuchado ese enfrentamiento: en un tribunal federal o ante organismos independientes del servicio civil que normalmente revisan reclamaciones similares de empleados federales. Esta \u00faltima opci\u00f3n es un problema para los jueces de inmigraci\u00f3n \u2014y otros empleados federales\u2014 porque Trump ha estado trabajando para debilitar esos organismos durante meses.\n    <\/p>\n<p class=\"paragraph inline-placeholder vossi-paragraph\" data-uri=\"es.cms.cnn.com\/_components\/paragraph\/instances\/cmjdbegay000a356pzvq2g8es@published\" data-editable=\"text\" data-component-name=\"paragraph\" data-article-gutter=\"true\">\n            El Departamento de Justicia quer\u00eda que los jueces usaran primero la v\u00eda administrativa. Los jueces intentan mantener su caso en el tribunal federal.\n    <\/p>\n<p class=\"paragraph inline-placeholder vossi-paragraph\" data-uri=\"es.cms.cnn.com\/_components\/paragraph\/instances\/cmjdbegay000b356pgfg5614t@published\" data-editable=\"text\" data-component-name=\"paragraph\" data-article-gutter=\"true\">\n            En mayo, la corte permiti\u00f3 a Trump destituir temporalmente a funcionarios de la Junta de Protecci\u00f3n del M\u00e9rito del Sistema y de la Junta Nacional de Relaciones Laborales.\n    <\/p>\n<p class=\"paragraph inline-placeholder vossi-paragraph\" data-uri=\"es.cms.cnn.com\/_components\/paragraph\/instances\/cmjdbegay000c356p5t646fiy@published\" data-editable=\"text\" data-component-name=\"paragraph\" data-article-gutter=\"true\">\n            En ese sentido, la decisi\u00f3n podr\u00eda tener ramificaciones m\u00e1s all\u00e1 de los jueces al aplicarse a otros trabajadores federales que presentan reclamaciones similares.\n    <\/p>\n<p class=\"paragraph inline-placeholder vossi-paragraph\" data-uri=\"es.cms.cnn.com\/_components\/paragraph\/instances\/cmjdbegay000d356p154vbagb@published\" data-editable=\"text\" data-component-name=\"paragraph\" data-article-gutter=\"true\">\n            El Departamento de Justicia ha argumentado que, sin la intervenci\u00f3n de la Corte Suprema, un fallo de un tribunal de apelaciones que favoreci\u00f3 a los jueces de inmigraci\u00f3n \u201ccausar\u00eda estragos\u201d en casos similares.\n    <\/p>\n<p class=\"paragraph inline-placeholder vossi-paragraph\" data-uri=\"es.cms.cnn.com\/_components\/paragraph\/instances\/cmjdbegaz000e356pgqw6bckg@published\" data-editable=\"text\" data-component-name=\"paragraph\" data-article-gutter=\"true\">\n            \u201cSolo esta corte puede detener la incertidumbre en curso y de r\u00e1pida propagaci\u00f3n para innumerables casos\u201d, dijo al tribunal el procurador general de Estados Unidos, D. John Sauer.\n    <\/p>\n<p class=\"paragraph inline-placeholder vossi-paragraph\" data-uri=\"es.cms.cnn.com\/_components\/paragraph\/instances\/cmjdbegaz000f356p1emqj2bc@published\" data-editable=\"text\" data-component-name=\"paragraph\" data-article-gutter=\"true\">\n            Un tribunal federal de distrito fall\u00f3 a favor del Gobierno, determinando que las reclamaciones de los jueces deb\u00edan ser revisadas por los organismos administrativos. No obstante, la Corte de Apelaciones del 4\u00ba Circuito de EE. UU. revoc\u00f3 esa decisi\u00f3n a principios de este a\u00f1o, ordenando al tribunal de primera instancia revisar si esos organismos administrativos est\u00e1n funcionando como el Congreso pretend\u00eda.\n    <\/p>\n<p class=\"paragraph inline-placeholder vossi-paragraph\" data-uri=\"es.cms.cnn.com\/_components\/paragraph\/instances\/cmjdbegaz000g356p62ebgtzl@published\" data-editable=\"text\" data-component-name=\"paragraph\" data-article-gutter=\"true\">\n            El \u201cprincipio fundamental\u201d, dijo la corte de apelaciones, \u201cde que organismos funcionales e independientes recibir\u00edan, revisar\u00edan y decidir\u00edan en primera instancia las impugnaciones a acciones adversas de personal que afectan a empleados federales cubiertos, ha sido puesto recientemente en tela de juicio\u201d.\n    <\/p>\n<p class=\"paragraph inline-placeholder vossi-paragraph\" data-uri=\"es.cms.cnn.com\/_components\/paragraph\/instances\/cmjdbegaz000h356poh8kqiuc@published\" data-editable=\"text\" data-component-name=\"paragraph\" data-article-gutter=\"true\">\n            Poco despu\u00e9s de que se presentara<a href=\"https:\/\/cnnespanol.cnn.com\/2025\/12\/05\/eeuu\/corte-jueces-inmigracion-libertad-expresion-trax\" rel=\"nofollow noopener\" target=\"_blank\"> la apelaci\u00f3n de emergencia el 5 de diciembre, <\/a>el presidente del tribunal John Roberts, quien gestiona las apelaciones de emergencia del 4\u00ba Circuito, accedi\u00f3 a una solicitud del Gobierno de Trump para emitir una orden \u201cadministrativa\u201d que bloqueaba temporalmente al tribunal federal de distrito de continuar con el caso.\n    <\/p>\n<p class=\"paragraph inline-placeholder vossi-paragraph\" data-uri=\"es.cms.cnn.com\/_components\/paragraph\/instances\/cmjdbegaz000i356pp72bw57k@published\" data-editable=\"text\" data-component-name=\"paragraph\" data-article-gutter=\"true\">\n            Sin embargo, en su orden del viernes, la Corte Suprema dijo que el tribunal de distrito pod\u00eda reanudar los procedimientos, pero los jueces se\u00f1alaron que el Gobierno podr\u00eda regresar con una posterior apelaci\u00f3n de emergencia m\u00e1s adelante si el tribunal de distrito iniciaba los procedimientos de descubrimiento antes de que se resolviera el caso.\n    <\/p>\n","protected":false},"excerpt":{"rendered":"CNN \u00a0\u2014\u00a0 La Corte Suprema fall\u00f3 este viernes en contra del Gobierno de Trump, manteniendo viva una demanda&hellip;\n","protected":false},"author":2,"featured_media":298412,"comment_status":"","ping_status":"","sticky":false,"template":"","format":"standard","meta":{"footnotes":""},"categories":[42],"tags":[17,18,2751,629,13,14,11,590,61,62,63,64,19,20,16481,9,10,15,16,12,21,22,65,66,67],"class_list":{"0":"post-298411","1":"post","2":"type-post","3":"status-publish","4":"format-standard","5":"has-post-thumbnail","7":"category-internacional","8":"tag-breaking-news","9":"tag-breakingnews","10":"tag-corte-suprema","11":"tag-estados-unidos","12":"tag-featured-news","13":"tag-featurednews","14":"tag-headlines","15":"tag-inmigracion","16":"tag-internacional","17":"tag-international","18":"tag-international-news","19":"tag-internationalnews","20":"tag-latest-news","21":"tag-latestnews","22":"tag-libertad-de-expresion","23":"tag-news","24":"tag-noticias","25":"tag-noticias-destacadas","26":"tag-noticiasdestacadas","27":"tag-titulares","28":"tag-ultimas-noticias","29":"tag-ultimasnoticias","30":"tag-world","31":"tag-world-news","32":"tag-worldnews"},"share_on_mastodon":{"url":"https:\/\/pubeurope.com\/@es\/115753593407075047","error":""},"_links":{"self":[{"href":"https:\/\/www.europesays.com\/es\/wp-json\/wp\/v2\/posts\/298411","targetHints":{"allow":["GET"]}}],"collection":[{"href":"https:\/\/www.europesays.com\/es\/wp-json\/wp\/v2\/posts"}],"about":[{"href":"https:\/\/www.europesays.com\/es\/wp-json\/wp\/v2\/types\/post"}],"author":[{"embeddable":true,"href":"https:\/\/www.europesays.com\/es\/wp-json\/wp\/v2\/users\/2"}],"replies":[{"embeddable":true,"href":"https:\/\/www.europesays.com\/es\/wp-json\/wp\/v2\/comments?post=298411"}],"version-history":[{"count":0,"href":"https:\/\/www.europesays.com\/es\/wp-json\/wp\/v2\/posts\/298411\/revisions"}],"wp:featuredmedia":[{"embeddable":true,"href":"https:\/\/www.europesays.com\/es\/wp-json\/wp\/v2\/media\/298412"}],"wp:attachment":[{"href":"https:\/\/www.europesays.com\/es\/wp-json\/wp\/v2\/media?parent=298411"}],"wp:term":[{"taxonomy":"category","embeddable":true,"href":"https:\/\/www.europesays.com\/es\/wp-json\/wp\/v2\/categories?post=298411"},{"taxonomy":"post_tag","embeddable":true,"href":"https:\/\/www.europesays.com\/es\/wp-json\/wp\/v2\/tags?post=298411"}],"curies":[{"name":"wp","href":"https:\/\/api.w.org\/{rel}","templated":true}]}}