{"id":298413,"date":"2025-12-20T19:40:38","date_gmt":"2025-12-20T19:40:38","guid":{"rendered":"https:\/\/www.europesays.com\/es\/298413\/"},"modified":"2025-12-20T19:40:38","modified_gmt":"2025-12-20T19:40:38","slug":"proteccio-civil-activa-una-alerta-en-el-barcelones-valles-occidental-valles-oriental-y-sur-del-maresme-por-lluvias-torrenciales","status":"publish","type":"post","link":"https:\/\/www.europesays.com\/es\/298413\/","title":{"rendered":"Protecci\u00f3 Civil activa una alerta en el Barcelon\u00e8s, Vall\u00e8s Occidental, Vall\u00e8s Oriental y sur del Maresme por lluvias torrenciales"},"content":{"rendered":"<p data-gtm-element-container=\"modulo-texto-link\" class=\"paragraph\">Protecci\u00f3 Civil ha activado esta ma\u00f1ana una alerta por las lluvias torrenciales que est\u00e1n teniendo lugar en el Barcelon\u00e8s, Vall\u00e8s Occidental, Vall\u00e8s Oriental y el sur del Maresme, ante la intensidad de las precipitaciones registradas en estas zonas.<\/p>\n<p data-gtm-element-container=\"modulo-texto-link\" class=\"paragraph\">Las autoridades piden aumentar la precauci\u00f3n en los desplazamientos, tanto a pie como en transporte, y recomiendan evitar desplazamientos innecesarios. Tambi\u00e9n insisten en mantenerse alejados de r\u00edos, rieras y barrancos durante las pr\u00f3ximas dos horas, y tampoco cruzarlos, ya que el caudal puede aumentar de forma repentina.<\/p>\n<p>                <img loading=\"lazy\" decoding=\"async\" data-full-src=\"https:\/\/www.lavanguardia.com\/uploads\/2025\/12\/20\/6946931d5cb95.jpeg\" alt=\"Protecci\u00f3 Civil activa una alerta en el Barcelon\u00e8s, Vall\u00e8s Occidental, Vall\u00e8s Oriental y sur del Maresme por lluvias torrenciales\" width=\"449\" height=\"836\" src=\"https:\/\/www.europesays.com\/es\/wp-content\/uploads\/2025\/12\/6946931d5cb95.jpeg\" class=\"lazy\"\/><\/p>\n<p class=\"caption-title \">Protecci\u00f3 Civil activa una alerta en el Barcelon\u00e8s, Vall\u00e8s Occidental, Vall\u00e8s Oriental y sur del Maresme por lluvias torrenciales<\/p>\n<p>                    Alerta de Protecci\u00f3 Civil<\/p>\n<p data-gtm-element-container=\"modulo-texto-link\" class=\"paragraph\">Asimismo, el servicio p\u00fablico gestionado por la Generalitat ha pedido evitar la realizaci\u00f3n de actividades en zonas inundables para prevenir cualquier accidente derivado de la acumulaci\u00f3n de agua.<\/p>\n<p data-gtm-element-container=\"modulo-texto-link\" class=\"paragraph\">A modo de recordatorio, el mensaje enviado a las 13:00 horas de este s\u00e1bado recalca la posibilidad de llamar al servicio de emergencias 112 para comunicar cualquier incidencia grave que pueda estar produci\u00e9ndose a causa de estas fuertes lluvias.<\/p>\n<p data-gtm-element-container=\"modulo-texto-link\" class=\"paragraph\">Seg\u00fan ha se\u00f1alado Protecci\u00f3 Civil en su cuenta de X (anteriormente Twitter), esta alerta ha sido enviada a los municipios de Canovelles, Granollers, Parets, Montmel\u00f3, Montorn\u00e8s, Martorelles, La Llagosta, Sant Fost, Montcada, Tiana, Montgat, Badalona, Santa Coloma y Sant Adri\u00e0, dentro del \u00e1mbito de afectaci\u00f3n por las lluvias.<\/p>\n<p data-gtm-element-container=\"modulo-texto-link\" class=\"paragraph\">Se trata de un aviso que tambi\u00e9n puede haber llegado a algunas localidades pr\u00f3ximas a los puntos activos, debido a cuestiones de cobertura de las antenas de transmisi\u00f3n y recepci\u00f3n, aunque no se encuentren directamente dentro de las zonas con mayor intensidad de precipitaciones.<\/p>\n<p data-gtm-element-container=\"modulo-texto-link\" class=\"paragraph\">Ante la intensidad de las lluvias en estas \u00faltimas horas, los Bomberos han recibido alrededor de una veintena de llamadas alertando de inundaciones en domicilios privados de Badalona y Santa Coloma de Gramenet en tan solo una hora. Ninguno de ellos presenta gravedad por el momento.<\/p>\n<p data-gtm-element-container=\"modulo-texto-link\" class=\"paragraph\">Seg\u00fan los \u00faltimos datos proporcionados por el servicio Meteocat, se han acumulado en Badalona 52,3 litros por metro cuadrado; en Dosrius (Maresme), 22,9 litros; y en Granollers (Vall\u00e8s Oriental), 21,6 litros. Se trata de la cantidad de agua que ha ca\u00eddo desde las 12:00 horas de este s\u00e1bado, evidenciando la intensidad de las precipitaciones registradas en estas zonas durante las \u00faltimas horas.<\/p>\n<p>La Generalitat advierte de la llegada del fr\u00edo y nieve en Catalunya los pr\u00f3ximos d\u00edas<\/p>\n<p data-gtm-element-container=\"modulo-texto-link\" class=\"paragraph\">A su vez, la\u00a0Generalitat ha activado una alerta del plan Inuncat hasta el domingo en Catalunya ante la previsi\u00f3n del temporal. Pero <a href=\"https:\/\/www.lavanguardia.com\/local\/el-tiempo\/20251220\/11382314\/fuertes-lluvias-cataluna-dan-paso-semana-navidad-fria-quizas-nieve.html\" target=\"_blank\" rel=\"nofollow noopener\">ser\u00e1 el lunes cuando llegue una\u00a0nueva perturbaci\u00f3n que llevar\u00e1 fr\u00edo y quiz\u00e1s nieve en algunos puntos del territorio<\/a>. A partir de entonces, las precipitaciones podr\u00e1n venir acompa\u00f1adas de estas nevadas hasta los 800 metros de altura, aunque podr\u00eda situarse m\u00e1s abajo puntualmente.<\/p>\n","protected":false},"excerpt":{"rendered":"Protecci\u00f3 Civil ha activado esta ma\u00f1ana una alerta por las lluvias torrenciales que est\u00e1n teniendo lugar en el&hellip;\n","protected":false},"author":2,"featured_media":298414,"comment_status":"","ping_status":"","sticky":false,"template":"","format":"standard","meta":{"footnotes":""},"categories":[8],"tags":[17,18,25,24,13,14,11,19,20,9,10,15,16,23,12,21,22],"class_list":{"0":"post-298413","1":"post","2":"type-post","3":"status-publish","4":"format-standard","5":"has-post-thumbnail","7":"category-espana","8":"tag-breaking-news","9":"tag-breakingnews","10":"tag-es","11":"tag-espana","12":"tag-featured-news","13":"tag-featurednews","14":"tag-headlines","15":"tag-latest-news","16":"tag-latestnews","17":"tag-news","18":"tag-noticias","19":"tag-noticias-destacadas","20":"tag-noticiasdestacadas","21":"tag-spain","22":"tag-titulares","23":"tag-ultimas-noticias","24":"tag-ultimasnoticias"},"share_on_mastodon":{"url":"https:\/\/pubeurope.com\/@es\/115753597722519220","error":""},"_links":{"self":[{"href":"https:\/\/www.europesays.com\/es\/wp-json\/wp\/v2\/posts\/298413","targetHints":{"allow":["GET"]}}],"collection":[{"href":"https:\/\/www.europesays.com\/es\/wp-json\/wp\/v2\/posts"}],"about":[{"href":"https:\/\/www.europesays.com\/es\/wp-json\/wp\/v2\/types\/post"}],"author":[{"embeddable":true,"href":"https:\/\/www.europesays.com\/es\/wp-json\/wp\/v2\/users\/2"}],"replies":[{"embeddable":true,"href":"https:\/\/www.europesays.com\/es\/wp-json\/wp\/v2\/comments?post=298413"}],"version-history":[{"count":0,"href":"https:\/\/www.europesays.com\/es\/wp-json\/wp\/v2\/posts\/298413\/revisions"}],"wp:featuredmedia":[{"embeddable":true,"href":"https:\/\/www.europesays.com\/es\/wp-json\/wp\/v2\/media\/298414"}],"wp:attachment":[{"href":"https:\/\/www.europesays.com\/es\/wp-json\/wp\/v2\/media?parent=298413"}],"wp:term":[{"taxonomy":"category","embeddable":true,"href":"https:\/\/www.europesays.com\/es\/wp-json\/wp\/v2\/categories?post=298413"},{"taxonomy":"post_tag","embeddable":true,"href":"https:\/\/www.europesays.com\/es\/wp-json\/wp\/v2\/tags?post=298413"}],"curies":[{"name":"wp","href":"https:\/\/api.w.org\/{rel}","templated":true}]}}