{"id":298443,"date":"2025-12-20T20:02:10","date_gmt":"2025-12-20T20:02:10","guid":{"rendered":"https:\/\/www.europesays.com\/es\/298443\/"},"modified":"2025-12-20T20:02:10","modified_gmt":"2025-12-20T20:02:10","slug":"la-policia-francesa-abate-a-tiros-a-un-hombre-armado-con-un-cuchillo-en-la-capital-de-corcega","status":"publish","type":"post","link":"https:\/\/www.europesays.com\/es\/298443\/","title":{"rendered":"La Polic\u00eda francesa abate a tiros a un hombre armado con un cuchillo en la capital de C\u00f3rcega"},"content":{"rendered":"<p>20\/12\/2025<br \/>\n<br \/><strong><br \/>\nActualizado a las 17:02h.<br \/>\n<\/strong><\/p>\n<p class=\"voc-p\" style=\"\">Agentes de la <strong>Polic\u00eda francesa<\/strong> han abatido este s\u00e1bado a tiros a un individuo que portaba un cuchillo en el centro de la ciudad de Ajaccio, en <strong>C\u00f3rcega<\/strong>.<\/p>\n<p class=\"voc-p\" style=\"\">El incidente ha ocurrido en la ma\u00f1ana del s\u00e1bado en la carretera Napole\u00f3n de la  &#8230; capital corsa cuando un hombre de 26 a\u00f1os de edad fue abatido a tiros por la Polic\u00eda, que fue avisada tras un conflicto entre un hombre y unos dependientes, informa el <a href=\"https:\/\/www.cnews.fr\/faits-divers\/2025-12-20\/ajaccio-un-homme-arme-dun-couteau-tue-par-la-police-dans-le-centre-ville\" target=\"_blank\" title=\"www.cnews.fr\" data-voc-vtm-id=\"in-text-traffic\" data-mrf-link=\"www.cnews.fr\" rel=\"nofollow noopener\">portal de noticias corso CNews<\/a>.<\/p>\n<p class=\"voc-p\" style=\"\">El ahora fallecido <strong>amenaz\u00f3 con atacar a transe\u00fantes y clientes en la terraza de un bar<\/strong> y cuando llegaro los agentes se abalanz\u00f3 sobre ellos, pero respondieron abriendo fuego, seg\u00fan fuentes policiales citadas por CNews.<\/p>\n<p class=\"voc-p\" style=\"\">En un primer momento los agentes emplearon una pistola t\u00e1ser, pero despu\u00e9s uno de los polic\u00edas dispar\u00f3 varias veces contra el hombre, quien falleci\u00f3. La la Divisi\u00f3n de Asuntos Internos de la Polic\u00eda sido ya notificada. La persona fallecida presentaba un perfil de \u00abinestabilidad mental\u00bb.<\/p>\n<p>\nArt\u00edculo solo para suscriptores\n<\/p>\n<p>Reportar un error<\/p>\n","protected":false},"excerpt":{"rendered":"20\/12\/2025 Actualizado a las 17:02h. Agentes de la Polic\u00eda francesa han abatido este s\u00e1bado a tiros a un&hellip;\n","protected":false},"author":2,"featured_media":298444,"comment_status":"","ping_status":"","sticky":false,"template":"","format":"standard","meta":{"footnotes":""},"categories":[42],"tags":[24333,3986,17,18,7264,46002,18177,13,14,1751,11,366,61,62,63,64,19,20,9,10,15,16,586,31072,12,21,22,65,66,67],"class_list":{"0":"post-298443","1":"post","2":"type-post","3":"status-publish","4":"format-standard","5":"has-post-thumbnail","7":"category-internacional","8":"tag-abate","9":"tag-armado","10":"tag-breaking-news","11":"tag-breakingnews","12":"tag-capital","13":"tag-corcega","14":"tag-cuchillo","15":"tag-featured-news","16":"tag-featurednews","17":"tag-francesa","18":"tag-headlines","19":"tag-hombre","20":"tag-internacional","21":"tag-international","22":"tag-international-news","23":"tag-internationalnews","24":"tag-latest-news","25":"tag-latestnews","26":"tag-news","27":"tag-noticias","28":"tag-noticias-destacadas","29":"tag-noticiasdestacadas","30":"tag-policia","31":"tag-tiros","32":"tag-titulares","33":"tag-ultimas-noticias","34":"tag-ultimasnoticias","35":"tag-world","36":"tag-world-news","37":"tag-worldnews"},"share_on_mastodon":{"url":"https:\/\/pubeurope.com\/@es\/115753683799424599","error":""},"_links":{"self":[{"href":"https:\/\/www.europesays.com\/es\/wp-json\/wp\/v2\/posts\/298443","targetHints":{"allow":["GET"]}}],"collection":[{"href":"https:\/\/www.europesays.com\/es\/wp-json\/wp\/v2\/posts"}],"about":[{"href":"https:\/\/www.europesays.com\/es\/wp-json\/wp\/v2\/types\/post"}],"author":[{"embeddable":true,"href":"https:\/\/www.europesays.com\/es\/wp-json\/wp\/v2\/users\/2"}],"replies":[{"embeddable":true,"href":"https:\/\/www.europesays.com\/es\/wp-json\/wp\/v2\/comments?post=298443"}],"version-history":[{"count":0,"href":"https:\/\/www.europesays.com\/es\/wp-json\/wp\/v2\/posts\/298443\/revisions"}],"wp:featuredmedia":[{"embeddable":true,"href":"https:\/\/www.europesays.com\/es\/wp-json\/wp\/v2\/media\/298444"}],"wp:attachment":[{"href":"https:\/\/www.europesays.com\/es\/wp-json\/wp\/v2\/media?parent=298443"}],"wp:term":[{"taxonomy":"category","embeddable":true,"href":"https:\/\/www.europesays.com\/es\/wp-json\/wp\/v2\/categories?post=298443"},{"taxonomy":"post_tag","embeddable":true,"href":"https:\/\/www.europesays.com\/es\/wp-json\/wp\/v2\/tags?post=298443"}],"curies":[{"name":"wp","href":"https:\/\/api.w.org\/{rel}","templated":true}]}}