{"id":298452,"date":"2025-12-20T20:12:15","date_gmt":"2025-12-20T20:12:15","guid":{"rendered":"https:\/\/www.europesays.com\/es\/298452\/"},"modified":"2025-12-20T20:12:15","modified_gmt":"2025-12-20T20:12:15","slug":"en-avenida-hay-gente-a-la-que-le-tengo-mucho-carino-y-me-gusta-que-les-vaya-bien","status":"publish","type":"post","link":"https:\/\/www.europesays.com\/es\/298452\/","title":{"rendered":"\u00abEn Avenida hay gente a la que le tengo mucho cari\u00f1o y me gusta que les vaya bien\u00bb"},"content":{"rendered":"<p><a class=\"v-mdl-ath__fig-a\" href=\"https:\/\/www.lagacetadesalamanca.es\/autor\/alex-g-santana-6000.html\" title=\"Alex G. Santana\" rel=\"nofollow noopener\" target=\"_blank\"><br \/>\n<img decoding=\"async\" class=\"v-mdl-ath__img\" src=\"https:\/\/www.europesays.com\/es\/wp-content\/uploads\/2025\/09\/autor-6000-foto-1.png\" alt=\"Alex G. Santana\"\/><br \/>\n<\/a><\/p>\n<p class=\"v-mdl-ath__p v-mdl-ath__p--6\">\nS\u00e1bado, 20 de diciembre 2025, 18:48<\/p>\n<p class=\"v-p\">Este domingo el Perfumer\u00edas Avenida recibe al Baxi Ferrol, en un nuevo regreso de Lino L\u00f3pez al W\u00fcrzburg Silvia Dom\u00ednguez. El que fuera entrenador del equipo salmantino habla de sus sensaciones y de c\u00f3mo ve al que ser\u00e1 su rival, tanto en la Liga Femenina como en menos de un mes en los octavos de final de la Eurocup, tras haber logrado ambos el pase.<\/p>\n<p class=\"v-p\"><strong>Siempre dice que es especial volver a Salamanca y lo va a hacer dos veces en menos de un mes.<\/strong><\/p>\n<p class=\"v-p\">Siempre es un placer, porque tengo all\u00ed muy buenos amigos, viv\u00ed una buena experiencia y me siento muy bien recibido. El ambiente que se vive all\u00ed es especial y a todos los equipos les gusta jugar en Salamanca.<\/p>\n<p class=\"v-p\"><strong>A pesar de que su etapa fue corta, dej\u00f3 muy buen recuerdo.<\/strong><\/p>\n<p class=\"v-p\">En el deporte se dan esas situaciones. Me hubiera gustado que fuera m\u00e1s larga, pero siempre digo que es importante no que el baloncesto pase por ti, sino t\u00fa dejar un paso. Con amigos y compa\u00f1eros y ser capaz de volver a un sitio en el que estuviste como jugador o entrenador y ser bien recibido. Haber pasado de verdad, no hacer un trabajo e irte. Me hubiera gustado que acabara de otra forma, pero en Avenida disfrut\u00e9 de jugar una Euroliga con jugadoras de primer nivel mundial, y estoy seguro de que mi paso por all\u00ed me hizo mejor entrenador.<\/p>\n<p class=\"v-p\"><strong>\u00bfDeja la puerta abierta a volver en un futuro?<\/strong><\/p>\n<p class=\"v-p\">Desde que soy peque\u00f1o he tenido la suerte de poder dedicarme al baloncesto, que es mi pasi\u00f3n y lo que s\u00e9 hacer. Y ahora lo que me gusta es entrenar, da igual femenino que masculino. Soy feliz entrenando y trabajando con j\u00f3venes, mayores&#8230; Y me gusta estar en proyectos en los que se conf\u00ede en m\u00ed pueda trabajar, pero nunca cierro puertas. Soy muy feliz en casa en estos dos a\u00f1os en los que hemos jugado el playoff y la final de la Eurocup. Y como ferrolano, lo que se est\u00e1 viviendo en la ciudad es muy emocionante. <\/p>\n<p class=\"v-p\"><strong>El domingo Perfumer\u00edas Avenida-Ferrol en Liga Femenina y en nada el cruce de octavos en la Euroliga. Casi nada.<\/strong><\/p>\n<p class=\"v-p\">Seguramente nos hubiera tocado otro rival y no tener que enfrentarnos a Avenida, que est\u00e1 claro que va a ser muy complicado y que adem\u00e1s es otro equipo espa\u00f1ol. Pero el calendario es el que es y los cruces son esos y tenemos que afrontarlo con la mayor ambici\u00f3n posible. Avenida es un equipo muy duro que ha demostrado su nivel en la eliminatoria contra el Emlak Konut, un rival muy complicado con jugadoras de primer nivel. Y van a ser partidos muy diferentes porque en la Liga Femenina te vale con una victoria para la clasificaci\u00f3n, mientras que en el playoff de Eurocup es como un partido de 80 minutos en el que cada acci\u00f3n cuenta. Al final es baloncesto, pero no se enfocan de la misma manera.<\/p>\n<p class=\"v-p\"><strong>Seguimos viendo a un Baxi Ferrol de autor, a imagen de Lino L\u00f3pez, atrevido, alegre, intenso&#8230;<\/strong><\/p>\n<p class=\"v-p\">Intento sacar a las jugadoras el mayor rendimiento posible y buscarles el espacio en el que est\u00e9n m\u00e1s c\u00f3modas, pero hay aspectos del juego que para m\u00ed no son negociables: esfuerzo, dar el m\u00e1ximo, correr, jugar de una forma din\u00e1mica que sea atractiva para las jugadoras y el p\u00fablico&#8230; Te pueden ganar porque sean mejores, pero eso es lo que me gusta de mis equipos y creo que el aficionado de Ferrol lo valora. <\/p>\n<p class=\"v-p\"><strong>\u00bfC\u00f3mo est\u00e1 viendo al Perfumer\u00edas Avenida?<\/strong><\/p>\n<p class=\"v-p\">Es un equipo que ha sido capaz, despu\u00e9s de alg\u00fan bache o una derrota quiz\u00e1 contra pron\u00f3stico, de competir y verse como un equipo. Ahora est\u00e1n jugando a un nivel muy alto con muchas jugadoras que suman para el equipo y eso no es f\u00e1cil. No te puedes centrar en una porque todas pueden aportar.<\/p>\n<p class=\"v-p\"><strong>Cuando no juega Ferrol, \u00bfle gusta que gane Avenida?<\/strong><\/p>\n<p class=\"v-p\">Me gusta que ganen los amigos que tengo en los equipos, como es el caso de Avenida. All\u00ed hay gente a la que le tengo mucho cari\u00f1o y que me lo ha hecho pasar muy bien. Siempre que voy me siento bienvenido y me gusta que les vayan bien las cosas.<\/p>\n<p>Reporta un error<\/p>\n","protected":false},"excerpt":{"rendered":"S\u00e1bado, 20 de diciembre 2025, 18:48 Este domingo el Perfumer\u00edas Avenida recibe al Baxi Ferrol, en un nuevo&hellip;\n","protected":false},"author":2,"featured_media":298453,"comment_status":"","ping_status":"","sticky":false,"template":"","format":"standard","meta":{"footnotes":""},"categories":[269],"tags":[14092,299,298,14649,18841,168,25,24,260,9647,23,167,5123],"class_list":{"0":"post-298452","1":"post","2":"type-post","3":"status-publish","4":"format-standard","5":"has-post-thumbnail","7":"category-baloncesto","8":"tag-avenida","9":"tag-baloncesto","10":"tag-basketball","11":"tag-bien","12":"tag-carino","13":"tag-deportes","14":"tag-es","15":"tag-espana","16":"tag-gente","17":"tag-gusta","18":"tag-spain","19":"tag-sports","20":"tag-vaya"},"share_on_mastodon":{"url":"https:\/\/pubeurope.com\/@es\/115753723490783768","error":""},"_links":{"self":[{"href":"https:\/\/www.europesays.com\/es\/wp-json\/wp\/v2\/posts\/298452","targetHints":{"allow":["GET"]}}],"collection":[{"href":"https:\/\/www.europesays.com\/es\/wp-json\/wp\/v2\/posts"}],"about":[{"href":"https:\/\/www.europesays.com\/es\/wp-json\/wp\/v2\/types\/post"}],"author":[{"embeddable":true,"href":"https:\/\/www.europesays.com\/es\/wp-json\/wp\/v2\/users\/2"}],"replies":[{"embeddable":true,"href":"https:\/\/www.europesays.com\/es\/wp-json\/wp\/v2\/comments?post=298452"}],"version-history":[{"count":0,"href":"https:\/\/www.europesays.com\/es\/wp-json\/wp\/v2\/posts\/298452\/revisions"}],"wp:featuredmedia":[{"embeddable":true,"href":"https:\/\/www.europesays.com\/es\/wp-json\/wp\/v2\/media\/298453"}],"wp:attachment":[{"href":"https:\/\/www.europesays.com\/es\/wp-json\/wp\/v2\/media?parent=298452"}],"wp:term":[{"taxonomy":"category","embeddable":true,"href":"https:\/\/www.europesays.com\/es\/wp-json\/wp\/v2\/categories?post=298452"},{"taxonomy":"post_tag","embeddable":true,"href":"https:\/\/www.europesays.com\/es\/wp-json\/wp\/v2\/tags?post=298452"}],"curies":[{"name":"wp","href":"https:\/\/api.w.org\/{rel}","templated":true}]}}