{"id":298454,"date":"2025-12-20T20:13:13","date_gmt":"2025-12-20T20:13:13","guid":{"rendered":"https:\/\/www.europesays.com\/es\/298454\/"},"modified":"2025-12-20T20:13:13","modified_gmt":"2025-12-20T20:13:13","slug":"isak-puede-estar-lesionado-de-gravedad","status":"publish","type":"post","link":"https:\/\/www.europesays.com\/es\/298454\/","title":{"rendered":"Isak puede estar lesionado de gravedad"},"content":{"rendered":"<p class=\"ft-text\">La tensi\u00f3n entre <strong>Slot <\/strong>y <strong>Salah<\/strong> se apacigu\u00f3, al menos p\u00fablicamente, con la victoria ante el <strong>Brighton<\/strong>. El t\u00e9cnico del <strong>Liverpool <\/strong>levant\u00f3 el castigo al egipcio, que particip\u00f3 durante 65 minutos en <strong>Anfield <\/strong>y asisti\u00f3 a <strong>Ekitik\u00e9 <\/strong>en el 2-0. No obstante, la atenci\u00f3n estar\u00e1 puesta en su regreso tras la <strong>Copa<\/strong> <strong>\u00c1frica<\/strong>, que arranca este domingo en Marruecos. Ya sin el &#8216;Fara\u00f3n&#8217;, el <strong>Liverpool <\/strong>venci\u00f3 al <strong>Tottenham <\/strong>en un partido que se puso muy de cara con una torpe roja directa a <strong>Xavi Simons <\/strong>en el minuto 31, pero que tuvo un coste alt\u00edsimo: la posible grave lesi\u00f3n de <strong>Alexander<\/strong> <strong>Isak<\/strong>.<\/p>\n<p class=\"ft-text\">La temporada no est\u00e1 siendo f\u00e1cil para el conjunto ingl\u00e9s. Las dificultades deportivas generaron tensiones en el vestuario, que estallaron tras el empate ante el <strong>Leeds<\/strong>, a principios de diciembre. Por ello, y aunque el equipo ven\u00eda de dos victorias importantes (0-1 ante el Inter en la Champions League y 2-0 contra el Brighton en la Premier League), la visita al <strong>Tottenham <\/strong>se intu\u00eda complicada.<\/p>\n<p>Roja directa a Xavi Simons<\/p>\n<p class=\"ft-text\">Tras una media hora bastante igualada, con oportunidades para ambos equipos, <strong>Xavi Simons <\/strong>cometi\u00f3 una imprudencia que dej\u00f3 a los locales con un hombre menos. El neerland\u00e9s, en una entrada desmedida, pis\u00f3 muy arriba a <strong>Virgil van Dijk<\/strong> y vio la roja directa tras la revisi\u00f3n del <strong>VAR<\/strong>, en una acci\u00f3n en la que no hubo opci\u00f3n real de disputar el bal\u00f3n.<\/p>\n<p><img decoding=\"async\" src=\"https:\/\/www.europesays.com\/es\/wp-content\/uploads\/2025\/12\/21fa4997-2602-4e56-aad5-ecd8e32b923f_alta-libre-aspect-ratio_default_0.jpg\" width=\"1200\" height=\"800\" alt=\"Xavi Simons, expulsado contra el Liverpool\" class=\"ft-helper-img-rd\" loading=\"lazy\"\/><\/p>\n<p class=\"ft-helper-fontColor-quaternary ft-helper-fontSize-body-S ft-helper-spacer-t-xxs\">Xavi Simons, expulsado contra el Liverpool  \/ EFE<\/p>\n<p class=\"ft-text\">Pese a ello, el equipo de <strong>Thomas Frank <\/strong>resisti\u00f3 bien y, tras el descanso, incluso tuvo llegadas para adelantarse. Sin embargo, en el minuto 57, <strong>Alexander Isak <\/strong>rompi\u00f3 el empate con su segundo gol en liga. El sueco defini\u00f3 a la perfecci\u00f3n un pase de <strong>Wirtz<\/strong>, su primer pase de gol en <strong>Premier<\/strong>, pero <strong>Van de Ven<\/strong>, al intentar desviar el disparo, impact\u00f3 con su pierna izquierda y le oblig\u00f3 a retirarse del terreno de juego con claros signos de dolor en la rodilla.<\/p>\n<p><img decoding=\"async\" src=\"https:\/\/www.europesays.com\/es\/wp-content\/uploads\/2025\/12\/8ccab8f5-f28b-48a6-800e-6d5ad934f5d8_alta-libre-aspect-ratio_default_0.jpg\" width=\"1200\" height=\"735\" alt=\"Isak, gol y lesi\u00f3n contra el Tottenham\" class=\"ft-helper-img-rd\" loading=\"lazy\"\/><\/p>\n<p class=\"ft-helper-fontColor-quaternary ft-helper-fontSize-body-S ft-helper-spacer-t-xxs\">Isak, gol y lesi\u00f3n contra el Tottenham  \/ Premier League<\/p>\n<p class=\"ft-text\">El tanto no desanim\u00f3 al <strong>Tottenham<\/strong>, que estuvo cerca de empatar pocos minutos despu\u00e9s, pero el larguero repeli\u00f3 el disparo de <strong>Kolo Muani <\/strong>tras una gran carrera del franc\u00e9s. Y, como suele ocurrir, quien perdona lo acaba pagando: dos minutos m\u00e1s tarde, el <strong>Liverpool <\/strong>ampli\u00f3 la ventaja con un buen cabezazo bombeado de <strong>Ekitik\u00e9 <\/strong>para firmar el 2-0.<\/p>\n<p class=\"ft-text\">Ya en el tramo final, el <strong>Tottenham <\/strong>logr\u00f3 reabrir el encuentro a ocho minutos del final, cuando <strong>Richarlison <\/strong>aprovech\u00f3 un bal\u00f3n suelto en el \u00e1rea para marcar el 2-1. El brasile\u00f1o estuvo cerca de empatar con una incursi\u00f3n peligrosa. El estadio enloqueci\u00f3, el Liverpool sufri\u00f3, pero el marcador ya no se movi\u00f3 gracias al buen hacer de Alisson bajo palos. <strong>Los &#8216;spurs&#8217; terminaron desquiciados y con el &#8216;Cuti&#8217; Romero expulsado por doble amarilla.<\/strong><\/p>\n","protected":false},"excerpt":{"rendered":"La tensi\u00f3n entre Slot y Salah se apacigu\u00f3, al menos p\u00fablicamente, con la victoria ante el Brighton. El&hellip;\n","protected":false},"author":2,"featured_media":298455,"comment_status":"","ping_status":"","sticky":false,"template":"","format":"standard","meta":{"footnotes":""},"categories":[268],"tags":[168,70969,25,24,280,282,1233,70970,1238,1240,13603,18579,58292,281,23,167,21139,30955],"class_list":{"0":"post-298454","1":"post","2":"type-post","3":"status-publish","4":"format-standard","5":"has-post-thumbnail","7":"category-futbol","8":"tag-deportes","9":"tag-ekitikke","10":"tag-es","11":"tag-espana","12":"tag-football","13":"tag-futbol","14":"tag-isak","15":"tag-lesion-isak","16":"tag-liverpool","17":"tag-premier-league","18":"tag-romero","19":"tag-salah","20":"tag-slot","21":"tag-soccer","22":"tag-spain","23":"tag-sports","24":"tag-tottenham","25":"tag-xavi-simons"},"share_on_mastodon":{"url":"https:\/\/pubeurope.com\/@es\/115753727976606599","error":""},"_links":{"self":[{"href":"https:\/\/www.europesays.com\/es\/wp-json\/wp\/v2\/posts\/298454","targetHints":{"allow":["GET"]}}],"collection":[{"href":"https:\/\/www.europesays.com\/es\/wp-json\/wp\/v2\/posts"}],"about":[{"href":"https:\/\/www.europesays.com\/es\/wp-json\/wp\/v2\/types\/post"}],"author":[{"embeddable":true,"href":"https:\/\/www.europesays.com\/es\/wp-json\/wp\/v2\/users\/2"}],"replies":[{"embeddable":true,"href":"https:\/\/www.europesays.com\/es\/wp-json\/wp\/v2\/comments?post=298454"}],"version-history":[{"count":0,"href":"https:\/\/www.europesays.com\/es\/wp-json\/wp\/v2\/posts\/298454\/revisions"}],"wp:featuredmedia":[{"embeddable":true,"href":"https:\/\/www.europesays.com\/es\/wp-json\/wp\/v2\/media\/298455"}],"wp:attachment":[{"href":"https:\/\/www.europesays.com\/es\/wp-json\/wp\/v2\/media?parent=298454"}],"wp:term":[{"taxonomy":"category","embeddable":true,"href":"https:\/\/www.europesays.com\/es\/wp-json\/wp\/v2\/categories?post=298454"},{"taxonomy":"post_tag","embeddable":true,"href":"https:\/\/www.europesays.com\/es\/wp-json\/wp\/v2\/tags?post=298454"}],"curies":[{"name":"wp","href":"https:\/\/api.w.org\/{rel}","templated":true}]}}