{"id":298471,"date":"2025-12-20T20:24:15","date_gmt":"2025-12-20T20:24:15","guid":{"rendered":"https:\/\/www.europesays.com\/es\/298471\/"},"modified":"2025-12-20T20:24:15","modified_gmt":"2025-12-20T20:24:15","slug":"blizzard-ha-sufrido-un-cambio-radical-cinco-anos-despues-de-la-mayor-crisis-de-su-historia-la-compania-hace-una-gran-promesa-que-comenzara-a-cumplir-en-2026-world-of-warcraft","status":"publish","type":"post","link":"https:\/\/www.europesays.com\/es\/298471\/","title":{"rendered":"Blizzard ha sufrido un cambio radical. Cinco a\u00f1os despu\u00e9s de la mayor crisis de su historia, la compa\u00f1\u00eda hace una gran promesa que comenzar\u00e1 a cumplir en 2026 &#8211; World of Warcraft"},"content":{"rendered":"<p>Pocas compa\u00f1\u00edas han atravesado tantas turbulencias como <a href=\"https:\/\/www.3djuegos.com\/tag\/blizzard\" rel=\"nofollow noopener\" target=\"_blank\">Blizzard<\/a>. Durante los \u00faltimos cinco a\u00f1os la desarrolladora se ha enfrentado a acusaciones de acoso laboral, ha visto como uno de sus juegos estrella entraba en ca\u00edda libre, ha sido adquirida por Microsoft y ha ejecutado miles de despidos. Era una etapa de la que muchos pens\u00e1bamos que quiz\u00e1 no se recuperar\u00eda nunca. Sin embargo, <strong>la situaci\u00f3n al fin parece haber cambiado<\/strong>. De acuerdo con Johanna Fares, presidenta de la compa\u00f1\u00eda desde comienzos de 2024, la empresa est\u00e1 m\u00e1s que recuperada y sus mejores d\u00edas est\u00e1n por venir. Seg\u00fan ella, la situaci\u00f3n se demostrar\u00e1 a partir de 2026, momento a partir del cual veremos un <strong>ritmo constante de grandes lanzamientos<\/strong>.\u00a0<\/p>\n<p>Blizzard quiere volver m\u00e1s fuerte que nunca<\/p>\n<p>La declaraci\u00f3n de intenciones se llev\u00f3 a cabo en una <a rel=\"noopener, noreferrer nofollow\" href=\"https:\/\/www.bloomberg.com\/news\/newsletters\/2025-12-19\/blizzard-president-johanna-faries-on-culture-bonuses-and-releasing-more-games?accessToken=eyJhbGciOiJIUzI1NiIsInR5cCI6IkpXVCJ9.eyJzb3VyY2UiOiJTdWJzY3JpYmVyR2lmdGVkQXJ0aWNsZSIsImlhdCI6MTc2NjE2MjQ3OSwiZXhwIjoxNzY2NzY3Mjc5LCJhcnRpY2xlSWQiOiJUN0laRE5LSVAzSVcwMCIsImJjb25uZWN0SWQiOiJCMUVBQkI5NjQ2QUM0REZFQTJBRkI4MjI1MzgyQTJFQSJ9.7PH2l6DMRNpS5jB0Nt9hRRYiHWIUWP8iwZojErBf2xc\" target=\"_blank\">entrevista con Bloomberg<\/a> en la que, adem\u00e1s de dejar ver un <strong>cambio radical en la cultura de la compa\u00f1\u00eda<\/strong>, habl\u00f3 de cu\u00e1l era el estado de la misma en cuanto a proyectos. \u00abCreo que estamos en una posici\u00f3n en la que podemos pensar en ofrecer lanzamientos con una cadencia constante (&#8230;) Queremos asegurarnos de que cada a\u00f1o natural haya al menos uno o dos grandes lanzamientos de Blizzard. Si conseguimos configurar nuestra agenda en consecuencia, como creo que hemos hecho, podremos mantenernos en la cima aprovechando las oportunidades que nos brindan nuestras m\u00faltiples franquicias\u00bb, le dec\u00eda al periodista Jason Schreier.<\/p>\n<p>Sabemos que en 2026 est\u00e1 promesa se va a cumplir y bastante r\u00e1pido. Durante los primeros cuatro meses del a\u00f1o est\u00e1 previsto que se estrene <a class=\"text-outboundlink\" href=\"https:\/\/www.3djuegos.com\/juegos\/world-of-warcraft-midnight\/noticias\/blizzard-ha-tardado-eternidad-su-respuesta-a-fans-wow-espectacular-midnight-no-sera-solo-fantasia-para-fans-rpg\" data-vars-post-title=\"Nunca imagin\u00e9 que WoW se fuera a convertir en Los Sims, pero me encanta. M\u00e1s decepcionante es la edici\u00f3n coleccionista de Midnight\" data-vars-post-url=\"https:\/\/www.3djuegos.com\/juegos\/world-of-warcraft-midnight\/noticias\/blizzard-ha-tardado-eternidad-su-respuesta-a-fans-wow-espectacular-midnight-no-sera-solo-fantasia-para-fans-rpg\" rel=\"nofollow noopener\" target=\"_blank\">World of Warcraft: Midnight<\/a> (3 de marzo) y <a class=\"text-outboundlink\" href=\"https:\/\/www.3djuegos.com\/juegos\/diablo-4-lord-of-hatred\/noticias\/esto-sueno-para-cualquier-fan-fantasia-oscura-25-anos-despues-paladin-vuelve-a-diablo-su-trailer-presentacion-espectaculo\" data-vars-post-title=\"Esto es un sue\u00f1o para cualquier fan de la fantas\u00eda oscura. 25 a\u00f1os despu\u00e9s, el palad\u00edn vuelve a Diablo y su tr\u00e1iler de presentaci\u00f3n es un espect\u00e1culo\" data-vars-post-url=\"https:\/\/www.3djuegos.com\/juegos\/diablo-4-lord-of-hatred\/noticias\/esto-sueno-para-cualquier-fan-fantasia-oscura-25-anos-despues-paladin-vuelve-a-diablo-su-trailer-presentacion-espectaculo\" rel=\"nofollow noopener\" target=\"_blank\">Diablo 4: Lord of Hatred<\/a> (28 de abril). Adem\u00e1s, desde la desarrolladora parecen tener alguna sorpresa preparada con motivo del d\u00e9cimo aniversario de Overwatch 2 y han anunciado el <strong>regreso de la Blizzcon<\/strong> tras dos a\u00f1os sin celebrarla. Este evento ser\u00e1 precisamente una de las fechas claves en las que la compa\u00f1\u00eda tendr\u00e1 que hacer una demostraci\u00f3n de fuerza. \u00abLos fans est\u00e1n hambrientos. Quieren participar. Tambi\u00e9n quieren sentir confianza. Quieren que les demos una idea de lo que est\u00e1 por venir\u00bb, dec\u00eda la ejecutiva en la entrevista.<\/p>\n<p>                   <img class=\"centro_sinmarco\" height=\"1080\" width=\"1920\" loading=\"lazy\" decoding=\"async\"  fetchpriority=\"high\"  src=\"https:\/\/www.europesays.com\/es\/wp-content\/uploads\/2025\/12\/1766262254_97_450_1000.jpeg\" alt=\"Overwatch 2\"\/><\/p>\n<p>        Aunque muchos lo den por muerto, Overwatch 2 tiene un n\u00famero gigantesco de jugadores.<\/p>\n<p>Con respecto a las novedades que podemos esperar de la compa\u00f1\u00eda, hay dos noticias interesantes. La primera es que Blizzard quiere <strong>centrarse en las propiedades intelectuales ya existentes<\/strong>. \u00abEso no significa que no vaya a explorar nuevos lugares, pero por ahora nos sentaremos en los que a\u00fan tenemos en reserva\u00bb, dec\u00eda Fares. La segunda es que est\u00e1n intentando <strong>volver a dar el salto a la televisi\u00f3n o el cine<\/strong>: \u00abNo tengo nada espec\u00edfico que compartir por ahora, pero te dir\u00e9 que mantenemos conversaciones muy fruct\u00edferas [en relaci\u00f3n con adaptaciones] sobre pr\u00e1cticamente todas las propiedades intelectuales que tenemos en cartera\u00bb. Johanna explicaba que le gustar\u00eda ver algo cristalizado en este sentido durante sus primeros cinco a\u00f1os de mandato, es decir, no m\u00e1s tarde de 2029.<\/p>\n<p>    <a href=\"https:\/\/www.3djuegos.com\/juegos\/the-witcher-3-wild-hunt\/noticias\/cd-projekt-traiciono-libros-the-witcher-que-nadie-eso-the-witcher-3-unica-adaptacion-que-merece-pena\" class=\"pivot-outboundlink\" data-vars-post-title=\"CD Projekt traicion\u00f3 los libros de The Witcher m\u00e1s que nadie, y por eso The Witcher 3 es la \u00fanica adaptaci\u00f3n que merece la pena\" rel=\"nofollow noopener\" target=\"_blank\"><br \/>\n     <img loading=\"lazy\" decoding=\"async\" alt=\"CD Projekt traicion\u00f3 los libros de The Witcher m\u00e1s que nadie, y por eso The Witcher 3 es la \u00fanica adaptaci\u00f3n que merece la pena\" width=\"375\" height=\"142\" src=\"https:\/\/www.europesays.com\/es\/wp-content\/uploads\/2025\/12\/1766262255_661_375_142.jpeg\"\/><br \/>\n    <\/a><\/p>\n<p>Habr\u00e1 que ver si, ahora que ha encontrado la estabilidad, Blizzard es capaz de mantenerla. Para ello es importante que Microsoft decida no llevar a cabo m\u00e1s recortes y que los proyectos actualmente en desarrollo puedan salir adelante. La situaci\u00f3n actual de los juegos como servicio de la compa\u00f1\u00eda es tremendamente estable, con Diablo IV u Overwatch 2 manteniendo muy buenas cifras de usuarios y World of Warcraft en su posici\u00f3n de dominio habitual. <strong>Los n\u00fameros cuadran<\/strong>,<strong> <\/strong>dice Johanna. \u00abSolo comentar\u00e9 que creo que los mejores d\u00edas de la historia de Blizzard est\u00e1n delante de nosotros. Lo pienso honestamente, y no est\u00e1n muy lejos\u00bb, sentenciaba.<\/p>\n<p>En 3DJuegos | <a class=\"text-outboundlink\" href=\"https:\/\/www.3djuegos.com\/juegos\/viking-battle-for-asgard\/noticias\/cuesta-4-euros-fue-version-mundo-abierto-god-of-war-vikingo-1-000-soldados-batallas-masivas\" data-vars-post-title=\"Cuesta menos de 4 euros y fue la versi\u00f3n de mundo abierto del God of War vikingo, con 1.000 soldados en batallas masivas\" data-vars-post-url=\"https:\/\/www.3djuegos.com\/juegos\/viking-battle-for-asgard\/noticias\/cuesta-4-euros-fue-version-mundo-abierto-god-of-war-vikingo-1-000-soldados-batallas-masivas\" rel=\"nofollow noopener\" target=\"_blank\">Cuesta menos de 4 euros y fue la versi\u00f3n de mundo abierto del God of War vikingo, con 1.000 soldados en batallas masivas<\/a>.<\/p>\n<p>En 3DJuegos | <a class=\"text-outboundlink\" href=\"https:\/\/www.3djuegos.com\/3djuegos-trivia\/noticias\/llamo-a-su-hija-honor-a-personaje-genshin-impact-ahora-ha-descubierto-que-significa-realmente-nombre-1\" data-vars-post-title=\"Llam\u00f3 a su hija en honor a un personaje de Genshin Impact. Ahora ha descubierto lo que significa realmente el nombre \" data-vars-post-url=\"https:\/\/www.3djuegos.com\/3djuegos-trivia\/noticias\/llamo-a-su-hija-honor-a-personaje-genshin-impact-ahora-ha-descubierto-que-significa-realmente-nombre-1\" rel=\"nofollow noopener\" target=\"_blank\">Llam\u00f3 a su hija en honor a un personaje de Genshin Impact. Ahora ha descubierto lo que significa realmente el nombre<\/a>.<\/p>\n","protected":false},"excerpt":{"rendered":"Pocas compa\u00f1\u00edas han atravesado tantas turbulencias como Blizzard. Durante los \u00faltimos cinco a\u00f1os la desarrolladora se ha enfrentado&hellip;\n","protected":false},"author":2,"featured_media":298472,"comment_status":"","ping_status":"","sticky":false,"template":"","format":"standard","meta":{"footnotes":""},"categories":[81],"tags":[119,123,124,25,24,117,121,122,23,118,120],"class_list":{"0":"post-298471","1":"post","2":"type-post","3":"status-publish","4":"format-standard","5":"has-post-thumbnail","7":"category-ciencia-y-tecnologia","8":"tag-ciencia","9":"tag-ciencia-y-tecnologia","10":"tag-cienciaytecnologia","11":"tag-es","12":"tag-espana","13":"tag-science","14":"tag-science-and-technology","15":"tag-scienceandtechnology","16":"tag-spain","17":"tag-technology","18":"tag-tecnologia"},"share_on_mastodon":{"url":"https:\/\/pubeurope.com\/@es\/115753770583774862","error":""},"_links":{"self":[{"href":"https:\/\/www.europesays.com\/es\/wp-json\/wp\/v2\/posts\/298471","targetHints":{"allow":["GET"]}}],"collection":[{"href":"https:\/\/www.europesays.com\/es\/wp-json\/wp\/v2\/posts"}],"about":[{"href":"https:\/\/www.europesays.com\/es\/wp-json\/wp\/v2\/types\/post"}],"author":[{"embeddable":true,"href":"https:\/\/www.europesays.com\/es\/wp-json\/wp\/v2\/users\/2"}],"replies":[{"embeddable":true,"href":"https:\/\/www.europesays.com\/es\/wp-json\/wp\/v2\/comments?post=298471"}],"version-history":[{"count":0,"href":"https:\/\/www.europesays.com\/es\/wp-json\/wp\/v2\/posts\/298471\/revisions"}],"wp:featuredmedia":[{"embeddable":true,"href":"https:\/\/www.europesays.com\/es\/wp-json\/wp\/v2\/media\/298472"}],"wp:attachment":[{"href":"https:\/\/www.europesays.com\/es\/wp-json\/wp\/v2\/media?parent=298471"}],"wp:term":[{"taxonomy":"category","embeddable":true,"href":"https:\/\/www.europesays.com\/es\/wp-json\/wp\/v2\/categories?post=298471"},{"taxonomy":"post_tag","embeddable":true,"href":"https:\/\/www.europesays.com\/es\/wp-json\/wp\/v2\/tags?post=298471"}],"curies":[{"name":"wp","href":"https:\/\/api.w.org\/{rel}","templated":true}]}}