{"id":298473,"date":"2025-12-20T20:25:08","date_gmt":"2025-12-20T20:25:08","guid":{"rendered":"https:\/\/www.europesays.com\/es\/298473\/"},"modified":"2025-12-20T20:25:08","modified_gmt":"2025-12-20T20:25:08","slug":"los-trabajadores-de-mercadona-tendran-una-semana-mas-de-vacaciones-y-otra-paga-extra","status":"publish","type":"post","link":"https:\/\/www.europesays.com\/es\/298473\/","title":{"rendered":"Los trabajadores de Mercadona tendr\u00e1n una semana m\u00e1s de vacaciones y otra paga extra"},"content":{"rendered":"<p class=\"paragraph\"><b>Sorpresa de Navidad <\/b>para los <b>110.000 trabajadores de Mercadona<\/b>, que comenzar\u00e1n el a\u00f1o con una <b>mejora en sus condiciones laborales y salariales<\/b>. El Comit\u00e9 de Direcci\u00f3n de la empresa presidida por Juan Roig ha acordado <b>ampliar en una semana el periodo de vacaciones de sus empleados <\/b>y abonarles una<b> paga extra adicional en 2026<\/b> correspondiente a una mensualidad, seg\u00fan inform\u00f3 este viernes la compa\u00f1\u00eda en un comunicado. Con estas dos medidas, que tendr\u00e1n un<b> coste de 380 millones de euros,<\/b> la cadena de supermercados l\u00edder en Espa\u00f1a pretende \u00abcontinuar consolidando un modelo pionero en su sector en conciliaci\u00f3n laboral y familiar, con puestos de trabajo estables y de calidad\u00bb, que tan buenos resultados les est\u00e1 dando, seg\u00fan explica la firma. <\/p>\n<p class=\"paragraph\">A partir del a\u00f1o que viene, el per\u00edodo de vacaciones para todos los empleados tanto de Espa\u00f1a como de Portugal <b>pasa de 30 a 37 d\u00edas anuales<\/b>, una medida que se consolidar\u00e1 para el resto de ejercicios, con el objetivo de lograr un mayor compromiso por parte de la plantilla y un grado de satisfacci\u00f3n del 100%. \u00abCon la puesta en marcha de esta iniciativa, que supondr\u00e1 un coste de 100 millones de euros anual, el modelo propio de Recursos Humanos de la compa\u00f1\u00eda, basado en escuchar y dar respuesta a las necesidades de sus equipos, sigue evolucionando\u00bb, se\u00f1ala la nota de prensa. <\/p>\n<p class=\"paragraph\"><b>SUBIDA SALARIAL DEL 8,5%\u00a0<\/b><\/p>\n<p class=\"paragraph\">Adem\u00e1s, Mercadona ha decidido, por segundo a\u00f1o consecutivo, repartir el pr\u00f3ximo mes de marzo una gratificaci\u00f3n extraordinaria de 280 millones de euros, correspondiente a una mensualidad, que se sumar\u00e1 a la retribuci\u00f3n variable, de una o dos mensualidades dependiendo de la antig\u00fcedad de cada trabajador. Y lo hace tras <b>haber incrementado en 2025 los salarios de la plantilla un 8,5%<\/b>. \u00abCon esta decisi\u00f3n, Mercadona<b> reconoce adem\u00e1s el esfuerzo individual y colectivo de su extraordinario equipo<\/b>, pilar fundamental para lograr a\u00f1o tras a\u00f1o unos magn\u00edficos resultados en productividad, eficiencia y gesti\u00f3n, clave para alcanzar las metas y objetivos marcados\u00bb, argumentan. <\/p>\n<p class=\"paragraph\">Mercadona da as\u00ed una vuelta de tuerca a su pol\u00edtica laboral que la colocan como <b>\u00abla mejor empresa de distribuci\u00f3n alimentaria para trabajar en Espa\u00f1a\u00bb<\/b>, a juicio de Financial Time. <\/p>\n","protected":false},"excerpt":{"rendered":"Sorpresa de Navidad para los 110.000 trabajadores de Mercadona, que comenzar\u00e1n el a\u00f1o con una mejora en sus&hellip;\n","protected":false},"author":2,"featured_media":298474,"comment_status":"","ping_status":"","sticky":false,"template":"","format":"standard","meta":{"footnotes":""},"categories":[80],"tags":[82,95,94,25,24,1179,4973,773,23,2892,4479],"class_list":{"0":"post-298473","1":"post","2":"type-post","3":"status-publish","4":"format-standard","5":"has-post-thumbnail","7":"category-economia","8":"tag-business","9":"tag-economia","10":"tag-economy","11":"tag-es","12":"tag-espana","13":"tag-mas","14":"tag-mercadona","15":"tag-semana","16":"tag-spain","17":"tag-tendran","18":"tag-trabajadores"},"share_on_mastodon":{"url":"https:\/\/pubeurope.com\/@es\/115753774392212907","error":""},"_links":{"self":[{"href":"https:\/\/www.europesays.com\/es\/wp-json\/wp\/v2\/posts\/298473","targetHints":{"allow":["GET"]}}],"collection":[{"href":"https:\/\/www.europesays.com\/es\/wp-json\/wp\/v2\/posts"}],"about":[{"href":"https:\/\/www.europesays.com\/es\/wp-json\/wp\/v2\/types\/post"}],"author":[{"embeddable":true,"href":"https:\/\/www.europesays.com\/es\/wp-json\/wp\/v2\/users\/2"}],"replies":[{"embeddable":true,"href":"https:\/\/www.europesays.com\/es\/wp-json\/wp\/v2\/comments?post=298473"}],"version-history":[{"count":0,"href":"https:\/\/www.europesays.com\/es\/wp-json\/wp\/v2\/posts\/298473\/revisions"}],"wp:featuredmedia":[{"embeddable":true,"href":"https:\/\/www.europesays.com\/es\/wp-json\/wp\/v2\/media\/298474"}],"wp:attachment":[{"href":"https:\/\/www.europesays.com\/es\/wp-json\/wp\/v2\/media?parent=298473"}],"wp:term":[{"taxonomy":"category","embeddable":true,"href":"https:\/\/www.europesays.com\/es\/wp-json\/wp\/v2\/categories?post=298473"},{"taxonomy":"post_tag","embeddable":true,"href":"https:\/\/www.europesays.com\/es\/wp-json\/wp\/v2\/tags?post=298473"}],"curies":[{"name":"wp","href":"https:\/\/api.w.org\/{rel}","templated":true}]}}