{"id":298479,"date":"2025-12-20T20:28:45","date_gmt":"2025-12-20T20:28:45","guid":{"rendered":"https:\/\/www.europesays.com\/es\/298479\/"},"modified":"2025-12-20T20:28:45","modified_gmt":"2025-12-20T20:28:45","slug":"inaki-lopez-habla-por-muchos-por-sus-contundentes-palabras-sobre-maria-guardiola-y-el-robo-de-los-votos-en-extremadura","status":"publish","type":"post","link":"https:\/\/www.europesays.com\/es\/298479\/","title":{"rendered":"I\u00f1aki L\u00f3pez habla por muchos por sus contundentes palabras sobre Mar\u00eda Guardiola y el robo de los votos en Extremadura"},"content":{"rendered":"<p>Todav\u00eda faltan dos d\u00edas para las elecciones de Extremadura y Mar\u00eda Guardiola sigue alimentando el miedo tras denunciar este jueves <b><a href=\"https:\/\/www.huffingtonpost.es\/politica\/el-pp-denuncia-robo-cajas-fuertes-votos-correo-extremadura-que-roben-democracia-f202512.html\" rel=\"nofollow noopener\" target=\"_blank\">un \u00abrobo\u00bb a la democracia<\/a><\/b> tras la sustracci\u00f3n en las oficinas de Correos de hasta tres localidades extreme\u00f1as. En una de las cajas fuertes que se llevaron los ladrones hab\u00eda 124 votos por correo para las propias elecciones auton\u00f3micas.<\/p>\n<p>La propia <a href=\"https:\/\/www.huffingtonpost.es\/politica\/la-guardia-civil-vincula-robos-correos-extremadura-delincuencia-comun-pp-agita-miedo-pucherazo-f202512.html\" rel=\"nofollow noopener\" target=\"_blank\">Guardia Civil <\/a>ha vinculado los robos con delincuentes comunes, seg\u00fan le han indicado fuentes a Efe, por lo que no lo relacionan a un intento de sustracci\u00f3n de votos. El PP de Extremadura pronunci\u00f3 que \u00ab<b>alguien quiere que los extreme\u00f1os no tengamos derecho a decidir\u00bb.<\/b><\/p>\n<p>\u00abQuieren elegir por nosotros y<b> robarnos nuestro futuro<\/b>, pero no lo vamos a permitir, votad masivamente, que las urnas se llenen de dignidad\u00bb, pronunciaba Guardiola, presidenta de Extremadura y candidata a la reelecci\u00f3n. Hasta el momento, la mayor\u00eda de personas afectadas han vuelto a votar.<\/p>\n<p>En M\u00e1s Vale Tarde se han hecho eco de la noticia y el periodista y presentador I\u00f1aki L\u00f3pez ha hablado por todos por sus contundentes palabras sobre el alarmismo de Guardiola y el PP de Extremadura.<\/p>\n<p>I\u00f1aki L\u00f3pez y su contundente reacci\u00f3n<\/p>\n<p>Durante la intervenci\u00f3n de los otros colaboradores, L\u00f3pez ha saltado pronunciando que \u00abentendemos que la se\u00f1ora Guardiola ante la primera se\u00f1al de alarma hiciera esas declaraciones un poco apresuradas\u00bb.<\/p>\n<p>Sin embargo, ha dejado muy claro que luego no tuvo m\u00e1s sentido ante los hechos ya esclarecidos: \u00abPero lo que no entiendo es que, despu\u00e9s de las declaraciones de la Guardia Civil, <b>alguien siga sobreactuando<\/b> y poniendo en duda uno de los sistemas electorales m\u00e1s fiables del mundo\u00bb.<\/p>\n<p>\u00abPor si hab\u00eda duda, Correos, esta ma\u00f1ana y a medio d\u00eda, ya aseguraba que de los 124 votos (sustra\u00eddos), <b>pr\u00e1cticamente el 90% ya se hab\u00edan vuelto a producir<\/b>\u00ab, ha concluido L\u00f3pez, que ha sido breve pero muy claro con toda esta pol\u00e9mica.<\/p>\n","protected":false},"excerpt":{"rendered":"Todav\u00eda faltan dos d\u00edas para las elecciones de Extremadura y Mar\u00eda Guardiola sigue alimentando el miedo tras denunciar&hellip;\n","protected":false},"author":2,"featured_media":298480,"comment_status":"","ping_status":"","sticky":false,"template":"","format":"standard","meta":{"footnotes":""},"categories":[5],"tags":[17,18,70955,25,24,13,14,11,18385,19,20,24986,9,10,15,16,23,12,21,22],"class_list":{"0":"post-298479","1":"post","2":"type-post","3":"status-publish","4":"format-standard","5":"has-post-thumbnail","7":"category-titulares","8":"tag-breaking-news","9":"tag-breakingnews","10":"tag-elecciones-extremadura","11":"tag-es","12":"tag-espana","13":"tag-featured-news","14":"tag-featurednews","15":"tag-headlines","16":"tag-inaki-lopez","17":"tag-latest-news","18":"tag-latestnews","19":"tag-maria-guardiola","20":"tag-news","21":"tag-noticias","22":"tag-noticias-destacadas","23":"tag-noticiasdestacadas","24":"tag-spain","25":"tag-titulares","26":"tag-ultimas-noticias","27":"tag-ultimasnoticias"},"share_on_mastodon":{"url":"https:\/\/pubeurope.com\/@es\/115753785971063589","error":""},"_links":{"self":[{"href":"https:\/\/www.europesays.com\/es\/wp-json\/wp\/v2\/posts\/298479","targetHints":{"allow":["GET"]}}],"collection":[{"href":"https:\/\/www.europesays.com\/es\/wp-json\/wp\/v2\/posts"}],"about":[{"href":"https:\/\/www.europesays.com\/es\/wp-json\/wp\/v2\/types\/post"}],"author":[{"embeddable":true,"href":"https:\/\/www.europesays.com\/es\/wp-json\/wp\/v2\/users\/2"}],"replies":[{"embeddable":true,"href":"https:\/\/www.europesays.com\/es\/wp-json\/wp\/v2\/comments?post=298479"}],"version-history":[{"count":0,"href":"https:\/\/www.europesays.com\/es\/wp-json\/wp\/v2\/posts\/298479\/revisions"}],"wp:featuredmedia":[{"embeddable":true,"href":"https:\/\/www.europesays.com\/es\/wp-json\/wp\/v2\/media\/298480"}],"wp:attachment":[{"href":"https:\/\/www.europesays.com\/es\/wp-json\/wp\/v2\/media?parent=298479"}],"wp:term":[{"taxonomy":"category","embeddable":true,"href":"https:\/\/www.europesays.com\/es\/wp-json\/wp\/v2\/categories?post=298479"},{"taxonomy":"post_tag","embeddable":true,"href":"https:\/\/www.europesays.com\/es\/wp-json\/wp\/v2\/tags?post=298479"}],"curies":[{"name":"wp","href":"https:\/\/api.w.org\/{rel}","templated":true}]}}