{"id":298483,"date":"2025-12-20T20:34:10","date_gmt":"2025-12-20T20:34:10","guid":{"rendered":"https:\/\/www.europesays.com\/es\/298483\/"},"modified":"2025-12-20T20:34:10","modified_gmt":"2025-12-20T20:34:10","slug":"oses-asegura-la-vuelta-a-costa-rica-en-palmares-con-una-victoria-decisiva-en-la-9a-etapa","status":"publish","type":"post","link":"https:\/\/www.europesays.com\/es\/298483\/","title":{"rendered":"Oses asegura la Vuelta a Costa Rica en Palmares con una victoria decisiva en la 9\u00aa etapa"},"content":{"rendered":"<p>&#13;<br \/>\n&#13;<\/p>\n<p><img loading=\"lazy\" decoding=\"async\" src=\"https:\/\/www.europesays.com\/es\/wp-content\/uploads\/2025\/12\/vuelta-costa-rica-et9-llegada-2025-fecoci-wh.jpg\" width=\"556\" height=\"418\" class=\"setborder\" alt=\"Oses asegura la Vuelta a Costa Rica en Palmares con una victoria decisiva en la 9\u00aa etapa\" title=\"Oses asegura la Vuelta a Costa Rica en Palmares con una victoria decisiva en la 9\u00aa etapa\"\/><br \/>\n&#13;<br \/>\n&#13;<br \/>\n&#13;<br \/>\n<a href=\"https:\/\/www.esciclismo.com\/actualidad\/esciclismo\/\" rel=\"nofollow noopener\" target=\"_blank\">EsCiclismo.com<\/a> \u00b7 <a href=\"https:\/\/www.esciclismo.com\/actualidad\/carretera\/\" rel=\"nofollow noopener\" target=\"_blank\">Competici\u00f3n Carretera<\/a>  \u00b7 20\/12\/2025<\/p>\n<p>La 59\u00aa edici\u00f3n de la Vuelta Ciclista Internacional a Costa Rica qued\u00f3 sentenciada este s\u00e1bado con una vibrante novena etapa disputada en Palmares, donde el vigente campe\u00f3n Luis Daniel Oses (7C Economy Hyundai) volvi\u00f3 a exhibir solidez, temple y ambici\u00f3n para imponerse al sprint a Alejandro Granados (Colono Bikestation K\u00f6lbi) tras 92,5 kil\u00f3metros de enorme exigencia monta\u00f1osa.<\/p>\n<p>&#13;<\/p>\n<p><b id=\"P1\"\/>Oses, l\u00edder de la clasificaci\u00f3n general desde la quinta etapa, afront\u00f3 una jornada corta pero muy selectiva, con m\u00e1s de 2.100 metros de desnivel acumulado y tres ascensiones puntuables que convirtieron el circuito de Palmares en un aut\u00e9ntico campo de batalla antes del desenlace final de la carrera.<\/p>\n<p>&#13;<br \/>\nMonta\u00f1a y selecci\u00f3n natural desde los primeros kil\u00f3metros&#13;<\/p>\n<p><b id=\"P2\"\/>Desde el banderazo de salida, con condiciones meteorol\u00f3gicas estables \u201426 grados de temperatura, humedad moderada y ausencia de viento\u2014, el pelot\u00f3n rod\u00f3 compacto hasta el primer puerto del d\u00eda, el Alto de Santiago, de tercera categor\u00eda, donde Luis Aguilar y Jymmi Santiago Montenegro coronaron en cabeza.<\/p>\n<p>&#13;<\/p>\n<p>La carrera se rompi\u00f3 definitivamente camino del Alto de El Aguacate, un exigente puerto de primera categor\u00eda con casi diez kil\u00f3metros al 8% de pendiente media. En sus rampas se form\u00f3 una escapada de enorme entidad con Gabriel Rojas, el l\u00edder Oses y el segundo clasificado de la general, Alejandro Granados. Rojas acabar\u00eda cediendo, quedando la cabeza de carrera reducida a un mano a mano entre los dos grandes protagonistas de la Vuelta.<\/p>\n<p>&#13;<\/p>\n<p><b id=\"P3\"\/>Tras coronar El Aguacate con Oses primero y Granados segundo, y con Montenegro ya proclamado vencedor matem\u00e1tico de la clasificaci\u00f3n de la monta\u00f1a, el pelot\u00f3n qued\u00f3 completamente fragmentado, confirmando el car\u00e1cter decisivo de la jornada.<\/p>\n<p>&#13;<br \/>\nAtaques, aver\u00eda y m\u00e1xima tensi\u00f3n antes del sprint&#13;<\/p>\n<p><b id=\"P4\"\/>A diez kil\u00f3metros de meta se produjeron nuevos reagrupamientos. Leandro Varela consigui\u00f3 enlazar con Oses y Granados, seguido poco despu\u00e9s por Rodolfo Villalobos y Alexander Gil, formando un grupo de cinco corredores que mantuvo el pulso hasta el \u00faltimo premio de monta\u00f1a de la presente edici\u00f3n, el Alto de Cima, tambi\u00e9n de primera categor\u00eda.<\/p>\n<p>&#13;<\/p>\n<p>En esta ascensi\u00f3n final, Granados pas\u00f3 primero, seguido de Oses, consolidando ambos su dominio antes del decisivo tramo final. El l\u00edder sufri\u00f3 incluso una aver\u00eda mec\u00e1nica que le oblig\u00f3 a cambiar de bicicleta, primero con la ayuda de su compa\u00f1ero Varela y posteriormente desde el coche del equipo, pero logr\u00f3 reincorporarse sin consecuencias.<\/p>\n<p>&#13;<\/p>\n<p><b id=\"P5\"\/>Ya en los \u00faltimos kil\u00f3metros, tras un descenso t\u00e9cnico y una breve subida previa a la l\u00ednea de meta, Oses y Granados se jugaron la victoria al sprint. Granados tom\u00f3 la \u00faltima curva en cabeza, pero Oses lanz\u00f3 un potente esfuerzo largo que le permiti\u00f3 imponerse por cent\u00edmetros en una llegada tan ajustada que precis\u00f3 de foto-finish.<\/p>\n<p>&#13;<br \/>\nOses, m\u00e1s l\u00edder antes del desenlace final&#13;<\/p>\n<p>Con este triunfo, Luis Daniel Oses sum\u00f3 su segunda victoria parcial en esta edici\u00f3n y reforz\u00f3 su liderato en la clasificaci\u00f3n general a falta \u00fanicamente del circuito final en La Aurora, una etapa llana de 99 kil\u00f3metros propicia para los velocistas y en la que, salvo imprevisto, el costarricense celebrar\u00e1 la revalidaci\u00f3n del t\u00edtulo conquistado en 2024.<\/p>\n<p>&#13;<\/p>\n<p>La <a href=\"https:\/\/www.esciclismo.com\/especiales\/vuelta-costa-rica\/\" rel=\"nofollow noopener\" target=\"_blank\">Vuelta a Costa Rica<\/a> bajar\u00e1 el tel\u00f3n este domingo con la d\u00e9cima y \u00faltima etapa, un circuito urbano en La Aurora que pondr\u00e1 el broche final a una edici\u00f3n marcada por la monta\u00f1a y el dominio del campe\u00f3n defensor.<\/p>\n<p>&#13;<\/p>\n<p><b>Clasificaciones de la Vuelta a Costa Rica 2025 &#8211; Etapa 9<\/b> [<a href=\"https:\/\/www.esciclismo.com\/actualidad\/carretera\/88990.html\" title=\"Clasificaciones de la Vuelta a Costa Rica 2025 - Etapa 9\" rel=\"nofollow noopener\" target=\"_blank\">Clasificaciones completas<\/a>]<\/p>\n<p>&#13;<\/p>\n<p><b>Clasificaci\u00f3n de la 9\u00aa etapa:<\/b><br \/>&#13;<br \/>\n1. Luis Daniel Oses (CRC\/7C Economy Hyundai) &#8211; 2:32:28<br \/>&#13;<br \/>\n2. Alejandro Granados (CRC\/Colono Bikestation K\u00f6lbi) &#8211; m.t.<br \/>&#13;<br \/>\n3. Rodolfo Villalobos (CRC\/Ciclo Caf\u00e9-Repuestos Mena) a 0:21<br \/>&#13;<br \/>\n4. Alexander Gil (COL\/Canel\u2019s-Java) a 1:10<br \/>&#13;<br \/>\n5. Leandro Varela (CRC\/7C Economy Hyundai) a 1:28<br \/>&#13;<br \/>\n6. Gabriel Rojas (CRC\/Manzat\u00e9 La Selva-Scott) a 2:01<br \/>&#13;<br \/>\n7. Luis Aguilar (CRC\/7C Economy Hyundai) a 2:36<br \/>&#13;<br \/>\n8. Kendall Fern\u00e1ndez (CRC\/Selecci\u00f3n Nacional Costa Rica) a 5:12<br \/>&#13;<br \/>\n9. Daniel Bonilla (CRC\/Colono Bikestation K\u00f6lbi) a 05:20<br \/>&#13;<br \/>\n10. Fredd Matute (HON\/Momentum Racing-GCS-Quici) a 6:14<\/p>\n<p>&#13;<\/p>\n<p><b>Clasificaci\u00f3n general tras la 9\u00aa etapa:<\/b><br \/>&#13;<br \/>\n1. Luis Daniel Oses (CRC\/7C Economy Hyundai) &#8211; 27:07:18<br \/>&#13;<br \/>\n2. Alejandro Granados (CRC\/Colono Bikestation K\u00f6lbi) a 1:33<br \/>&#13;<br \/>\n3. Luis Aguilar (CRC\/7C Economy Hyundai) a 4:31<br \/>&#13;<br \/>\n4. Richard Rolando Huera (ECU\/Movistar Best PC) a 8:47<br \/>&#13;<br \/>\n5. Leandro Varela (CRC\/7C Economy Hyundai) a 8:59<br \/>&#13;<br \/>\n6. Gabriel Rojas (CRC\/Manzat\u00e9 La Selva-Scott) a 9:07<br \/>&#13;<br \/>\n7. Alexander Gil (COL\/Canel\u2019s-Java) a 12:08<br \/>&#13;<br \/>\n8. Daniel Bonilla (CRC\/Colono Bikestation K\u00f6lbi) a 14:12<br \/>&#13;<br \/>\n9. Rodolfo Villalobos (CRC\/Ciclo Caf\u00e9-Repuestos Mena) a 14:17<br \/>&#13;<br \/>\n10. Gabriel Pacheco (CRC\/Manzat\u00e9 La Selva-Scott) a 16:27<\/p>\n<p>&#13;<br \/>\nPr\u00f3xima etapa, 10\u00aa (\u00faltima): La Aurora &#8211; La Aurora \/ 99 Km.&#13;<\/p>\n<p><img decoding=\"async\" src=\"https:\/\/www.europesays.com\/es\/wp-content\/uploads\/2025\/12\/vuelta-costa-rica-et10-perfil-g-2025-fecoci-wh.jpg\" alt=\"Vuelta a Costa Rica 2025 - Etapa 10\" title=\"Vuelta a Costa Rica 2025 - Etapa 10\" width=\"100%\" loading=\"lazy\"\/><\/p>\n<p>&#13;<br \/>\n&#13;<br \/>\n&#13;<br \/>\nEsCiclismo &#8211; Todos los derechos reservados. Est\u00e1 prohibido todo tipo de reproducci\u00f3n sin autorizaci\u00f3n expresa escrita.<br \/>&#13;<br \/>\n&#13;<\/p>\n","protected":false},"excerpt":{"rendered":"&#13; &#13; &#13; &#13; &#13; EsCiclismo.com \u00b7 Competici\u00f3n Carretera \u00b7 20\/12\/2025 La 59\u00aa edici\u00f3n de la Vuelta Ciclista&hellip;\n","protected":false},"author":2,"featured_media":298484,"comment_status":"","ping_status":"","sticky":false,"template":"","format":"standard","meta":{"footnotes":""},"categories":[273],"tags":[10114,5882,6577,5773,313,1757,8026,2828,312,2943,168,7368,3169,94,2197,25,24,314,14711,64701,30794,5805,61,1783,7820,18371,57739,41737,5584,68609,3397,29016,13852,23,167,3596,37644,43537,23052,24632,1357],"class_list":{"0":"post-298483","1":"post","2":"type-post","3":"status-publish","4":"format-standard","5":"has-post-thumbnail","7":"category-ciclismo","8":"tag-alejandro","9":"tag-ambicion","10":"tag-c","11":"tag-campeon","12":"tag-ciclismo","13":"tag-ciclista","14":"tag-colono","15":"tag-costa","16":"tag-cycling","17":"tag-daniel","18":"tag-deportes","19":"tag-disputada","20":"tag-donde","21":"tag-economy","22":"tag-edicion","23":"tag-es","24":"tag-espana","25":"tag-etapa","26":"tag-exhibir","27":"tag-granados","28":"tag-hyundai","29":"tag-imponerse","30":"tag-internacional","31":"tag-la","32":"tag-luis","33":"tag-novena","34":"tag-oses","35":"tag-palmares","36":"tag-quedo","37":"tag-rica","38":"tag-sabado","39":"tag-sentenciada","40":"tag-solidez","41":"tag-spain","42":"tag-sports","43":"tag-sprint","44":"tag-temple","45":"tag-vibrante","46":"tag-vigente","47":"tag-volvio","48":"tag-vuelta"},"share_on_mastodon":{"url":"https:\/\/pubeurope.com\/@es\/115753809752567389","error":""},"_links":{"self":[{"href":"https:\/\/www.europesays.com\/es\/wp-json\/wp\/v2\/posts\/298483","targetHints":{"allow":["GET"]}}],"collection":[{"href":"https:\/\/www.europesays.com\/es\/wp-json\/wp\/v2\/posts"}],"about":[{"href":"https:\/\/www.europesays.com\/es\/wp-json\/wp\/v2\/types\/post"}],"author":[{"embeddable":true,"href":"https:\/\/www.europesays.com\/es\/wp-json\/wp\/v2\/users\/2"}],"replies":[{"embeddable":true,"href":"https:\/\/www.europesays.com\/es\/wp-json\/wp\/v2\/comments?post=298483"}],"version-history":[{"count":0,"href":"https:\/\/www.europesays.com\/es\/wp-json\/wp\/v2\/posts\/298483\/revisions"}],"wp:featuredmedia":[{"embeddable":true,"href":"https:\/\/www.europesays.com\/es\/wp-json\/wp\/v2\/media\/298484"}],"wp:attachment":[{"href":"https:\/\/www.europesays.com\/es\/wp-json\/wp\/v2\/media?parent=298483"}],"wp:term":[{"taxonomy":"category","embeddable":true,"href":"https:\/\/www.europesays.com\/es\/wp-json\/wp\/v2\/categories?post=298483"},{"taxonomy":"post_tag","embeddable":true,"href":"https:\/\/www.europesays.com\/es\/wp-json\/wp\/v2\/tags?post=298483"}],"curies":[{"name":"wp","href":"https:\/\/api.w.org\/{rel}","templated":true}]}}