{"id":298520,"date":"2025-12-20T21:01:20","date_gmt":"2025-12-20T21:01:20","guid":{"rendered":"https:\/\/www.europesays.com\/es\/298520\/"},"modified":"2025-12-20T21:01:20","modified_gmt":"2025-12-20T21:01:20","slug":"por-que-penelope-cruz-se-ve-igual-o-mejor-que-hace-15-anos-un-medico-lo-explica","status":"publish","type":"post","link":"https:\/\/www.europesays.com\/es\/298520\/","title":{"rendered":"Por qu\u00e9 Pen\u00e9lope Cruz se ve igual (o mejor) que hace 15 a\u00f1os: un m\u00e9dico lo explica"},"content":{"rendered":"<p class=\"p1\">Pocas actrices representan tan bien la mezcla de belleza castiza y talento internacional como <a href=\"https:\/\/okdiario.com\/look\/actualidad\/penelope-cruz-nexo-union-reina-letizia-javier-calvo-2434300\" rel=\"nofollow noopener\" target=\"_blank\">Pen\u00e9lope Cruz<\/a>. Nacida en Alcobendas (Madrid), convirti\u00f3 su fotogenia y su fuerza interpretativa en una carrera mete\u00f3rica: desde sus primeros papeles en Espa\u00f1a, con apenas 18 a\u00f1os, hasta convertirse en<strong> la primera actriz espa\u00f1ola en ganar un \u00d3scar en 2009<\/strong> por su interpretaci\u00f3n en Vicky Cristina Barcelona y una de las artistas m\u00e1s influyentes del cine mundial. Hoy, con una trayectoria impecable, premios, contratos internacionales y recientemente la compra de un <a href=\"https:\/\/okdiario.com\/look\/actualidad\/antonio-banderas-instala-madrid-atico-lujo-quedadas-richard-gere-2218338\" rel=\"nofollow noopener\" target=\"_blank\">\u00e1tico de lujo<\/a> en la capital, concretamente en el barrio de Chamber\u00ed, en un edificio modernista completamente rehabilitado de unos 173 metros cuadrados adquirido por unos 2,5 millones de euros, ella demuestra que su \u00e9xito abarca tanto su carrera como sus decisiones personales y patrimoniales.<\/p>\n<p class=\"p1\">Tambi\u00e9n ha sabido <strong>invertir con inteligencia en su imagen<\/strong>, tal como hacen las grandes figuras del cine, donde el f\u00edsico se cuida con amor propio, profesionalidad y estrategia. Tiene<strong> 51 a\u00f1os<\/strong> y desde hace m\u00e1s de una d\u00e9cada es uno de los rostros m\u00e1s ic\u00f3nicos de <a href=\"https:\/\/okdiario.com\/look\/actualidad\/nicole-kidman-resurge-sus-cenizas-como-musa-chanel-acompanada-penelope-cruz-carlota-casiraghi-ursula-corbero-2396873\" rel=\"nofollow noopener\" target=\"_blank\">Chanel<\/a>, encarnando el esp\u00edritu de elegancia atemporal de la firma.<\/p>\n<p>\n<img decoding=\"async\" loading=\"lazy\" class=\"wp-image-2442249 size-full\" alt=\"Pen\u00e9lope Cruz en una escena de Volver (2006).\" width=\"1200\" height=\"675\"  src=\"https:\/\/www.europesays.com\/es\/wp-content\/uploads\/2025\/12\/placeholder.jpg\"  bad-src=\"https:\/\/www.europesays.com\/es\/wp-content\/uploads\/2025\/12\/placeholder.jpg\"\/><\/p>\n<p><img decoding=\"async\" loading=\"lazy\" class=\"wp-image-2442249 size-full\" src=\"https:\/\/www.europesays.com\/es\/wp-content\/uploads\/2025\/12\/volver-562867008-large.jpg\" alt=\"Pen\u00e9lope Cruz en una escena de Volver (2006).\" width=\"1200\" height=\"675\"  \/><\/p>\n<p> Pen\u00e9lope Cruz en una escena de Volver (2006). Filmaffinity\n<\/p>\n<p class=\"p1\">En Hollywood, igual que en Europa, la industria es exigente: las c\u00e1maras no perdonan el cansancio, el estr\u00e9s ni el paso del tiempo. Y Pen\u00e9lope ha logrado algo dif\u00edcil: mantenerse fiel a su esencia sin renunciar a verse radiante.<\/p>\n<p>\u00bfSe ha retocado Pen\u00e9lope Cruz? Un m\u00e9dico est\u00e9tico opina<\/p>\n<p class=\"p1\">Para comprender c\u00f3mo ha evolucionado su imagen, consultamos al doctor <strong>Rafael Fern\u00e1ndez<\/strong>, <strong>m\u00e9dico est\u00e9tico en Barcelona<\/strong>, conocido como Dr. Mand\u00edbula de Diamante, especializado en t\u00e9cnicas de rejuvenecimiento natural. Al comparar fotograf\u00edas entre 2010 y 2025, el doctor se\u00f1ala que la actriz mantiene una piel tersa, luminosa y firme, con contornos faciales bien definidos. En sus palabras: \u00absi comparamos las im\u00e1genes se puede observar que su tez mantiene una textura muy tersa y luminosa a lo largo de los a\u00f1os con ausencia de flacidez evidente y conservando definici\u00f3n en los contornos faciales, la zona de la <strong>mirada tambi\u00e9n parece m\u00e1s descansada<\/strong> sin hundimientos ni signos marcados de cansancio\u00bb.<\/p>\n<p>\n<img decoding=\"async\" loading=\"lazy\" class=\"wp-image-2442259 size-full\" alt=\"Pen\u00e9lope Cruz en una alfombra roja, con un look cl\u00e1sico. (Foto: Gtres)\" width=\"1200\" height=\"1536\"  src=\"https:\/\/www.europesays.com\/es\/wp-content\/uploads\/2025\/12\/placeholder.jpg\"  bad-src=\"https:\/\/www.europesays.com\/es\/wp-content\/uploads\/2025\/12\/placeholder.jpg\"\/><\/p>\n<p><img decoding=\"async\" loading=\"lazy\" class=\"wp-image-2442259 size-full\" src=\"https:\/\/www.europesays.com\/es\/wp-content\/uploads\/2025\/12\/unnamed-4.jpg\" alt=\"Pen\u00e9lope Cruz en una alfombra roja, con un look cl\u00e1sico. (Foto: Gtres)\" width=\"1200\" height=\"1536\"  \/><\/p>\n<p> Pen\u00e9lope Cruz en una alfombra roja, con un look cl\u00e1sico. (Foto: Gtres)\n<\/p>\n<p class=\"p1\">Seg\u00fan el especialista, esta calidad de piel se puede lograr con tratamientos no quir\u00fargicos. \u00c9l lo explica as\u00ed: \u00abpodr\u00eda estar usando tratamientos no quir\u00fargicos como<strong> rellenos de \u00e1cido hialur\u00f3nico<\/strong> de soporte en zonas clave para mantener vol\u00famenes sutiles y quiz\u00e1 combinados con <strong>bioestimuladores de col\u00e1geno<\/strong> lo que le ha permitido preservar la densidad y firmeza d\u00e9rmica sin un aspecto m\u00e1s artificial\u00bb. En otras palabras, ayuda a que la cara se mantenga firme porque recupera su soporte desde dentro, por eso no da la sensaci\u00f3n de que \u00abse cae\u00bb.<\/p>\n<p>\u00bfY la expresi\u00f3n? La toxina botul\u00ednica como herramienta natural<\/p>\n<p class=\"p1\">Sobre la posible utilizaci\u00f3n de <a href=\"https:\/\/okdiario.com\/look\/actualidad\/9-retoques-esteticos-que-han-cambiado-cara-ana-mena-explicados-uno-uno-2418105\" rel=\"nofollow noopener\" target=\"_blank\">neuromoduladores<\/a>, el doctor Fern\u00e1ndez destaca que,<strong> si Pen\u00e9lope los usa<\/strong>, lo hace con total moderaci\u00f3n. Sus palabras son claras: \u00abcreo que s\u00ed y de hecho la naturalidad de su expresividad apunta precisamente a un uso muy responsable, en el tercio superior del rostro la ausencia de arrugas profundas sumada a una mirada relajada\u00bb.<\/p>\n<p>\n<img decoding=\"async\" loading=\"lazy\" class=\"wp-image-2442263 size-full\" alt=\"Pen\u00e9lope Cruz en una ceremonia de premios, con un vestido claro. (Foto: Gtres)\" width=\"1200\" height=\"1652\"  src=\"https:\/\/www.europesays.com\/es\/wp-content\/uploads\/2025\/12\/placeholder.jpg\"  bad-src=\"https:\/\/www.europesays.com\/es\/wp-content\/uploads\/2025\/12\/placeholder.jpg\"\/><\/p>\n<p><img decoding=\"async\" loading=\"lazy\" class=\"wp-image-2442263 size-full\" src=\"https:\/\/www.europesays.com\/es\/wp-content\/uploads\/2025\/12\/unnamed-2.jpg\" alt=\"Pen\u00e9lope Cruz en una ceremonia de premios, con un vestido claro. (Foto: Gtres)\" width=\"1200\" height=\"1652\"  \/><\/p>\n<p> Pen\u00e9lope Cruz en una ceremonia de premios, con un vestido claro. (Foto: Gtres)\n<\/p>\n<p class=\"p1\">La <b>toxina botul\u00ednica<\/b> act\u00faa <strong>relajando ciertos m\u00fasculos<\/strong> que generan arrugas de expresi\u00f3n, como la frente, las patas de gallo o el entrecejo. Al impedir que se marquen tanto, la piel se ve m\u00e1s suave y menos tensa, pero si se aplica bien, permite mantener gestos, sonrisas y expresiones.\u00a0 Dicho de otro modo: el objetivo ya no es paralizar el rostro, sino conservar la <b>expresividad natural<\/b>, solo que con menos l\u00edneas visibles.<\/p>\n<p>\u00bfHa pasado por quir\u00f3fano? El doctor lo ve poco probable<\/p>\n<p class=\"p2\">En cuanto a intervenciones quir\u00fargicas, el doctor es contundente: \u00abdesde mi punto de vista <strong>no hay se\u00f1ales claras de cirug\u00eda menor<\/strong>, la forma de los p\u00e1rpados, la posici\u00f3n de las cejas y el \u00f3valo facial no muestran asimetr\u00edas dr\u00e1sticas ni cambios en la estructura haciendo poco probable una blefaroplastia reciente\u00bb.<\/p>\n<blockquote class=\"instagram-media\" style=\"background: #FFF; border: 0; border-radius: 3px; box-shadow: 0 0 1px 0 rgba(0,0,0,0.5),0 1px 10px 0 rgba(0,0,0,0.15); margin: 1px; max-width: 540px; min-width: 326px; padding: 0; width: calc(100% - 2px);\" data-instgrm-permalink=\"https:\/\/www.instagram.com\/reel\/DQANnLYAUD0\/?utm_source=ig_embed&amp;utm_campaign=loading\" data-instgrm-version=\"14\">\n<\/blockquote>\n<p class=\"p2\">Seg\u00fan \u00e9l, la mejora en firmeza y contornos puede lograrse igual mediante t\u00e9cnicas profundas pero no invasivas, como hilos tensores o rellenos hechos en planos m\u00e1s profundos, adem\u00e1s de la <strong>bioestimulaci\u00f3n<\/strong>.<\/p>\n<p class=\"p2\">Lo que m\u00e1s destaca, sin embargo, es la naturalidad del proceso. El doctor explica: \u00abpersonalmente apostar\u00eda por un mantenimiento constante y bien planificado, en las im\u00e1genes vemos que los cambios son graduales equilibrados y armoniosos, eso es muy t\u00edpico cuando se aplica una estrategia de rejuvenecimiento progresivo con tratamientos peri\u00f3dicos poco invasivos dando como resultado algo natural y arm\u00f3nico\u00bb.<\/p>\n<blockquote class=\"instagram-media\" style=\"background: #FFF; border: 0; border-radius: 3px; box-shadow: 0 0 1px 0 rgba(0,0,0,0.5),0 1px 10px 0 rgba(0,0,0,0.15); margin: 1px; max-width: 540px; min-width: 326px; padding: 0; width: calc(100% - 2px);\" data-instgrm-permalink=\"https:\/\/www.instagram.com\/p\/DAMCGfhojX1\/?utm_source=ig_embed&amp;utm_campaign=loading\" data-instgrm-version=\"14\">\n<\/blockquote>\n<p data-start=\"807\" data-end=\"1347\">Ese mantenimiento tambi\u00e9n suele abarcar salud dental y est\u00e9tica dental, especialmente en el cine. Muchas actrices recurren a carillas para corregir forma, color y simetr\u00eda, creando sonrisas m\u00e1s arm\u00f3nicas ante la c\u00e1mara sin perder su personalidad. En el caso de la mujer de<a href=\"https:\/\/okdiario.com\/look\/actualidad\/michael-rapaport-fulmina-javier-bardem-veta-quien-apoye-israel-tan-solo-pregunta-2387771\" rel=\"nofollow noopener\" target=\"_blank\"> Javier Bardem<\/a>, su <strong>dentadura destaca por su homogeneidad y buen estado<\/strong>, con dientes alineados, blancos y proporcionados, un tipo de acabado que suele lograrse mediante tratamientos como <strong>carillas de porcelana o composite,<\/strong> pensados para lograr un resultado natural y fotog\u00e9nico.<\/p>\n<p>\t\t\t\t\t\t\t<script async src=\"\/\/www.instagram.com\/embed.js\"><\/script><\/p>\n","protected":false},"excerpt":{"rendered":"Pocas actrices representan tan bien la mezcla de belleza castiza y talento internacional como Pen\u00e9lope Cruz. Nacida en&hellip;\n","protected":false},"author":2,"featured_media":298521,"comment_status":"","ping_status":"","sticky":false,"template":"","format":"standard","meta":{"footnotes":""},"categories":[174],"tags":[255,146,147,25,24,256,22111,23],"class_list":{"0":"post-298520","1":"post","2":"type-post","3":"status-publish","4":"format-standard","5":"has-post-thumbnail","7":"category-famosos","8":"tag-celebrities","9":"tag-entertainment","10":"tag-entretenimiento","11":"tag-es","12":"tag-espana","13":"tag-famosos","14":"tag-penelope-cruz","15":"tag-spain"},"share_on_mastodon":{"url":"https:\/\/pubeurope.com\/@es\/115753916317407467","error":""},"_links":{"self":[{"href":"https:\/\/www.europesays.com\/es\/wp-json\/wp\/v2\/posts\/298520","targetHints":{"allow":["GET"]}}],"collection":[{"href":"https:\/\/www.europesays.com\/es\/wp-json\/wp\/v2\/posts"}],"about":[{"href":"https:\/\/www.europesays.com\/es\/wp-json\/wp\/v2\/types\/post"}],"author":[{"embeddable":true,"href":"https:\/\/www.europesays.com\/es\/wp-json\/wp\/v2\/users\/2"}],"replies":[{"embeddable":true,"href":"https:\/\/www.europesays.com\/es\/wp-json\/wp\/v2\/comments?post=298520"}],"version-history":[{"count":0,"href":"https:\/\/www.europesays.com\/es\/wp-json\/wp\/v2\/posts\/298520\/revisions"}],"wp:featuredmedia":[{"embeddable":true,"href":"https:\/\/www.europesays.com\/es\/wp-json\/wp\/v2\/media\/298521"}],"wp:attachment":[{"href":"https:\/\/www.europesays.com\/es\/wp-json\/wp\/v2\/media?parent=298520"}],"wp:term":[{"taxonomy":"category","embeddable":true,"href":"https:\/\/www.europesays.com\/es\/wp-json\/wp\/v2\/categories?post=298520"},{"taxonomy":"post_tag","embeddable":true,"href":"https:\/\/www.europesays.com\/es\/wp-json\/wp\/v2\/tags?post=298520"}],"curies":[{"name":"wp","href":"https:\/\/api.w.org\/{rel}","templated":true}]}}