{"id":298526,"date":"2025-12-20T21:07:12","date_gmt":"2025-12-20T21:07:12","guid":{"rendered":"https:\/\/www.europesays.com\/es\/298526\/"},"modified":"2025-12-20T21:07:12","modified_gmt":"2025-12-20T21:07:12","slug":"en-directo-alaves-osasuna-el-correo","status":"publish","type":"post","link":"https:\/\/www.europesays.com\/es\/298526\/","title":{"rendered":"En directo, Alav\u00e9s-Osasuna &#8211; El Correo"},"content":{"rendered":"<ol>\n<li><a href=\"https:\/\/news.google.com\/rss\/articles\/CBMirgFBVV95cUxOaTZyeTJSLWZ2d0hsckJDS3hlbFFsZFMxcHpNYjBwVzkxUWFWNmN4UkVnTHFTMTdwSVVpVjhtTWhXcHppVVlLLWpjOTZuUDNJYll4WFgwUjdWclp6Y2RlbWpnZEJvZXFrOHp0VWxFQ2w4MXM5WDYwdW1aZVpBYUZ4YTFCdC1NS3hBSVZsdDlEdmFSMTdIRFlWNXZkYWtqT2w4NVNlZVowU1ZHV05iMEHSAbMBQVVfeXFMTkZ0ckpOWkM4QnBTZVJCNXI5TzQwbjRNTXh4VFJpR1FmdVB4S21XdGFVXzhzQ3cwUmFVZzExdVIyNFdZbk5hNnZhcEh4WmhKZHQwQkthWTBzcW1XRTFBZG1INGFTV1NZUmxjXy1TN29OR3FWS2p0T0M5aDViZ0d1Nnc5bE5NbWkwOVFBeWk0Y1JsclJ2VVVBNzlxVTVXNUhJMk41T0Exdkk5TDhVZFlpQ0gwbTQ?oc=5\" target=\"_blank\" rel=\"nofollow noopener\">En directo, Alav\u00e9s-Osasuna<\/a>&nbsp;&nbsp;El Correo<\/li>\n<li><a href=\"https:\/\/news.google.com\/rss\/articles\/CBMikgFBVV95cUxPSEVlbFp0Ujc4bF95bC1rV3ptOERFM0REU2JydG9YZk9haVV3ZXRKOV84Q3FfY2JTVlh3ajMzWG9ORzd1dWVxWkFQQ3ZKSWhlLWQ5b25uMWlwbVBuV1hKc2d1blpIZFJyeUJoc2ZHLXUxZmpHWHpBRU1TM3ZfVkNSZ2FMTGNnN0FiZGYzX1dITlVEd9IBpgFBVV95cUxOQ2dwZWwtY2ZqcUV4R0dHR3pLSDB6ZnZWdFI4ejlBV3V1SEJFakNxbjMtUTVEaDZ0dWxBdC1QbXFuU2hVTWc3X1BtM21uSjhHWlNFZ3FQcFQ0VmxVSmtiM3ZRQ0VzQ0NBaldZUVVMMUN2Ml9iX2ctVkdtY04yMjhhSy1XU0FleVhGaGJOY0M0TDdqd2NQZXhlSWZzUjREYV9KUDcwOEtR?oc=5\" target=\"_blank\" rel=\"nofollow noopener\">Aprobados y suspensos de Osasuna: Budimir est\u00e1 de vuelta<\/a>&nbsp;&nbsp;Diario AS<\/li>\n<li><a href=\"https:\/\/news.google.com\/rss\/articles\/CBMiygFBVV95cUxPdFprTUFSN1haQTJfNVlEVUVUUGJkbGZVbmVSaXgzaDR4dEI5TnFkSW5ReXNhVl9lSzRJWWl4YVhQRnF4N3pSNTVJR0taT042cFp1U0FCNmVyOWlGWkRYUERDTmRKcHQzT0tuVk42WU9uZ0JMZEFCeVBsSERoekRMbk00YXFnWUpzazFVcUlyRVU2bkxiRnc4N2o4ZnhFaDJSSXNkWDlPUFRVZEpyc0s3TDBDeHFOMENNamtKSW9oSWdhdmNLM09nSG1n?oc=5\" target=\"_blank\" rel=\"nofollow noopener\">As\u00ed est\u00e1 la clasificaci\u00f3n de LaLiga tras la victoria de Osasuna contra el Alav\u00e9s<\/a>&nbsp;&nbsp;Diario de Navarra<\/li>\n<li><a href=\"https:\/\/news.google.com\/rss\/articles\/CBMiwwFBVV95cUxPb0hiaEJkOGxLZHdvRnJGeEtNWUhkamUtR1Y1Z092dkZXUjlsaGZkdVVDVTlwczZqVXFEakRFeGVEdTA4Rmh0cjNpVmg3WWJWTW1RakZMc05oWnFZQ2ppMi1IOEJHdEdFbnRDM3pqclB6ZlJJd1M1RlBiTGVaeVpyMm9aQl9vM2ZIVXhhazZ2ckY2OGVXdFdobWJhNktOLU5LQ25OZnliNUgwTVhieWpKcUsyNWtpQXR4bUVkTkVhNG1kWGfSAcgBQVVfeXFMUFhvdkRSUTFaTlBveEU3SWl1b1lZYldTR2hudkpmM25DalhVSkttNUJJbDh3ZVVQZFZZbUVqZ1Y2NWVqQ2FYb2w0Sng2NnBwSy0xUmR2WFVSdDhwSkE0UGoycnNBZXJFSnl5dG8wa0hSYXhsNHlZNmJSdVQzbXAxQ2Q5ME9oRVVsSEFHNHYxME9ySXNiOTNwamtVa3lGOUdYR3VtYWRBLVBCbm5sY0xlR2VSTHRVb09pbUNJSkQwQm53Znk2UlVtWk4?oc=5\" target=\"_blank\" rel=\"nofollow noopener\">Fiesta en la grada para cerrar el a\u00f1o: las mejores im\u00e1genes de la afici\u00f3n en El Sadar<\/a>&nbsp;&nbsp;Navarra.com<\/li>\n<li><a href=\"https:\/\/news.google.com\/rss\/articles\/CBMiowFBVV95cUxObnMwd1c0Tm5iUlY3eE95cVljaFZVa3VHcS1aR0dCcXkwTURISmcxNS1rZTFsaFd1LWpRRExHc1FQS05BQWNSMWt3QVpBMTJrdGF3MkJ6QWFhZHBUdlJnWFJZTnJ1YXloTTFUcFJoNjZod3BNZjJadGJFVVpNb2JLS2p4dzR6OFJmemF2T0xDUGFxYWg3RmJETnhLMjZGdE9NT3NV0gGjAUFVX3lxTE96Wmp5ZG56aUNHUUloZkM0SEpCU04yRVhFYW1SN1pMNlFLZmxkdUlHWXJmVk9Xald1UUlTNWtiZ2ZidDR5MHdKNzQzV085RUNQcXFDMDRNZGZDOFpUOEFRZHQxdzZTeU9Xb0x2bUI2aVBjUE9YYjYxTEpleFNNWlRxTnNKdnZYMVM4akFMSkl3YkV3YXlGLTQxSGFWUVBuNE00Z3c?oc=5\" target=\"_blank\" rel=\"nofollow noopener\">Budimir arregla la Navidad de Osasuna<\/a>&nbsp;&nbsp;MARCA<\/li>\n<\/ol>\n","protected":false},"excerpt":{"rendered":"En directo, Alav\u00e9s-Osasuna&nbsp;&nbsp;El Correo Aprobados y suspensos de Osasuna: Budimir est\u00e1 de vuelta&nbsp;&nbsp;Diario AS As\u00ed est\u00e1 la clasificaci\u00f3n&hellip;\n","protected":false},"author":2,"featured_media":298527,"comment_status":"","ping_status":"","sticky":false,"template":"","format":"standard","meta":{"footnotes":""},"categories":[93],"tags":[1334,168,53271,25,24,17677,23,167],"class_list":{"0":"post-298526","1":"post","2":"type-post","3":"status-publish","4":"format-standard","5":"has-post-thumbnail","7":"category-deportes","8":"tag-alaves","9":"tag-deportes","10":"tag-directo-partidos-alaves","11":"tag-es","12":"tag-espana","13":"tag-liga-ea-sports","14":"tag-spain","15":"tag-sports"},"share_on_mastodon":{"url":"https:\/\/pubeurope.com\/@es\/115753939478236940","error":""},"_links":{"self":[{"href":"https:\/\/www.europesays.com\/es\/wp-json\/wp\/v2\/posts\/298526","targetHints":{"allow":["GET"]}}],"collection":[{"href":"https:\/\/www.europesays.com\/es\/wp-json\/wp\/v2\/posts"}],"about":[{"href":"https:\/\/www.europesays.com\/es\/wp-json\/wp\/v2\/types\/post"}],"author":[{"embeddable":true,"href":"https:\/\/www.europesays.com\/es\/wp-json\/wp\/v2\/users\/2"}],"replies":[{"embeddable":true,"href":"https:\/\/www.europesays.com\/es\/wp-json\/wp\/v2\/comments?post=298526"}],"version-history":[{"count":0,"href":"https:\/\/www.europesays.com\/es\/wp-json\/wp\/v2\/posts\/298526\/revisions"}],"wp:featuredmedia":[{"embeddable":true,"href":"https:\/\/www.europesays.com\/es\/wp-json\/wp\/v2\/media\/298527"}],"wp:attachment":[{"href":"https:\/\/www.europesays.com\/es\/wp-json\/wp\/v2\/media?parent=298526"}],"wp:term":[{"taxonomy":"category","embeddable":true,"href":"https:\/\/www.europesays.com\/es\/wp-json\/wp\/v2\/categories?post=298526"},{"taxonomy":"post_tag","embeddable":true,"href":"https:\/\/www.europesays.com\/es\/wp-json\/wp\/v2\/tags?post=298526"}],"curies":[{"name":"wp","href":"https:\/\/api.w.org\/{rel}","templated":true}]}}