{"id":298537,"date":"2025-12-20T21:15:30","date_gmt":"2025-12-20T21:15:30","guid":{"rendered":"https:\/\/www.europesays.com\/es\/298537\/"},"modified":"2025-12-20T21:15:30","modified_gmt":"2025-12-20T21:15:30","slug":"jornada-de-reflexion-de-los-candidatos","status":"publish","type":"post","link":"https:\/\/www.europesays.com\/es\/298537\/","title":{"rendered":"jornada de reflexi\u00f3n de los candidatos"},"content":{"rendered":"<p>Este s\u00e1bado es la <strong>jornada de reflexi\u00f3n <\/strong>previa a las <strong>elecciones en Extremadura<\/strong> este domingo. Los <strong>candidatos <\/strong>han aprovechado para disfrutar de un d\u00eda en el campo, de pasar tiempo con sus familias, encomendarse a la virgen y ver f\u00fatbol, ya que la campa\u00f1a termin\u00f3 este viernes y por ley no pueden pedir el voto a los ciudadanos.<\/p>\n<p>Despu\u00e9s de <strong>dos semanas de campa\u00f1a<\/strong> de cara a los comicios auton\u00f3micos, los primeros tanto anticipados como no coincidentes con elecciones locales, los cabezas de cartel de las formaciones pol\u00edticas se toman un respiro y dejan a un lado la pol\u00edtica. Todo ello con el objetivo de reponer fuerzas antes de las votaciones en una jornada electoral en la que, al igual que este s\u00e1bado, se prev\u00e9 que la lluvia se haga presente de forma d\u00e9bil a moderada en gran parte de la regi\u00f3n. <\/p>\n<p>El candidato del <strong>PSOE <\/strong>a la Presidencia de la Junta, <strong>Miguel \u00c1ngel Gallardo<\/strong>, ha pasado el d\u00eda en su localidad natal, en Villanueva de la Serena (Badajoz), donde ha estado<strong> recogiendo aceituna<\/strong> en una peque\u00f1a explotaci\u00f3n familiar junto con su familia. Seg\u00fan ha declarado, la recogida de estas aceitunas \u00abera una tarea que ten\u00eda pendiente\u00bb, ya que normalmente lo suele hacer durante el Puente de la Constituci\u00f3n, pero este a\u00f1o \u00abcon la campa\u00f1a electoral ha sido imposible poderlo hacer\u00bb. Tambi\u00e9n ha dicho que es \u00abuna forma de poder descansar\u00bb.<\/p>\n<p>La presidenta de la Junta y candidata del <strong>PP<\/strong> a la reelecci\u00f3n, <strong>Mar\u00eda Guardiola<\/strong>, ha comenzado la jornada de reflexi\u00f3n junto a su familia en el santuario de la<strong> Virgen de la Monta\u00f1a <\/strong>de la capital cacere\u00f1a, que seg\u00fan se\u00f1ala su partido, \u00absignifica mucho para ella\u00bb. All\u00ed, ha dejado una ofrenda floral, y se ha trasladado despu\u00e9s a disfrutar de una<strong> comida con amigos en C\u00e1ceres<\/strong>, donde pasar\u00e1 el resto de la jornada. <\/p>\n<p>Por su parte, el candidato de <strong>Vox \u00d3scar Fern\u00e1ndez Calle<\/strong> acude a los<strong> campos de f\u00fatbol de Pinilla<\/strong>, en la capital cacere\u00f1a, junto con sus hijos, para ver un partido. \u00abHoy toca descansar\u00bb despu\u00e9s de una \u00abintens\u00edsima campa\u00f1a\u00bb en la que han \u00abrecorrido toda Extremadura\u00bb y han \u00abrecibido el cari\u00f1o de miles de extreme\u00f1os\u00bb, ha relatado el candidato. <\/p>\n<p>Y por \u00faltimo, la candidata de <strong>Unidas por Extremadura Irene de Miguel,<\/strong> est\u00e1 pasando un d\u00eda en el campo con familia y amigos y paella para almorzar y juegos de mesa para amenizar la jornada.<\/p>\n","protected":false},"excerpt":{"rendered":"Este s\u00e1bado es la jornada de reflexi\u00f3n previa a las elecciones en Extremadura este domingo. Los candidatos han&hellip;\n","protected":false},"author":2,"featured_media":298538,"comment_status":"","ping_status":"","sticky":false,"template":"","format":"standard","meta":{"footnotes":""},"categories":[8],"tags":[17,18,25,24,13,14,11,19,20,9,10,15,16,23,12,21,22],"class_list":{"0":"post-298537","1":"post","2":"type-post","3":"status-publish","4":"format-standard","5":"has-post-thumbnail","7":"category-espana","8":"tag-breaking-news","9":"tag-breakingnews","10":"tag-es","11":"tag-espana","12":"tag-featured-news","13":"tag-featurednews","14":"tag-headlines","15":"tag-latest-news","16":"tag-latestnews","17":"tag-news","18":"tag-noticias","19":"tag-noticias-destacadas","20":"tag-noticiasdestacadas","21":"tag-spain","22":"tag-titulares","23":"tag-ultimas-noticias","24":"tag-ultimasnoticias"},"share_on_mastodon":{"url":"https:\/\/pubeurope.com\/@es\/115753970959340061","error":""},"_links":{"self":[{"href":"https:\/\/www.europesays.com\/es\/wp-json\/wp\/v2\/posts\/298537","targetHints":{"allow":["GET"]}}],"collection":[{"href":"https:\/\/www.europesays.com\/es\/wp-json\/wp\/v2\/posts"}],"about":[{"href":"https:\/\/www.europesays.com\/es\/wp-json\/wp\/v2\/types\/post"}],"author":[{"embeddable":true,"href":"https:\/\/www.europesays.com\/es\/wp-json\/wp\/v2\/users\/2"}],"replies":[{"embeddable":true,"href":"https:\/\/www.europesays.com\/es\/wp-json\/wp\/v2\/comments?post=298537"}],"version-history":[{"count":0,"href":"https:\/\/www.europesays.com\/es\/wp-json\/wp\/v2\/posts\/298537\/revisions"}],"wp:featuredmedia":[{"embeddable":true,"href":"https:\/\/www.europesays.com\/es\/wp-json\/wp\/v2\/media\/298538"}],"wp:attachment":[{"href":"https:\/\/www.europesays.com\/es\/wp-json\/wp\/v2\/media?parent=298537"}],"wp:term":[{"taxonomy":"category","embeddable":true,"href":"https:\/\/www.europesays.com\/es\/wp-json\/wp\/v2\/categories?post=298537"},{"taxonomy":"post_tag","embeddable":true,"href":"https:\/\/www.europesays.com\/es\/wp-json\/wp\/v2\/tags?post=298537"}],"curies":[{"name":"wp","href":"https:\/\/api.w.org\/{rel}","templated":true}]}}