{"id":298579,"date":"2025-12-20T21:54:09","date_gmt":"2025-12-20T21:54:09","guid":{"rendered":"https:\/\/www.europesays.com\/es\/298579\/"},"modified":"2025-12-20T21:54:09","modified_gmt":"2025-12-20T21:54:09","slug":"brand-new-day-finaliza-su-rodaje-tras-un-amable-y-generoso-liderazgo-de-tom-holland","status":"publish","type":"post","link":"https:\/\/www.europesays.com\/es\/298579\/","title":{"rendered":"Brand New Day finaliza su rodaje, tras un \u201camable y generoso liderazgo\u201d de Tom Holland"},"content":{"rendered":"<p class=\"c-paragraph\">Spider-Man: Brand New Day ha finalizado su rodaje en las \u00faltimas horas, despu\u00e9s de cinco meses de producci\u00f3n entre Escocia e Inglaterra, y su director <a href=\"https:\/\/www.hobbyconsolas.com\/noticias\/desvela-nuevo-traje-tom-holland-spider-man-brand-new-day-ahora-cuerpo-entero-1476220\" title=\"Se desvela nuevo traje de Tom Holland en Spider-Man: Brand New Day, \u00a1ahora de cuerpo entero!\" rel=\"nofollow noopener\" target=\"_blank\">Destin Cretton<\/a> se muestra entusiasmado ante su regreso al <b>UCM <\/b>tras <a href=\"https:\/\/www.hobbyconsolas.com\/reviews\/critica-shang-chi-leyenda-diez-anillos-nuevo-coctel-cultural-marvel-studios-920219\" title=\"Cr\u00edtica de Shang-Chi y la leyenda de los Diez Anillos - Acci\u00f3n de Marvel Studios, ya en Disney Plus\" rel=\"nofollow noopener\" target=\"_blank\">Shang-Chi y la leyenda de los diez anillos<\/a>.<\/p>\n<p class=\"c-paragraph\">A trav\u00e9s de su cuenta oficial de Instagram, el director de<a href=\"https:\/\/www.hobbyconsolas.com\/hobbycine\/ha-vuelto-pasar-spider-man-brand-new-day-ve-filtrado-su-trailer-casi-vez-que-avengers-doomsday_6911514_0.html\" title=\"Ha vuelto a pasar: Spider-Man: Brand New Day ve filtrado su tr\u00e1iler casi a la vez que el de Avengers: Doomsday\" rel=\"nofollow noopener\" target=\"_blank\"> Spider-Man: Brand New Day <\/a>ha compartido un par de im\u00e1genes celebrando el final de rodaje de la pel\u00edcula junto con unas palabras de agradecimiento.<\/p>\n<p class=\"c-paragraph\">En ellas, le da las gracias a todas las personas que estuvieron con \u00e9l en la que considera como \u201c<b>la pel\u00edcula m\u00e1s grande y m\u00e1s gratificante<\/b>\u201d de la que ha formado parte, incluyendo a su familia, pero tambi\u00e9n al equipo t\u00e9cnico y art\u00edstico de la cinta que le brindaron \u201cuna creatividad y artesan\u00eda inigualables\u201d a<b> Brand New Day<\/b>.<\/p>\n<p class=\"c-paragraph\">Aunque la menci\u00f3n especial se la llev\u00f3 el protagonista de la pel\u00edcula, <a href=\"https:\/\/www.hobbyconsolas.com\/hobbycine\/spider-man-brand-new-day-entra-una-posproduccion-contrarreloj-para-regreso-tom-holland-ucm_6908006_0.html\" title=\"Spider-Man: Brand New Day entra en una posproducci\u00f3n a contrarreloj para el regreso de Tom Holland al UCM\" rel=\"nofollow noopener\" target=\"_blank\">Tom Holland<\/a>, por su \u201camable y generoso liderazgo dentro y fuera de la pantalla\u201d, su \u201cimplacable \u00e9tica de trabajo\u201d, sus \u201c<b>intr\u00e9pidas interpretaciones<\/b>\u201d y por su \u201camistad\u201d.<\/p>\n<p>Spider-Man: Brand New Day se ha rodado como Spider-Man: Homecoming<\/p>\n<p class=\"c-paragraph\"><b>Spider-Man: Brand New Day<\/b> supone la cuarta entrega de la saga protagonizada por <b>Tom Holland<\/b>, en la que ser\u00e1 su \u00faltima aparici\u00f3n en pantalla como superh\u00e9roe de <b>Marvel<\/b>.<\/p>\n<p class=\"c-paragraph\">Para despedirse del personaje, el actor y el equipo han tenido la suerte de regresar a las localizaciones en exterior de las que les privaron en la anterior pel\u00edcula de la franquicia, <a href=\"https:\/\/www.hobbyconsolas.com\/reviews\/critica-spoilers-spider-man-no-way-home-gran-homenaje-mundo-aracnido-980483\" title=\"Cr\u00edtica sin spoilers de Spider-man No Way Home, un gran homenaje al mundo ar\u00e1cnido\" rel=\"nofollow noopener\" target=\"_blank\">Spider-Man: No Way Home<\/a> (2021), puesto que su rodaje se llev\u00f3 a cabo durante la pandemia del COVID-19 y tuvo que ser realizado en un estudio.<\/p>\n<p class=\"c-paragraph\">Ahora que ha terminado su producci\u00f3n, Spider-Man: Brand New Day entra de lleno en su fase de postproducci\u00f3n, de cara a su estreno en cines el pr\u00f3ximo<b> 31 de julio de 2026<\/b>. El p\u00fablico, al igual que <b>Destin Cretton<\/b>, tampoco puede esperar a ver este \u201cimpresionante trabajo en la gran pantalla\u201d.<\/p>\n","protected":false},"excerpt":{"rendered":"Spider-Man: Brand New Day ha finalizado su rodaje en las \u00faltimas horas, despu\u00e9s de cinco meses de producci\u00f3n&hellip;\n","protected":false},"author":2,"featured_media":298580,"comment_status":"","ping_status":"","sticky":false,"template":"","format":"standard","meta":{"footnotes":""},"categories":[169],"tags":[9624,177,9360,146,147,25,24,176,3773,175,5866,23,13696],"class_list":{"0":"post-298579","1":"post","2":"type-post","3":"status-publish","4":"format-standard","5":"has-post-thumbnail","7":"category-cine","8":"tag-brand","9":"tag-cine","10":"tag-day","11":"tag-entertainment","12":"tag-entretenimiento","13":"tag-es","14":"tag-espana","15":"tag-film","16":"tag-man","17":"tag-movies","18":"tag-new","19":"tag-spain","20":"tag-spider"},"share_on_mastodon":{"url":"https:\/\/pubeurope.com\/@es\/115754124261765424","error":""},"_links":{"self":[{"href":"https:\/\/www.europesays.com\/es\/wp-json\/wp\/v2\/posts\/298579","targetHints":{"allow":["GET"]}}],"collection":[{"href":"https:\/\/www.europesays.com\/es\/wp-json\/wp\/v2\/posts"}],"about":[{"href":"https:\/\/www.europesays.com\/es\/wp-json\/wp\/v2\/types\/post"}],"author":[{"embeddable":true,"href":"https:\/\/www.europesays.com\/es\/wp-json\/wp\/v2\/users\/2"}],"replies":[{"embeddable":true,"href":"https:\/\/www.europesays.com\/es\/wp-json\/wp\/v2\/comments?post=298579"}],"version-history":[{"count":0,"href":"https:\/\/www.europesays.com\/es\/wp-json\/wp\/v2\/posts\/298579\/revisions"}],"wp:featuredmedia":[{"embeddable":true,"href":"https:\/\/www.europesays.com\/es\/wp-json\/wp\/v2\/media\/298580"}],"wp:attachment":[{"href":"https:\/\/www.europesays.com\/es\/wp-json\/wp\/v2\/media?parent=298579"}],"wp:term":[{"taxonomy":"category","embeddable":true,"href":"https:\/\/www.europesays.com\/es\/wp-json\/wp\/v2\/categories?post=298579"},{"taxonomy":"post_tag","embeddable":true,"href":"https:\/\/www.europesays.com\/es\/wp-json\/wp\/v2\/tags?post=298579"}],"curies":[{"name":"wp","href":"https:\/\/api.w.org\/{rel}","templated":true}]}}